{"id":31638,"date":"2019-05-12T12:00:51","date_gmt":"2019-05-12T17:00:51","guid":{"rendered":"https:\/\/radiozapatista.org\/?p=31638"},"modified":"2019-05-12T12:00:51","modified_gmt":"2019-05-12T17:00:51","slug":"una-historia-de-fuerza-y-de-dignidad-que-rompe-con-el-estigma-de-la-prision","status":"publish","type":"post","link":"https:\/\/radiozapatista.org\/?p=31638","title":{"rendered":"[:es]Una historia de fuerza y de dignidad que rompe con el estigma de la prisi\u00f3n[:]"},"content":{"rendered":"<p>[:es]<\/p>\n<p style=\"text-align: center;\"><iframe loading=\"lazy\" width=\"560\" height=\"315\" src=\"https:\/\/www.youtube.com\/embed\/liCyorZ6bfk\" frameborder=\"0\" allow=\"accelerometer; autoplay; encrypted-media; gyroscope; picture-in-picture\" allowfullscreen><\/iframe><\/p>\n<p>La c\u00e1rcel no s\u00f3lo castiga a quien la habita, tambi\u00e9n dentro de su perverso mecanismo de dolor hay madres, esposas, hijas, hermanas que tienen que ver como toda la vida que conoci\u00e1n hasta ese momento cambia de manera dr\u00e1stica para luchar y acompa\u00f1ar la vida de un ser querido privado de libertad.<\/p>\n<p>\u00c9sta es la historia de la madre y la hermana de uno de los compa\u00f1eros que el 15 de marzo pasado decidi\u00f3 emprender una huelga de hambre, junto con 5 compa\u00f1eros m\u00e1s, en la lucha por su libertad. Es tambi\u00e9n la historia de su propia lucha desde fuera de los muros en contra de la injustica del encierro. Una historia de fuerza y de dignidad que rompe con el estigma de la prisi\u00f3n y con el papel de v\u00edctima que la sociedad espera para una mujer presa. O para las familiares, principalmente mujeres, de una persona presa.<\/p>\n<p>Fortaleza, coraje dignidad y valent\u00eda contra los grises muros de las prisiones.<\/p>\n<p>Comparte y difunde!<br \/>\n<a class=\"yt-simple-endpoint style-scope yt-formatted-string\" spellcheck=\"false\" href=\"https:\/\/www.youtube.com\/results?search_query=%23D%C3%ADaDeLasMadres\">#D\u00edaDeLasMadres<\/a> <a class=\"yt-simple-endpoint style-scope yt-formatted-string\" spellcheck=\"false\" href=\"https:\/\/www.youtube.com\/results?search_query=%23Chiapas\">#Chiapas<\/a> <a class=\"yt-simple-endpoint style-scope yt-formatted-string\" spellcheck=\"false\" href=\"https:\/\/www.youtube.com\/results?search_query=%23presos\">#presos<\/a> <a class=\"yt-simple-endpoint style-scope yt-formatted-string\" spellcheck=\"false\" href=\"https:\/\/www.youtube.com\/results?search_query=%23presosenlucha\">#presosenlucha<\/a><\/p>\n<p>Pagina: <a href=\"https:\/\/www.noestamostodxs.tk\/\" target=\"_blank\" rel=\"noopener\">www.noestamostodxs.tk<\/a><br \/>\nFacebook: <a href=\"https:\/\/www.facebook.com\/GTNoEstamosTodxs\" target=\"_blank\" rel=\"noopener\">www.facebook.com\/GTNoEstamosTodxs<\/a><br \/>\nTwitter: <a href=\"https:\/\/www.twitter.com\/NoEstamosTodxs\" target=\"_blank\" rel=\"noopener\">www.twitter.com\/NoEstamosTodxs<\/a>[:]<\/p>\n","protected":false},"excerpt":{"rendered":"<p>[:es] La c\u00e1rcel no s\u00f3lo castiga a quien la habita, tambi\u00e9n dentro de su perverso mecanismo de dolor hay madres, esposas, hijas, hermanas que tienen que ver como toda la vida que conoci\u00e1n hasta ese momento cambia de manera dr\u00e1stica para luchar y acompa\u00f1ar la vida de un ser querido privado de libertad. \u00c9sta es [&hellip;]<\/p>\n","protected":false},"author":1,"featured_media":31639,"comment_status":"open","ping_status":"closed","sticky":false,"template":"","format":"standard","meta":{"footnotes":""},"categories":[6,826,961,962,222],"tags":[41,948,927],"class_list":["post-31638","post","type-post","status-publish","format-standard","has-post-thumbnail","hentry","category-chiapas","category-medios-libres-2","category-mujeres","category-presos","category-video","tag-mujeres","tag-presos","tag-video"],"_links":{"self":[{"href":"https:\/\/radiozapatista.org\/index.php?rest_route=\/wp\/v2\/posts\/31638","targetHints":{"allow":["GET"]}}],"collection":[{"href":"https:\/\/radiozapatista.org\/index.php?rest_route=\/wp\/v2\/posts"}],"about":[{"href":"https:\/\/radiozapatista.org\/index.php?rest_route=\/wp\/v2\/types\/post"}],"author":[{"embeddable":true,"href":"https:\/\/radiozapatista.org\/index.php?rest_route=\/wp\/v2\/users\/1"}],"replies":[{"embeddable":true,"href":"https:\/\/radiozapatista.org\/index.php?rest_route=%2Fwp%2Fv2%2Fcomments&post=31638"}],"version-history":[{"count":1,"href":"https:\/\/radiozapatista.org\/index.php?rest_route=\/wp\/v2\/posts\/31638\/revisions"}],"predecessor-version":[{"id":31640,"href":"https:\/\/radiozapatista.org\/index.php?rest_route=\/wp\/v2\/posts\/31638\/revisions\/31640"}],"wp:featuredmedia":[{"embeddable":true,"href":"https:\/\/radiozapatista.org\/index.php?rest_route=\/wp\/v2\/media\/31639"}],"wp:attachment":[{"href":"https:\/\/radiozapatista.org\/index.php?rest_route=%2Fwp%2Fv2%2Fmedia&parent=31638"}],"wp:term":[{"taxonomy":"category","embeddable":true,"href":"https:\/\/radiozapatista.org\/index.php?rest_route=%2Fwp%2Fv2%2Fcategories&post=31638"},{"taxonomy":"post_tag","embeddable":true,"href":"https:\/\/radiozapatista.org\/index.php?rest_route=%2Fwp%2Fv2%2Ftags&post=31638"}],"curies":[{"name":"wp","href":"https:\/\/api.w.org\/{rel}","templated":true}]}}