{"id":31600,"date":"2019-05-09T09:42:05","date_gmt":"2019-05-09T14:42:05","guid":{"rendered":"https:\/\/radiozapatista.org\/?p=31600"},"modified":"2019-05-09T09:47:14","modified_gmt":"2019-05-09T14:47:14","slug":"a-casi-60-dias-del-inicio-de-la-huelga-de-hambre-en-los-penales-del-estado-de-chiapas-y-sin-respuestas-concretas-en-la-resolucion-del-conflicto","status":"publish","type":"post","link":"https:\/\/radiozapatista.org\/?p=31600","title":{"rendered":"[:es]A casi 60 d\u00edas del inicio de la huelga de hambre en los penales del estado de Chiapas y sin respuestas concretas en la resoluci\u00f3n del conflicto[:en]Amost 60 days after the beginning of the hunger strike in prisons of Chiapas, no concrete answers toward resolution[:]"},"content":{"rendered":"<p>[:es]<small>Fuente: <a href=\"http:\/\/noestamostodxs.tk\/a-casi-60-dias-del-inicio-de-la-huelga-de-hambre-en-los-penales-del-estado-de-chiapas-y-sin-respuestas-concretas-en-la-resolucion-del-conflicto\/?fbclid=IwAR3I2fnkf_4taWh4TaPqBntNg_k5FxWANsaXsnj7v-jUBTZdUmTQCELH1LQ\" rel=\"noopener\" target=\"_blank\">Grupo de Trabajo No Estamos Todxs<\/a><\/small><\/p>\n<p align=\"center\"><iframe loading=\"lazy\" width=\"560\" height=\"315\" src=\"https:\/\/www.youtube.com\/embed\/3p3ja1SYIpw\" frameborder=\"0\" allow=\"accelerometer; autoplay; encrypted-media; gyroscope; picture-in-picture\" allowfullscreen><\/iframe><\/p>\n<p>&nbsp;<\/p>\n<p style=\"text-align: right;\">San Crist\u00f3bal de las Casas, 6 de mayo de 2019<\/p>\n<h4><strong>Inicio de la huelga de hambre<\/strong><\/h4>\n<p>El pasado 15 de marzo del presente a\u00f1o, 6 compa\u00f1eros recluidos en diferentes penales del Estado de Chiapas anuncian el inicio de una huelga de hambre en exigencia de justicia y su libertad inmediata e incondicional.<\/p>\n<p>Sus nombres son: Adr\u00edan G\u00f3mez Jim\u00e9nez y Juan de la Cruz Ru\u00edz recluidos en el CERSS n\u00ba5 de San Crist\u00f3bal de las Casas pertenecientes a la organizaci\u00f3n La Voz de Ind\u00edgenas en Resistencia; Abraham L\u00f3pez Montejo y Germ\u00e1n L\u00f3pez Montejo recluidos en el CERSS n\u00ba 14 de Cintalapa de Figueroa pertenecientes a la organizaci\u00f3n La Voz Verdadera del Amate; Marcelino Ru\u00edz G\u00f3mez y Baldemar G\u00f3mez Hern\u00e1ndez recluidos en el CERSS n\u00ba 10 de Comit\u00e1n de Dom\u00ednguez pertenecientes a la organizaci\u00f3n Viniketik en Resistencia.<\/p>\n<p>En los d\u00edas posteriores a esta acci\u00f3n l\u00e9gitima de expresi\u00f3n de resistencia en la lucha por su libertad, otros compa\u00f1eros presos se sumaron a este acto declar\u00e1ndose presos en lucha. Es decir, apoyando, difundiendo y siendo parte activa de esta actuaci\u00f3n dentro de sus propios centros de internamiento. A alguos de ellos, debido a sus condiciones de salud o aislamiento, les era imposible realizar una acci\u00f3n tan extrema como esta, ya que eso supon\u00eda un grave riesgo a su vida e integridad en un muy breve periodo de tiempo.<\/p>\n<p>A los tres d\u00edas del inicio de la huelga de hambre, siete personas m\u00e1s recluidas en el CERSS n\u00ba5 de San Crist\u00f3bal de las Casas, pertenecientes a la organizaci\u00f3n Solidarios de la Voz del Amate, deciden emprender una huelga de hambre indefinida en solidaridad con la que iniciaron los 6 compa\u00f1eros anteriomente mencionados, y tambi\u00e9n con la exigencia de su libertad.<\/p>\n<p style=\"text-align: center;\"><a href=\"http:\/\/noestamostodxs.tk\/wp-content\/uploads\/2019\/05\/Familiares-1024x683.jpg\"><img loading=\"lazy\" decoding=\"async\" class=\"aligncenter size-medium\" src=\"http:\/\/noestamostodxs.tk\/wp-content\/uploads\/2019\/05\/Familiares-1024x683.jpg\" width=\"1024\" height=\"683\" \/><\/a><\/p>\n<h4><strong>Demandas impl\u00edcitas a la huelga de hambre<\/strong><\/h4>\n<p>Desde esa fecha ellos, sus familiares y amigxs, personas ex_presas y diferentes organizaciones sociales y de Derechos Humanos no han cesado en el desarrollo de actividades de difusi\u00f3n, acompa\u00f1amiento y denuncia, sum\u00e1ndose a las mismas exigencias de esta lucha por su libertad y por la libertad.<\/p>\n<p><!--more-->Tambi\u00e9n, dentro de esta acci\u00f3n de huelga de hambre, los compa\u00f1eros presos, con sus denuncias y comunicados, han convertido esta batalla contra el encierro en una denuncia constante de las duras y dif\u00edciles condiciones de vida que la poblaci\u00f3n reclusa en general tiene que enfrentar d\u00eda con d\u00eda dentro de los penales del Estado de Chiapas. La salud, el derecho al agua, la alimentaci\u00f3n, el sistema de impartici\u00f3n de justicia y judicial, entre otros, han sido ejes constantes dentro de sus palabras de denuncias p\u00fablicas.<\/p>\n<p>Los procesos jur\u00eddicos de estas personas est\u00e1n plagados de irregularidades y graves violaciones a sus derechos humanos. Detenciones arbitrarias sin \u00f3rdenes de aprehensi\u00f3n, vejaciones a la dignidad, fabricaci\u00f3n de delitos, declaraciones arrancadas bajo tortura, falta de traductor, p\u00e9rdida de expedientes, violaci\u00f3n del derecho a una defensa adecuada, dilaciones de hasta 14 a\u00f1os en la obtenci\u00f3n de sentencia, falta de presencia de la parte acusatoria, entre otras.<\/p>\n<p>Y esto s\u00f3lo ser\u00eda una parte de los duros relatos de horror e injusticia que se esconden detr\u00e1s de la realidad demoledora que han tenido que enfrentar los compa\u00f1eros presos desde el momento de su detenci\u00f3n, y que siguen enfrentando a d\u00eda de hoy. Familias rotas, historias de vida truncadas y graves afectaciones f\u00edsicas, psicol\u00f3gicas y emocionales dificilmente reparables a nivel individial y familiar. Horror que es en si mismo un disparate incapaz de romper la ma\u00f1ara entre v\u00edctimas y victimarios e incompetente para generar ning\u00fan proceso claro de justicia v\u00e1lida.<\/p>\n<h4><strong>Primer proceso de di\u00e1logo con el gobierno<\/strong><\/h4>\n<p>La digna lucha que se est\u00e1 realizando al interior de las prisones con este proceso de huelga de hambre y resistencia, y todas las acciones emprendidas desde el exterior por las familias y grupos de apoyo a nivel nacional e internacional, forzaron al Gobierno del Estado a abrir un proceso de di\u00e1logo para estudiar y dar soluci\u00f3n a las demandas de exigencia de libertad. Se realizaron 4 reuniones entre los d\u00edas 20 y 29 de marzo.<\/p>\n<p>Los ejes de inicio de este di\u00e1logo eran los siguientes:<\/p>\n<ul>\n<li><strong>La libertad de los presos- Revisi\u00f3n y estudio de los casos y expedientes.<\/strong><\/li>\n<li><strong>Mejoras en las condiciones de los huelguistas. (Acabar con el aislamiento, tratos degradantes, amanezas y coacciones)<\/strong><\/li>\n<li><strong>Investigaci\u00f3n y documentaci\u00f3n inmediata, eficaz y adecuada de los casos de denuncias de tortura.<\/strong><\/li>\n<\/ul>\n<p>Los familiares dan por finalizado este proceso de di\u00e1logo el 29 de marzo y realizan una rueda de prensa para comunicar su decisi\u00f3n. El argumento de ruptura de las familias est\u00e1 basado en la discriminaci\u00f3n que sintieron por parte de los interlocutores de gobierno y la falta de inter\u00e9s real de dar soluci\u00f3n a la exigencia de libertad.<\/p>\n<p>La propuesta por parte de esta mesa de trasladar, de nueva cuenta, la actuaci\u00f3n de la defensa a los abogados de oficio es regresar al labertinto de indefensi\u00f3n que los llev\u00f3 a tener que tomar una acci\u00f3n tan extrema de huelga de hambre para alcanzar justicia y libertad. Si hasta ahora no han sido capaces de hacer una defensa adecuada, aunque se le ha reclamado en todo momento, los compa\u00f1eros presos y las familias no tienen ning\u00fan tipo de confianza en que lo hagan, y que esto pueda ser una soluci\u00f3n a sus exigencias. Sino m\u00e1s bien sospechan que pueda ser lo contrario: una estrategia de desgaste, silencio, e invisibilidad.<\/p>\n<p>Ese mismo d\u00eda, a dos semanas del inicio de la huelga de hambre, los compa\u00f1eros presos en Comit\u00e1n se costuran la boca como acto simb\u00f3lico del silencio impuesto por el estado.<\/p>\n<p>18 d\u00edas hab\u00edan pasado desde el inicio de la huelga de hambre y la salud de los compa\u00f1eros huelguistas ya empezaba a sufrir un deterioro severo. En este tiempo de huelga tuvieron que enfrentar diferentes situaciones de agresiones, coacciones, aislamiento y amenazas. Y m\u00e1s all\u00e1 de todo esto, nada hab\u00eda en el horizonte cercano que se viera como un avance en la voluntad real de dar atenci\u00f3n y soluci\u00f3n a este conflicto.<\/p>\n<p>A partir de ese momento se hace la exigencia al Gobierno Estatal y Federal para que creara un espacio adecudado, con instancias competentes y con capacidad de decisi\u00f3n que pudiera atender de forma cabal las demandas de este proceso de lucha.<\/p>\n<h4><strong>Segundo proceso de di\u00e1logo y acto de fe<\/strong><\/h4>\n<p>El 10 de abril se inicia un nuevo proceso de di\u00e1logo con el Gobierno del Estado de Chiapas, en esta ocasi\u00f3n los funciorarios responsables de las decisiones finales y la interlocuci\u00f3n son el Secretario de Gobernaci\u00f3n Lic. Ismael Brito Mazariegos a nombre del Gobernador del Estado de Chiapas Lic. Rutilio Escand\u00f3n Cadenas y el Director de Derechos Humanos del Gobierno del Estado de Chiapas Dr. Francisco Fernando P\u00e9rez Robles. Tambi\u00e9n el Subsecretario de Gobierno en Chiapas Dr. Jorge Cruz Pineda.<\/p>\n<p>En esta interlocuci\u00f3n se asume el compromiso de dar una respuesta acorde a las demandas de la huelga de hambre y piden una muestra de buena voluntad para poder ejercer el trabajo de la revisi\u00f3n de expedientes sin \u201cpresi\u00f3n\u201d adicional por parte de los huelguistas.<\/p>\n<p>Ante esto, las personas presas en huelga de hambre deciden hacer un acto de confianza, o de fe, con este proceso de di\u00e1logo y resoluci\u00f3n. Y as\u00ed, dar ese tiempo al estado para la revisi\u00f3n de expedientes, dictar las sentencias faltantes, llevar los casos a la Mesa de Reconciliaci\u00f3n y avanzar en la investigaci\u00f3n en los casos de denuncia de tortura. Hasta ese momento son 20 compa\u00f1eros los que componen este proceso de lucha, y simbolicamente son 20 d\u00edas los que se dan a las personas responsables de esta mesa para dar una respuesta.<\/p>\n<p>Su decisi\u00f3n, es seguir con su lucha en los espacios en los que est\u00e1n realiazando su acci\u00f3n pol\u00edtica , e ingerir alimentos cada tercer d\u00eda. Estos alimentos ser\u00e1n los m\u00ednimos e indispensables para que su organismo tenga la capacidad de retornar a la huelga de hambre total en caso de que sus demandas no sean escuchadas.<\/p>\n<p>Este plazo finaliza el d\u00eda 13 de mayo y hasta el momento, m\u00e1s all\u00e1 de la propia gesti\u00f3n administrativa del conflicto, no ha habido ning\u00fan avance en las respuestas concretas. Aludiendo a la carga de trabajo, al periodo vacacional, a la dificultad de agenda y a problemas de comunicaci\u00f3n con otros agentes necesarios para los avances, han ido retardando los procesos y evitando dar respuestas concretas de la situaci\u00f3n real de la evoluci\u00f3n de los tr\u00e1mites para dar resoluci\u00f3n al conflicto.<\/p>\n<p>Durante este plazo todas las reuniones que se han realizado no han tenido una voluntad real de atender las demandas de libertad y justicia de los presos en lucha. Y m\u00e1s que un perido de resoluci\u00f3n ha sido un proceso de desgaste f\u00edsico, econ\u00f3mico y emocional para las familias y las personas presas. Ante esto, las personas presas, sus familiares, compa\u00f1erxs y amigxs ven con recelo y preocupaci\u00f3n la situaci\u00f3n a la que, de nueva cuenta, les est\u00e1 llevando este proceso de di\u00e1logo con el Estado.<\/p>\n<p style=\"text-align: center;\"><a href=\"http:\/\/noestamostodxs.tk\/wp-content\/uploads\/2019\/05\/17-de-abril-2019-D%C3%ADa-internacional-del-preso-en-lucha-1024x683.jpg\"><img loading=\"lazy\" decoding=\"async\" class=\"aligncenter size-medium\" src=\"http:\/\/noestamostodxs.tk\/wp-content\/uploads\/2019\/05\/17-de-abril-2019-D%C3%ADa-internacional-del-preso-en-lucha-1024x683.jpg\" width=\"1024\" height=\"683\" \/><\/a><\/p>\n<h4><strong>Situaci\u00f3n actual<\/strong><\/h4>\n<p>A casi 60 d\u00edas de haber empezado la huelga de hambre no hay respuesta a las demandas; no hay una revisi\u00f3n clara de los expedientes ,no s\u00f3lo desde una perspectiva jur\u00eddica, sino pol\u00edtica y de vulneraciones a sus derechos humanos. No hay una respuesta clara a la investigaci\u00f3n de la torura, los expedientes que necesitaban de su sentencia siguen sin ella y no se tiene conocimiento de que ning\u00fan caso est\u00e9 ya en la Mesa de Reconciliaci\u00f3n.<\/p>\n<p>El 2 de mayo se hace efectivo el traslado de los dos compa\u00f1eros desde el CERSS 14 El Amate, al CERSS 5 de San Crist\u00f3bal de las Casas. Ese traslado es un derecho de toda persona presa que no puede ser considerado como un avance en un di\u00e1logo de este nivel.<\/p>\n<p>Es decir, m\u00e1s all\u00e1 del desgaste no hay nada que haga pensar en una salida que no sea la de la acci\u00f3n extrema de huelga de hambre en exigencia de justicia y libertad. Todo apunta a que la integridad, la salud, la seguridad, la vida de estas personas, al igual que su libertad, no es algo que est\u00e9 en la agenda de los tiempos del gobierno. Los cambios, de los que tanto hacen alarde en sus discuros, parece que no coinciden con la realidad de sus actos y que la \u00fanica alternativa en la busqueda de la justicia es apostar la vida para tratar de conseguirla.<\/p>\n<p>No sabemos cual ser\u00e1 la respuesta de los compa\u00f1eros en lucha y en huelga de hambre ante otra falta de atenci\u00f3n a sus demandas. Sabemos, porque as\u00ed lo han comunicado que su intenci\u00f3n es retornar a la huelga de hambre total, pero tambi\u00e9n en sus comunicados hablan de acciones m\u00e1s contundentes. Sus familias manifiestan la preocupaci\u00f3n a que algo pueda llegar a pasarles y que esto tenga un desenlace m\u00e1s dram\u00e1tico. Pero tambi\u00e9n dicen que estar\u00e1n al lado de los compa\u00f1eros presos y que los acompa\u00f1ar\u00e1n en todas y cada una de sus acciones, y decisiones.<\/p>\n<hr \/>\n<h5><strong>Links de informaci\u00f3n y consulta:<\/strong><\/h5>\n<p>Presxs en lucha de Chiapas Inicia una huelga de hambre indefinida: <a href=\"http:\/\/noestamostodxs.tk\/campana\/presxs-en-lucha-de-chiapas-inicia-una-huelga-de-hambre-indefinida\/\" rel=\"noopener\" target=\"_blank\">http:\/\/noestamostodxs.tk\/campana\/presxs-en-lucha-de-chiapas-inicia-una-huelga-de-hambre-indefinida\/<\/a><\/p>\n<p>Audios de los compa\u00f1eros presos comunicando el inicio de la huelga de hambre: <a href=\"http:\/\/noestamostodxs.tk\/palabra-del-companero-adrian-gomez-jimenez-integrante-de-la-voz-de-indigenas-en-resistencia\/\" rel=\"noopener\" target=\"_blank\">http:\/\/noestamostodxs.tk\/palabra-del-companero-adrian-gomez-jimenez-integrante-de-la-voz-de-indigenas-en-resistencia\/<\/a><\/p>\n<p>Denuncia desde el CERSS n\u00ba14 el Amate: <a href=\"http:\/\/noestamostodxs.tk\/denuncia-de-los-companeros-german-y-abram-lopez-montejo\/\" rel=\"noopener\" target=\"_blank\">http:\/\/noestamostodxs.tk\/denuncia-de-los-companeros-german-y-abram-lopez-montejo\/<\/a><\/p>\n<p>Denuncia de las condiciones de salud desde el CERSS n\u00ba5 San Crist\u00f3bal: <a href=\"http:\/\/noestamostodxs.tk\/la-voz-de-indigenas-en-resistencia-denunciando-la-situacion-de-salud-en-el-cerss-5\/\" rel=\"noopener\" target=\"_blank\">http:\/\/noestamostodxs.tk\/la-voz-de-indigenas-en-resistencia-denunciando-la-situacion-de-salud-en-el-cerss-5\/<\/a><\/p>\n<p>Denuncia de falta de derecho al agua potable desde el CERSS n\u00ba5 San Crist\u00f3bal: <a href=\"http:\/\/noestamostodxs.tk\/el-derecho-al-acceso-al-agua-potable-es-que-se-ve-violado-constante-en-el-cerss-5\/\" rel=\"noopener\" target=\"_blank\">http:\/\/noestamostodxs.tk\/el-derecho-al-acceso-al-agua-potable-es-que-se-ve-violado-constante-en-el-cerss-5\/<\/a><\/p>\n<p>Denuncia de agresi\u00f3n desde el CERSS n\u00ba10 Comitan: <a href=\"http:\/\/noestamostodxs.tk\/denuncia-publica-de-la-organizacion-viniketik-en-resistencia-en-el-marco-de-la-huelga-de-hambre\/\" rel=\"noopener\" target=\"_blank\">http:\/\/noestamostodxs.tk\/denuncia-publica-de-la-organizacion-viniketik-en-resistencia-en-el-marco-de-la-huelga-de-hambre\/<\/a><\/p>\n<p>Actualizaci\u00f3n a una semana de la huelga de hambre: <a href=\"http:\/\/noestamostodxs.tk\/comunicado-a-7-dias-de-la-huelga-de-hambre-de-nuestros-companeros\/\" rel=\"noopener\" target=\"_blank\">http:\/\/noestamostodxs.tk\/comunicado-a-7-dias-de-la-huelga-de-hambre-de-nuestros-companeros\/<\/a><\/p>\n<p>Denuncia del sistema de impartici\u00f3n de justicia desde el CERSS n\u00ba5 San Crist\u00f3bal: <a href=\"http:\/\/noestamostodxs.tk\/denuncia-de-la-voz-de-indigenas-en-resistencia-contra-el-sistema-de-imparticion-de-justicia-y-peticion-de-la-destitucion-del-juez\/\" rel=\"noopener\" target=\"_blank\">http:\/\/noestamostodxs.tk\/denuncia-de-la-voz-de-indigenas-en-resistencia-contra-el-sistema-de-imparticion-de-justicia-y-peticion-de-la-destitucion-del-juez\/<\/a><\/p>\n<p>Denuncia contra la mala alimentaci\u00f3n desde el CERSS n\u00ba5 San Crist\u00f3bal: <a href=\"http:\/\/noestamostodxs.tk\/denuncia-de-la-voz-de-indigenas-en-resistencia-contra-la-mala-alimentacion-en-el-cerss-5\/\" rel=\"noopener\" target=\"_blank\">http:\/\/noestamostodxs.tk\/denuncia-de-la-voz-de-indigenas-en-resistencia-contra-la-mala-alimentacion-en-el-cerss-5\/<\/a><\/p>\n<p>Denuncia desde Denuncia desde el CERSS n\u00ba14 el Amate: <a href=\"http:\/\/noestamostodxs.tk\/denuncia-de-los-companeros-en-huelga-de-hambre-desde-el-cerss-14\/\" rel=\"noopener\" target=\"_blank\">http:\/\/noestamostodxs.tk\/denuncia-de-los-companeros-en-huelga-de-hambre-desde-el-cerss-14\/<\/a><\/p>\n<p>Compa\u00f1eros presos en Comitan se costuran la boca a dos semanas de la huelga de hambre: <a href=\"http:\/\/noestamostodxs.tk\/marcelino-y-baldemar-recluidos-en-el-cerss10-se-costuran-la-boca-en-exigencia-de-su-libertad\/\" rel=\"noopener\" target=\"_blank\">http:\/\/noestamostodxs.tk\/marcelino-y-baldemar-recluidos-en-el-cerss10-se-costuran-la-boca-en-exigencia-de-su-libertad\/<\/a><\/p>\n<p>Palabras de Juan y Adri\u00e1n, compa\u00f1eros presos en el Cerero 5, a 15 d\u00edas de la huelga de hambre: <a href=\"http:\/\/noestamostodxs.tk\/palabras-de-juan-y-adrian-companeros-presos-en-el-cerero-5-a-15-dias-de-la-huelga-de-hambre\/\" rel=\"noopener\" target=\"_blank\">http:\/\/noestamostodxs.tk\/palabras-de-juan-y-adrian-companeros-presos-en-el-cerero-5-a-15-dias-de-la-huelga-de-hambre\/<\/a><\/p>\n<p>Denuncia de los compa\u00f1eras en lucha de la Organizaci\u00f3n Viniketik en Resistencia por las agresiones y amenazas: <a href=\"http:\/\/noestamostodxs.tk\/denuncia-de-los-companeras-en-lucha-de-la-organizacion-viniketik-en-resistencia-por-las-agresiones-y-amenazas-contra-nuestros-companeros-en-huelga-de-hambre\/\" rel=\"noopener\" target=\"_blank\">http:\/\/noestamostodxs.tk\/denuncia-de-los-companeras-en-lucha-de-la-organizacion-viniketik-en-resistencia-por-las-agresiones-y-amenazas-contra-nuestros-companeros-en-huelga-de-hambre\/<\/a><\/p>\n<p>Palabra conjunta de familias, expresos y Grupo de Trabajo No Estamos Todxs a 18 d\u00edas del inicio de la huelga de hambre: <a href=\"http:\/\/noestamostodxs.tk\/palabra-conjunta-de-familias-expresos-y-grupo-de-trabajo-no-estamos-todxs\/\" rel=\"noopener\" target=\"_blank\">http:\/\/noestamostodxs.tk\/palabra-conjunta-de-familias-expresos-y-grupo-de-trabajo-no-estamos-todxs\/<\/a><\/p>\n<p>Riesgo grave a la salud de nuestros compa\u00f1eros en huelga de hambre en el CERSS#14: <a href=\"http:\/\/noestamostodxs.tk\/riesgo-grave-a-la-salud-de-nuestros-companeros-en-huelga-de-hambre-en-el-cerss14\/\" rel=\"noopener\" target=\"_blank\">http:\/\/noestamostodxs.tk\/riesgo-grave-a-la-salud-de-nuestros-companeros-en-huelga-de-hambre-en-el-cerss14\/<\/a><\/p>\n<p>Denuncia de la Voz de Ind\u00edgenas en Resistencia \u2013 CERSS#5: <a href=\"http:\/\/noestamostodxs.tk\/denuncia-de-la-voz-de-indigenas-en-resistencia-cerss5\/\" rel=\"noopener\" target=\"_blank\">http:\/\/noestamostodxs.tk\/denuncia-de-la-voz-de-indigenas-en-resistencia-cerss5\/<\/a><\/p>\n<p>Los presos en lucha recluidos en Comit\u00e1n piden al gobierno que escuche sus demandas. A 25 d\u00edas de huelga de hambre: <a href=\"http:\/\/noestamostodxs.tk\/comunicado-de-viniketik-en-resistencia-a-25-dias-de-la-huelga-de-hambre\/\" rel=\"noopener\" target=\"_blank\">http:\/\/noestamostodxs.tk\/comunicado-de-viniketik-en-resistencia-a-25-dias-de-la-huelga-de-hambre\/<\/a><\/p>\n<p>Palabras de la conferencia de prensa \u2013 Viernes 12 de Abril: <a href=\"http:\/\/noestamostodxs.tk\/palabras-de-la-conferencia-de-prensa\/\" rel=\"noopener\" target=\"_blank\">http:\/\/noestamostodxs.tk\/palabras-de-la-conferencia-de-prensa\/<\/a><\/p>\n<p>Comunicado a 30 d\u00edas del inicio de la huelga de hambre contra la injusticia: <a href=\"http:\/\/noestamostodxs.tk\/comunicado-a-30-dias-del-inicio-de-la-huelga-de-hambre-contra-la-injusticia\/\" rel=\"noopener\" target=\"_blank\">http:\/\/noestamostodxs.tk\/comunicado-a-30-dias-del-inicio-de-la-huelga-de-hambre-contra-la-injusticia\/<\/a><\/p>\n<p>Presos en lucha del CRSS 5 inician ayuno parcial por 20 d\u00edas en espera de respuesta por parte de Secretar\u00eda de Gobernaci\u00f3n: <a href=\"http:\/\/noestamostodxs.tk\/presos-en-lucha-del-crss-5-inician-ayuno-parcial-por-20-dias-en-espera-de-respuesta-por-parte-de-secretaria-de-gobernacion\/\" rel=\"noopener\" target=\"_blank\">http:\/\/noestamostodxs.tk\/presos-en-lucha-del-crss-5-inician-ayuno-parcial-por-20-dias-en-espera-de-respuesta-por-parte-de-secretaria-de-gobernacion\/<\/a><\/p>\n<p>Se descosen los labios e inician ayuno parcial presos en lucha del CRSS 10 frente a di\u00e1logos con la Mesa de Reconciliaci\u00f3n: <a href=\"http:\/\/noestamostodxs.tk\/se-descosen-los-labios-e-inician-ayuno-parcial-presos-en-lucha-del-crss-10-frente-a-dialogos-con-la-mesa-de-reconciliacion\/\" rel=\"noopener\" target=\"_blank\">http:\/\/noestamostodxs.tk\/se-descosen-los-labios-e-inician-ayuno-parcial-presos-en-lucha-del-crss-10-frente-a-dialogos-con-la-mesa-de-reconciliacion\/<\/a><\/p>\n<p>Presos en lucha del CRSS14 inician ayuno parcial como acto de fe frente a mesa de di\u00e1logo con Secretar\u00eda de Gobernaci\u00f3n: <a href=\"http:\/\/noestamostodxs.tk\/presos-en-lucha-del-crss14-inician-ayuno-parcial-como-acto-de-fe-frente-a-mesa-de-dialogo-con-secretaria-de-gobernacion\/\">http:\/\/noestamostodxs.tk\/presos-en-lucha-del-crss14-inician-ayuno-parcial-como-acto-de-fe-frente-a-mesa-de-dialogo-con-secretaria-de-gobernacion\/<\/a><\/p>\n<p>17\/04\/19 Actualizaci\u00f3n de la situaci\u00f3n de nuestros compa\u00f1eros presos en lucha: <a href=\"http:\/\/noestamostodxs.tk\/actualizacion-de-la-situacion-de-nuestros-companeros-presos-en-lucha\/\" rel=\"noopener\" target=\"_blank\">http:\/\/noestamostodxs.tk\/actualizacion-de-la-situacion-de-nuestros-companeros-presos-en-lucha\/<\/a><\/p>\n<p>De la Huelga de Hambre en los penales de Chiapas, al Comit\u00e9 de la ONU Contra la Tortura: <a href=\"http:\/\/noestamostodxs.tk\/de-la-huelga-de-hambre-en-los-penales-de-chiapas-al-comite-de-la-onu-contra-la-tortura\/\" rel=\"noopener\" target=\"_blank\">http:\/\/noestamostodxs.tk\/de-la-huelga-de-hambre-en-los-penales-de-chiapas-al-comite-de-la-onu-contra-la-tortura\/<\/a><\/p>\n<p>German y Abraham Lopez Montejo comunican su traslado al CERSS#5: <a href=\"http:\/\/noestamostodxs.tk\/german-y-abraham-lopez-montejo-comunican-su-traslado-al-cerss5\/\" rel=\"noopener\" target=\"_blank\">http:\/\/noestamostodxs.tk\/german-y-abraham-lopez-montejo-comunican-su-traslado-al-cerss5\/<\/a><br \/>\n[:]<\/p>\n","protected":false},"excerpt":{"rendered":"<p>[:es]Fuente: Grupo de Trabajo No Estamos Todxs &nbsp; San Crist\u00f3bal de las Casas, 6 de mayo de 2019 Inicio de la huelga de hambre El pasado 15 de marzo del presente a\u00f1o, 6 compa\u00f1eros recluidos en diferentes penales del Estado de Chiapas anuncian el inicio de una huelga de hambre en exigencia de justicia y [&hellip;]<\/p>\n","protected":false},"author":1,"featured_media":31602,"comment_status":"open","ping_status":"closed","sticky":false,"template":"","format":"standard","meta":{"footnotes":""},"categories":[6,962,222],"tags":[948],"class_list":["post-31600","post","type-post","status-publish","format-standard","has-post-thumbnail","hentry","category-chiapas","category-presos","category-video","tag-presos"],"_links":{"self":[{"href":"https:\/\/radiozapatista.org\/index.php?rest_route=\/wp\/v2\/posts\/31600","targetHints":{"allow":["GET"]}}],"collection":[{"href":"https:\/\/radiozapatista.org\/index.php?rest_route=\/wp\/v2\/posts"}],"about":[{"href":"https:\/\/radiozapatista.org\/index.php?rest_route=\/wp\/v2\/types\/post"}],"author":[{"embeddable":true,"href":"https:\/\/radiozapatista.org\/index.php?rest_route=\/wp\/v2\/users\/1"}],"replies":[{"embeddable":true,"href":"https:\/\/radiozapatista.org\/index.php?rest_route=%2Fwp%2Fv2%2Fcomments&post=31600"}],"version-history":[{"count":3,"href":"https:\/\/radiozapatista.org\/index.php?rest_route=\/wp\/v2\/posts\/31600\/revisions"}],"predecessor-version":[{"id":31605,"href":"https:\/\/radiozapatista.org\/index.php?rest_route=\/wp\/v2\/posts\/31600\/revisions\/31605"}],"wp:featuredmedia":[{"embeddable":true,"href":"https:\/\/radiozapatista.org\/index.php?rest_route=\/wp\/v2\/media\/31602"}],"wp:attachment":[{"href":"https:\/\/radiozapatista.org\/index.php?rest_route=%2Fwp%2Fv2%2Fmedia&parent=31600"}],"wp:term":[{"taxonomy":"category","embeddable":true,"href":"https:\/\/radiozapatista.org\/index.php?rest_route=%2Fwp%2Fv2%2Fcategories&post=31600"},{"taxonomy":"post_tag","embeddable":true,"href":"https:\/\/radiozapatista.org\/index.php?rest_route=%2Fwp%2Fv2%2Ftags&post=31600"}],"curies":[{"name":"wp","href":"https:\/\/api.w.org\/{rel}","templated":true}]}}