{"id":31517,"date":"2019-05-02T14:06:29","date_gmt":"2019-05-02T19:06:29","guid":{"rendered":"https:\/\/radiozapatista.org\/?p=31517"},"modified":"2019-05-02T14:08:07","modified_gmt":"2019-05-02T19:08:07","slug":"informe-monitoreo-de-derechos-humanos-del-exodo-centroamericano-en-el-sureste-mexicano-octubre-2018-febrero-2019","status":"publish","type":"post","link":"https:\/\/radiozapatista.org\/?p=31517","title":{"rendered":"INFORME: Monitoreo de derechos humanos del \u00c9xodo Centroamericano en el Sureste Mexicano, octubre 2018-febrero 2019."},"content":{"rendered":"<p><\/p>\n<table style=\"height: 205px;\" width=\"298\">\n<tbody>\n<tr>\n<td><img loading=\"lazy\" decoding=\"async\" class=\"alignnone size-full wp-image-31518\" src=\"https:\/\/radiozapatista.org\/wp-content\/uploads\/2019\/05\/PORTADA-InformeExodoMigr_sm.jpg\" alt=\"\" width=\"150\" height=\"193\" \/><\/td>\n<td><a href=\"http:\/\/vocesmesoamericanas.org\/wp-content\/uploads\/2019\/05\/InformeExodo_Final-web.pdf\" target=\"_blank\" rel=\"noopener\"><img loading=\"lazy\" decoding=\"async\" class=\"size-full wp-image-30830 aligncenter\" src=\"https:\/\/radiozapatista.org\/wp-content\/uploads\/2019\/03\/descarga-pdf.jpg\" alt=\"\" width=\"80\" height=\"80\" \/><\/a><\/p>\n<p style=\"text-align: center;\">Descarga<\/p>\n<p>&nbsp;<\/td>\n<\/tr>\n<\/tbody>\n<\/table>\n<p>El pasado 13 de octubre de 2018 sali\u00f3 de San Pedro Sula, Honduras, el primer grupo de la llamada \u201cCaravana de migrantes\u201d centroamericanos, conformado por m\u00e1s de 7,000 personas, desplazadas por el contexto de violencia y pobreza generalizadas en Centroam\u00e9rica. Este grupo estaba integrado por miles de personas con necesidades de protecci\u00f3n espec\u00edficas, entre ellas ni\u00f1as, ni\u00f1os, adolescentes, familias, mujeres embarazadas, adultos mayores, personas con discapacidades, periodistas, integrantes de la comunidad LGBTTI, v\u00edctimas de persecuci\u00f3n, sobrevivientes de violencia sexual y de g\u00e9nero, defensores y defensoras de derechos humanos. Posteriormente, durante octubre y noviembre, se sumaron otros grupos, complejizando las caracter\u00edsticas de este gran movimiento migratorio, y con ello, los retos para atender a sus necesidades, y defender y garantizar sus derechos humanos.<\/p>\n<p>Este fen\u00f3meno, tambi\u00e9n llamado \u201c\u00c9xodo\u201d, demuestra que la regi\u00f3n centroamericana se encuentra ante un nuevo paradigma migratorio. Frente a las pol\u00edticas de violencia, exclusi\u00f3n y despojo vigentes en los pa\u00edses de origen, las personas salieron de la \u201cclandestinidad\u201d para conformar un sujeto migrante colectivo, con voz propia, que decidi\u00f3 caminar en grupo para reducir los costos y los peligros a los que est\u00e1n usualmente expuestos en la ruta migratoria. Las causas sist\u00e9micas que motivan a las personas centroamericanas a partir de sus lugares de origen existen y persisten desde hace muchos a\u00f1os, pero la diferencia en la din\u00e1mica migratoria actual se ha dado por la coincidencia de diferentes perfiles sociales y en el n\u00famero de personas que se han ido movilizando contempor\u00e1neamente. La crisis social no es nueva en su centralidad como motor de esta migraci\u00f3n. El sistema mortal que la nutre la hace cada vez m\u00e1s virulenta e insoportable, y genera, como en esta ocasi\u00f3n un \u00c9xodo Centroamericano continuo y masivo.<\/p>\n<p><!--more-->El termino\u00a0\u00c9xodo, que significa \u201csalida\u201d en su origen griego,\u00a0se refiere com\u00fanmente a la huida masiva del pueblo hebraico, guiada por el profeta Mois\u00e9s, desde el antiguo Egipto hacia la Tierra prometida, narrada en el segundo libro de la Biblia. Muchos medios de comunicaci\u00f3n se han referido a esta noci\u00f3n para describir el actual desplazamiento en grupos masivos de los migrantes centroamericanos.<a href=\"http:\/\/vocesmesoamericanas.org\/noticias\/informe-monitoreo-derechos-humanos-del-exodo-centroamericano-en-sureste-mexicano-octubre-2018-febrero-2019\/#_ftnref2\" name=\"_ftn2\"><\/a><\/p>\n<blockquote><p>Las personas desplazadas forzadamente desde Centroam\u00e9rica salen y seguir\u00e1n saliendo de sus pa\u00edses de origen, mientras persistan un contexto social, pol\u00edtico y econ\u00f3mico de represi\u00f3n, corrupci\u00f3n, violencia, pobreza y despojo que les niega las oportunidades para sobrevivir y llevar una vida digna. Asimismo, seguir\u00e1n buscando diversas estrategias y rutas de tr\u00e1nsito por territorio mexicano, en tanto las medidas de contenci\u00f3n, falta de atenci\u00f3n humanitaria y condicionamiento a la detenci\u00f3n del anterior gobierno; y algunas acciones puntuales del nuevo gobierno bajo un enfoque de \u201cmigraci\u00f3n ordenada, segura y regular\u201d no han dado respuestas integrales a sus necesidades y garant\u00edas de respeto y protecci\u00f3n de sus derechos humanos.\n<\/p><\/blockquote>\n<p>&nbsp;<\/p>\n<table>\n<tbody>\n<tr>\n<td colspan=\"3\" width=\"642\"><strong><em>Indice.<\/em><\/strong><\/td>\n<\/tr>\n<tr>\n<td width=\"48\"><\/td>\n<td width=\"556\">Introducci\u00f3n.<\/td>\n<td width=\"38\"><\/td>\n<\/tr>\n<tr>\n<td width=\"48\"><\/td>\n<td width=\"556\">Metodolog\u00eda.<\/td>\n<td width=\"38\"><\/td>\n<\/tr>\n<tr>\n<td width=\"48\"><\/td>\n<td width=\"556\">Primera parte: el contexto.<\/td>\n<td width=\"38\"><\/td>\n<\/tr>\n<tr>\n<td width=\"48\">1.1.<\/td>\n<td width=\"556\">Reflexi\u00f3n conceptual sobre el \u00c9xodo Centroamericano.<\/td>\n<td width=\"38\"><\/td>\n<\/tr>\n<tr>\n<td width=\"48\">1.2.<\/td>\n<td width=\"556\">El \u00c9xodo Centroamericano a la luz del desplazamiento forzado.<\/td>\n<td width=\"38\"><\/td>\n<\/tr>\n<tr>\n<td width=\"48\">1.3.<\/td>\n<td width=\"556\">Territorios de tr\u00e1nsito y resistencias en el sureste mexicano.<\/td>\n<td width=\"38\"><\/td>\n<\/tr>\n<tr>\n<td width=\"48\">1.4.<\/td>\n<td width=\"556\">Cronolog\u00eda del \u00c9xodo Centroamericano durante octubre y noviembre 2018.<\/td>\n<td width=\"38\"><\/td>\n<\/tr>\n<tr>\n<td width=\"48\"><\/td>\n<td width=\"556\">Segunda parte: el monitoreo de DDHH.<\/td>\n<td width=\"38\"><\/td>\n<\/tr>\n<tr>\n<td width=\"48\">2.2.<\/td>\n<td width=\"556\">Violaciones de los Derechos Humanos.<\/td>\n<td width=\"38\"><\/td>\n<\/tr>\n<tr>\n<td width=\"48\">2.2.1.<\/td>\n<td width=\"556\">Denuncias por omisi\u00f3n.<\/td>\n<td width=\"38\"><\/td>\n<\/tr>\n<tr>\n<td width=\"48\">2.2.2.<\/td>\n<td width=\"556\">Denuncias por acciones represivas.<\/td>\n<td width=\"38\"><\/td>\n<\/tr>\n<tr>\n<td width=\"48\">2.1.3.<\/td>\n<td width=\"556\">Denuncias por discriminaci\u00f3n.<\/td>\n<td width=\"38\"><\/td>\n<\/tr>\n<tr>\n<td width=\"48\"><\/td>\n<td width=\"556\">Tercera parte: an\u00e1lisis.<\/td>\n<td width=\"38\"><\/td>\n<\/tr>\n<tr>\n<td width=\"48\">3.1.<\/td>\n<td width=\"556\">Enfoque de grupos de poblaci\u00f3n.<\/td>\n<td width=\"38\"><\/td>\n<\/tr>\n<tr>\n<td width=\"48\">3.2.<\/td>\n<td width=\"556\">Presencia y acci\u00f3n de actores e instituciones<\/td>\n<td width=\"38\"><\/td>\n<\/tr>\n<tr>\n<td width=\"48\">3.3.<\/td>\n<td width=\"556\">Din\u00e1micas pol\u00edticas entorno al \u00c9xodo Centroamericano.<\/td>\n<td width=\"38\"><\/td>\n<\/tr>\n<tr>\n<td width=\"48\">3.4.<\/td>\n<td width=\"556\">Retos e impactos emocionales para las y los observadores de DDHH.<\/td>\n<td width=\"38\"><\/td>\n<\/tr>\n<tr>\n<td width=\"48\"><\/td>\n<td width=\"556\">Cuarta parte: actualizaci\u00f3n sobre el segundo \u00c9xodo Centroamericano.<\/td>\n<td width=\"38\"><\/td>\n<\/tr>\n<tr>\n<td width=\"48\">4.1.<\/td>\n<td width=\"556\">El \u00c9xodo Centroamericano continua.<\/td>\n<td width=\"38\"><\/td>\n<\/tr>\n<tr>\n<td width=\"48\">4.2.<\/td>\n<td width=\"556\">El discurso de derechos humanos del Gobierno mexicano no se ha reflejado en la pol\u00edtica migratoria.<\/td>\n<td width=\"38\"><\/td>\n<\/tr>\n<tr>\n<td width=\"48\"><\/td>\n<td width=\"556\">Conclusiones.<\/td>\n<td width=\"38\"><\/td>\n<\/tr>\n<\/tbody>\n<\/table>\n<p>&nbsp;<\/p>\n<table style=\"height: 205px;\" width=\"298\">\n<tbody>\n<tr>\n<td><img loading=\"lazy\" decoding=\"async\" class=\"alignnone size-full wp-image-31518\" src=\"https:\/\/radiozapatista.org\/wp-content\/uploads\/2019\/05\/PORTADA-InformeExodoMigr_sm.jpg\" alt=\"\" width=\"150\" height=\"193\" \/><\/td>\n<td><a href=\"http:\/\/vocesmesoamericanas.org\/wp-content\/uploads\/2019\/05\/InformeExodo_Final-web.pdf\" target=\"_blank\" rel=\"noopener\"><img loading=\"lazy\" decoding=\"async\" class=\"size-full wp-image-30830 aligncenter\" src=\"https:\/\/radiozapatista.org\/wp-content\/uploads\/2019\/03\/descarga-pdf.jpg\" alt=\"\" width=\"80\" height=\"80\" \/><\/a><\/p>\n<p style=\"text-align: center;\">Descarga<\/p>\n<p>&nbsp;<\/td>\n<\/tr>\n<\/tbody>\n<\/table>\n<p><\/p>","protected":false},"excerpt":{"rendered":"<p>Descarga &nbsp; El pasado 13 de octubre de 2018 sali\u00f3 de San Pedro Sula, Honduras, el primer grupo de la llamada \u201cCaravana de migrantes\u201d centroamericanos, conformado por m\u00e1s de 7,000 personas, desplazadas por el contexto de violencia y pobreza generalizadas en Centroam\u00e9rica. Este grupo estaba integrado por miles de personas con necesidades de protecci\u00f3n espec\u00edficas, [&hellip;]<\/p>\n","protected":false},"author":1,"featured_media":31521,"comment_status":"open","ping_status":"closed","sticky":false,"template":"","format":"standard","meta":{"footnotes":""},"categories":[954,959],"tags":[1234,30],"class_list":["post-31517","post","type-post","status-publish","format-standard","has-post-thumbnail","hentry","category-mexico","category-migracion","tag-exodo-migrante","tag-migracion"],"_links":{"self":[{"href":"https:\/\/radiozapatista.org\/index.php?rest_route=\/wp\/v2\/posts\/31517","targetHints":{"allow":["GET"]}}],"collection":[{"href":"https:\/\/radiozapatista.org\/index.php?rest_route=\/wp\/v2\/posts"}],"about":[{"href":"https:\/\/radiozapatista.org\/index.php?rest_route=\/wp\/v2\/types\/post"}],"author":[{"embeddable":true,"href":"https:\/\/radiozapatista.org\/index.php?rest_route=\/wp\/v2\/users\/1"}],"replies":[{"embeddable":true,"href":"https:\/\/radiozapatista.org\/index.php?rest_route=%2Fwp%2Fv2%2Fcomments&post=31517"}],"version-history":[{"count":4,"href":"https:\/\/radiozapatista.org\/index.php?rest_route=\/wp\/v2\/posts\/31517\/revisions"}],"predecessor-version":[{"id":31523,"href":"https:\/\/radiozapatista.org\/index.php?rest_route=\/wp\/v2\/posts\/31517\/revisions\/31523"}],"wp:featuredmedia":[{"embeddable":true,"href":"https:\/\/radiozapatista.org\/index.php?rest_route=\/wp\/v2\/media\/31521"}],"wp:attachment":[{"href":"https:\/\/radiozapatista.org\/index.php?rest_route=%2Fwp%2Fv2%2Fmedia&parent=31517"}],"wp:term":[{"taxonomy":"category","embeddable":true,"href":"https:\/\/radiozapatista.org\/index.php?rest_route=%2Fwp%2Fv2%2Fcategories&post=31517"},{"taxonomy":"post_tag","embeddable":true,"href":"https:\/\/radiozapatista.org\/index.php?rest_route=%2Fwp%2Fv2%2Ftags&post=31517"}],"curies":[{"name":"wp","href":"https:\/\/api.w.org\/{rel}","templated":true}]}}