{"id":31501,"date":"2019-04-25T17:19:29","date_gmt":"2019-04-25T22:19:29","guid":{"rendered":"https:\/\/radiozapatista.org\/?p=31501"},"modified":"2019-04-25T17:19:29","modified_gmt":"2019-04-25T22:19:29","slug":"de-la-huelga-de-hambre-en-los-penales-de-chiapas-al-comite-de-la-onu-contra-la-tortura","status":"publish","type":"post","link":"https:\/\/radiozapatista.org\/?p=31501","title":{"rendered":"De la Huelga de Hambre en los penales de Chiapas, al Comit\u00e9 de la ONU Contra la Tortura"},"content":{"rendered":"<p><img loading=\"lazy\" decoding=\"async\" class=\"size-medium wp-image-31502 aligncenter\" src=\"https:\/\/radiozapatista.org\/wp-content\/uploads\/2019\/04\/IMG_6581-350x233.jpg\" alt=\"\" width=\"350\" height=\"233\" srcset=\"https:\/\/radiozapatista.org\/wp-content\/uploads\/2019\/04\/IMG_6581-350x233.jpg 350w, https:\/\/radiozapatista.org\/wp-content\/uploads\/2019\/04\/IMG_6581-768x512.jpg 768w, https:\/\/radiozapatista.org\/wp-content\/uploads\/2019\/04\/IMG_6581-1024x683.jpg 1024w, https:\/\/radiozapatista.org\/wp-content\/uploads\/2019\/04\/IMG_6581-700x466.jpg 700w\" sizes=\"auto, (max-width: 350px) 100vw, 350px\" \/><\/p>\n<p style=\"text-align: center;\"><em>Organizaciones de la sociedad civil mexicana y Derechos Humanos presentan informe conjunto documentando cr\u00edmenes por tortura y tratos inhumanos cometidos por el estado en contra de la poblaci\u00f3n m\u00e1s vulnerable. Entre los casos se incluyen los testimonios de los presos en huelga de hambre en Chiapas.<\/em><\/p>\n<p>En esta semana se re\u00fanen en la sede de las Naciones Unidas en Ginebra, Suiza, diversas organizaciones de Derechos Humanos mexicanas con el Comit\u00e9 de la ONU contra la tortura<strong><u><sup>1<\/sup><\/u><\/strong>. En este encuentro se pretende evidenciar y denunciar una vez m\u00e1s el uso sistem\u00e1tico de esta pr\u00e1ctica que engloba la tortura sexual, f\u00edsica y psicol\u00f3gica, y plantear estrategias para erradicarla. En la agenda a tratar figuran adem\u00e1s temas transversales como son el desplazamiento y desaparici\u00f3n forzada, as\u00ed como la detenci\u00f3n arbitraria empleada regularmente por polic\u00edas y miembros del sistema de justicia mexicano, como apunta en su informe especial Amnist\u00eda Internacional<strong><u><sup>2<\/sup><\/u><\/strong>.<\/p>\n<p>Aunque el uso de la tortura se da en diversos contextos, incluyendo la represi\u00f3n de la protesta social, un porcentaje muy importante de los casos registrados se da entre los grupos sociales mas vulnerables como son las poblaciones campesinas, ind\u00edgenas y\/o pobres, seg\u00fan el patr\u00f3n \u201cdetenci\u00f3n arbitraria-tortura-producci\u00f3n de pruebas il\u00edcitas-proceso penal (y posible condena) a la v\u00edctima\u201d<strong><u><sup>3<\/sup><\/u><\/strong>. La situaci\u00f3n de encierro arbitrario que padecen miles de personas en M\u00e9xico es consecuencia directa de la aplicaci\u00f3n de la tortura en el momento de su detenci\u00f3n con la finalidad de fabricar pruebas incriminatorias y arrancar declaraciones autoinculpatorias<strong><u><sup>4<\/sup><\/u><\/strong>.<\/p>\n<p>Este tipo de injusticias son las que llevaron a 6 presos en lucha<strong><u><sup>5<\/sup><\/u><\/strong> a iniciar desde el 15 de Marzo del presente a\u00f1o una huelga de hambre indefinida, a la cual se adhirieron otros presos en solidaridad, coordinados desde diferentes penales del estado de Chiapas, en exigencia de justicia y libertad. Esta acci\u00f3n pol\u00edtica extrema, que pone en riesgo su propia vida, se da ante la impasividad del sistema de justicia mexicano por revisar sus expedientes repletos de graves violaciones al debido proceso jur\u00eddico. La mayor\u00eda de los presos son sobrevivientes de tortura aplicada en su contra por las autoridades que los detuvieron con el objetivo de obtener declaraciones autoinculpatorias.<\/p>\n<p>A 42 d\u00edas del inicio de esta acci\u00f3n l\u00edmite, tanto las familias como los representantes de los presos han conseguido llamar la atenci\u00f3n de las autoridades competentes y reunirse alrededor de una mesa de di\u00e1logo con el Secretario de Gobierno, Ismael Brito Mazariegos, el cual se ha comprometido a revisar sus expedientes y a atraer los casos a la instancia \u00fanica en el pa\u00eds operada por el Tribunal Superior de Justicia denominada Mesa de Reconciliaci\u00f3n.<\/p>\n<p>Sin embargo, y a pesar de las miles de denuncias por tortura recibidas por la Procuradur\u00eda General de la Rep\u00fablica, la voluntad estatal por investigar a las autoridades responsables y condenar este tipo de pr\u00e1cticas a sido cuestionada y denunciada hist\u00f3ricamente en innumerables ocasiones<strong><u><sup>6<\/sup><\/u><\/strong>. A ello se suma la dificultad de demostrar el uso de la tortura cuando no hay registros de la misma, debido a que no consta en las declaraciones por coacci\u00f3n de los detenidos, ni suele ser documentada como tal por los peritajes m\u00e9dicos realizados por la PGR, como se\u00f1ala el informe de la Comisi\u00f3n Interamericana de Derechos Humanos<strong><u><sup>7<\/sup><\/u><\/strong>.<\/p>\n<p>Los declaraciones de tortura de los presos son \u00fanicamente una muestra representativa de los miles de testimonios y denuncias por tratos crueles, inhumanos y degradantes que constar\u00e1n en el informe elaborado por el Centro de Derechos Humanos Fray Bartolom\u00e9 de las Casas, en colaboraci\u00f3n con organizaciones alternativas de la sociedad civil mexicana, que ser\u00e1 presentado y discutido ante el Comit\u00e9 de las Naciones Unidas contra la tortura en estos d\u00edas<strong><u><sup>8<\/sup><\/u><\/strong>.<\/p>\n<p>Esta reuni\u00f3n se da tan solo dos semanas despu\u00e9s de la visita que realiz\u00f3 a M\u00e9xico la Alta Comisionada para los Derechos Humanos de la ONU, Michelle Bachelet, en la cual expres\u00f3 su preocupaci\u00f3n al dimensionar la crisis en materia de Derechos Humanos por la que atraviesa el pa\u00eds, as\u00ed como por los alarmantes \u00edndices de violencia que sufre la poblaci\u00f3n mexicana. <em>\u201cM\u00e9xico tiene cifras de muertes violentas propias de un pa\u00eds en guerra: 252.538 desde 2006. A la par, existen 26.000 cuerpos sin identificar registrados por el Estado y se han localizado m\u00e1s de 850 fosas clandestinas. Estos datos son aterradores\u201d<\/em><strong><u><sup>9<\/sup><\/u><\/strong><em>.<\/em><\/p>\n<p><em>\u00a0<\/em>Desde el a\u00f1o 2003 la tortura fue declarada sistem\u00e1tica en M\u00e9xico por el propio Comit\u00e9 de la ONU contra la tortura, y desde entonces la comunidad internacional ha venido haciendo \u201crecomendaciones\u201d a M\u00e9xico en cuanto a materia de Derechos Humanos<strong><u><sup>10<\/sup><\/u><\/strong>. Sin embargo los intereses econ\u00f3micos en M\u00e9xico a nivel internacional priman sobre las exigencias de poner fin a estos cr\u00edmenes, por ello 16 a\u00f1os despu\u00e9s las organizaciones de la sociedad civil se encuentran nuevamente ante esta instancia internacional denunciando lo mismo. El nuevo Gobierno de M\u00e9xico est\u00e1 obligado a responder ante estas acusaciones. \u00bfSeguir\u00e1 mirando para otro lado o tomar\u00e1 cartas en el asunto?<\/p>\n<p>El encuentro ser\u00e1 retransmitido en vivo a trav\u00e9s del enlace oficial <a href=\"http:\/\/webtv.un.org\/live\">http:\/\/webtv.un.org\/live<\/a> y se podr\u00e1 seguir en las redes sociales a trav\u00e9s del hashtag: #CAT66<\/p>\n<p>El Comit\u00e9 publicar\u00e1 sus conclusiones el 17 de mayo y sostendr\u00e1 una conferencia de prensa para informar de las mismas.<\/p>\n<p style=\"text-align: right;\">Art\u00edculo elaborado por el Grupo de Trabajo No estamos todxs<\/p>\n<p>1\u00a0\u00a0\u00a0\u00a0 <a href=\"https:\/\/tbinternet.ohchr.org\/_layouts\/treatybodyexternal\/SessionDetails1.aspx?SessionID=1256&amp;Lang=es\">https:\/\/tbinternet.ohchr.org\/_layouts\/treatybodyexternal\/SessionDetails1.aspx?SessionID=1256&amp;Lang=es<\/a><\/p>\n<p>2\u00a0\u00a0\u00a0\u00a0 <a href=\"https:\/\/www.amnesty.org\/download\/Documents\/AMR4153402017SPANISH.PDF\">https:\/\/www.amnesty.org\/download\/Documents\/AMR4153402017SPANISH.PDF<\/a><\/p>\n<p>3\u00a0\u00a0\u00a0\u00a0 <a href=\"http:\/\/centroprodh.org.mx\/wp-content\/uploads\/2018\/11\/MagnitudCrisisDHMexico2.pdf\">http:\/\/centroprodh.org.mx\/wp-content\/uploads\/2018\/11\/MagnitudCrisisDHMexico2.pdf<\/a><\/p>\n<p>4\u00a0\u00a0\u00a0\u00a0 <a href=\"http:\/\/hchr.org.mx\/files\/Relatorias\/Approved-FinalConclusionesPreliminares_2deMayode2014_VisitaSRTMexico.pdf\">http:\/\/hchr.org.mx\/files\/Relatorias\/Approved-FinalConclusionesPreliminares_2deMayode2014_VisitaSRTMexico.pdf<\/a><\/p>\n<p>5\u00a0\u00a0\u00a0\u00a0 <a href=\"http:\/\/noestamostodxs.tk\/presoschiapas\/\">http:\/\/noestamostodxs.tk\/presoschiapas\/<\/a><\/p>\n<p>6\u00a0\u00a0\u00a0\u00a0 <a href=\"http:\/\/www.hrw.org\/es\/reports\/2011\/11\/09\/ni-seguridad-ni-derechos\">http:\/\/www.hrw.org\/es\/reports\/2011\/11\/09\/ni-seguridad-ni-derechos<\/a><\/p>\n<p>7\u00a0\u00a0\u00a0\u00a0 <a href=\"http:\/\/www.oas.org\/es\/cidh\/informes\/pdfs\/Mexico2016-es.pdf\">http:\/\/www.oas.org\/es\/cidh\/informes\/pdfs\/Mexico2016-es.pdf<\/a><\/p>\n<p>8\u00a0\u00a0\u00a0\u00a0 <a href=\"https:\/\/frayba.org.mx\/informe-alternativo-de-las-organizaciones-de-la-sociedad-civil-de-mexico-al-cat\/\">https:\/\/frayba.org.mx\/informe-alternativo-de-las-organizaciones-de-la-sociedad-civil-de-mexico-al-cat\/<\/a><\/p>\n<p>9\u00a0\u00a0\u00a0\u00a0 <a href=\"https:\/\/news.un.org\/es\/story\/2019\/04\/1454171\">https:\/\/news.un.org\/es\/story\/2019\/04\/1454171<\/a><\/p>\n<p>10\u00a0\u00a0 <a href=\"http:\/\/recomendacionesdh.mx\/inicio\/informes\">http:\/\/recomendacionesdh.mx\/inicio\/informes<\/a><\/p>","protected":false},"excerpt":{"rendered":"<p>Organizaciones de la sociedad civil mexicana y Derechos Humanos presentan informe conjunto documentando cr\u00edmenes por tortura y tratos inhumanos cometidos por el estado en contra de la poblaci\u00f3n m\u00e1s vulnerable. Entre los casos se incluyen los testimonios de los presos en huelga de hambre en Chiapas. En esta semana se re\u00fanen en la sede de [&hellip;]<\/p>\n","protected":false},"author":13,"featured_media":0,"comment_status":"open","ping_status":"closed","sticky":false,"template":"","format":"standard","meta":{"footnotes":""},"categories":[826,954,183,935],"tags":[],"class_list":["post-31501","post","type-post","status-publish","format-standard","hentry","category-medios-libres-2","category-mexico","category-blog","category-temas"],"_links":{"self":[{"href":"https:\/\/radiozapatista.org\/index.php?rest_route=\/wp\/v2\/posts\/31501","targetHints":{"allow":["GET"]}}],"collection":[{"href":"https:\/\/radiozapatista.org\/index.php?rest_route=\/wp\/v2\/posts"}],"about":[{"href":"https:\/\/radiozapatista.org\/index.php?rest_route=\/wp\/v2\/types\/post"}],"author":[{"embeddable":true,"href":"https:\/\/radiozapatista.org\/index.php?rest_route=\/wp\/v2\/users\/13"}],"replies":[{"embeddable":true,"href":"https:\/\/radiozapatista.org\/index.php?rest_route=%2Fwp%2Fv2%2Fcomments&post=31501"}],"version-history":[{"count":1,"href":"https:\/\/radiozapatista.org\/index.php?rest_route=\/wp\/v2\/posts\/31501\/revisions"}],"predecessor-version":[{"id":31503,"href":"https:\/\/radiozapatista.org\/index.php?rest_route=\/wp\/v2\/posts\/31501\/revisions\/31503"}],"wp:attachment":[{"href":"https:\/\/radiozapatista.org\/index.php?rest_route=%2Fwp%2Fv2%2Fmedia&parent=31501"}],"wp:term":[{"taxonomy":"category","embeddable":true,"href":"https:\/\/radiozapatista.org\/index.php?rest_route=%2Fwp%2Fv2%2Fcategories&post=31501"},{"taxonomy":"post_tag","embeddable":true,"href":"https:\/\/radiozapatista.org\/index.php?rest_route=%2Fwp%2Fv2%2Ftags&post=31501"}],"curies":[{"name":"wp","href":"https:\/\/api.w.org\/{rel}","templated":true}]}}