{"id":31462,"date":"2019-04-13T17:26:56","date_gmt":"2019-04-13T22:26:56","guid":{"rendered":"https:\/\/radiozapatista.org\/?p=31462"},"modified":"2019-04-13T21:35:50","modified_gmt":"2019-04-14T02:35:50","slug":"cni-cig-chiapas-se-moviliza-en-contra-de-los-megaproyectos-y-en-defensa-de-la-vida","status":"publish","type":"post","link":"https:\/\/radiozapatista.org\/?p=31462","title":{"rendered":"CNI-CIG Chiapas se moviliza en contra de los megaproyectos y en defensa de la vida"},"content":{"rendered":"<p><\/p>\n<p align=\"center\"><iframe loading=\"lazy\" width=\"560\" height=\"315\" src=\"https:\/\/www.youtube.com\/embed\/Pgu5TgRyfB0\" frameborder=\"0\" allow=\"accelerometer; autoplay; encrypted-media; gyroscope; picture-in-picture\" allowfullscreen><\/iframe><\/p>\n<p>10 de abril de 2019, San Crist\u00f3bal de Las Casas. Congreso Nacional Ind\u00edgena &#8211; Concejo Ind\u00edgena de Gobierno, Chiapas, se moviliza como parte de la jornada nacional de lucha en conmemoraci\u00f3n de los 100 a\u00f1os del asesinato del general Emiliano Zapata. Para denunciar los megaproyectos de muerte que acechan sus territorios en una nueva ofensiva del capitalismo, y para reiterar su compromiso hacia la construcci\u00f3n de la autonom\u00eda con la resistencia y la rebeld\u00eda como principales armas de lucha. En memoria del compa\u00f1ero Samir Flores Soberanes, asesinado por el r\u00e9gimen neoliberal.<\/p>","protected":false},"excerpt":{"rendered":"<p>10 de abril de 2019, San Crist\u00f3bal de Las Casas. Congreso Nacional Ind\u00edgena &#8211; Concejo Ind\u00edgena de Gobierno, Chiapas, se moviliza como parte de la jornada nacional de lucha en conmemoraci\u00f3n de los 100 a\u00f1os del asesinato del general Emiliano Zapata. Para denunciar los megaproyectos de muerte que acechan sus territorios en una nueva ofensiva [&hellip;]<\/p>\n","protected":false},"author":1,"featured_media":31464,"comment_status":"open","ping_status":"closed","sticky":false,"template":"","format":"standard","meta":{"footnotes":""},"categories":[957,6,1024,1095,296,958,222],"tags":[79,1151,63,1256,483],"class_list":["post-31462","post","type-post","status-publish","format-standard","has-post-thumbnail","hentry","category-autonomia","category-chiapas","category-cni-temas","category-concejo-indigena-de-gobierno","category-koman-ilel","category-megaproyectos","category-video","tag-autonomia","tag-cig","tag-cni","tag-samir-flores","tag-tierra-y-territorio"],"_links":{"self":[{"href":"https:\/\/radiozapatista.org\/index.php?rest_route=\/wp\/v2\/posts\/31462","targetHints":{"allow":["GET"]}}],"collection":[{"href":"https:\/\/radiozapatista.org\/index.php?rest_route=\/wp\/v2\/posts"}],"about":[{"href":"https:\/\/radiozapatista.org\/index.php?rest_route=\/wp\/v2\/types\/post"}],"author":[{"embeddable":true,"href":"https:\/\/radiozapatista.org\/index.php?rest_route=\/wp\/v2\/users\/1"}],"replies":[{"embeddable":true,"href":"https:\/\/radiozapatista.org\/index.php?rest_route=%2Fwp%2Fv2%2Fcomments&post=31462"}],"version-history":[{"count":1,"href":"https:\/\/radiozapatista.org\/index.php?rest_route=\/wp\/v2\/posts\/31462\/revisions"}],"predecessor-version":[{"id":31465,"href":"https:\/\/radiozapatista.org\/index.php?rest_route=\/wp\/v2\/posts\/31462\/revisions\/31465"}],"wp:featuredmedia":[{"embeddable":true,"href":"https:\/\/radiozapatista.org\/index.php?rest_route=\/wp\/v2\/media\/31464"}],"wp:attachment":[{"href":"https:\/\/radiozapatista.org\/index.php?rest_route=%2Fwp%2Fv2%2Fmedia&parent=31462"}],"wp:term":[{"taxonomy":"category","embeddable":true,"href":"https:\/\/radiozapatista.org\/index.php?rest_route=%2Fwp%2Fv2%2Fcategories&post=31462"},{"taxonomy":"post_tag","embeddable":true,"href":"https:\/\/radiozapatista.org\/index.php?rest_route=%2Fwp%2Fv2%2Ftags&post=31462"}],"curies":[{"name":"wp","href":"https:\/\/api.w.org\/{rel}","templated":true}]}}