{"id":31338,"date":"2019-04-13T21:23:38","date_gmt":"2019-04-14T02:23:38","guid":{"rendered":"https:\/\/radiozapatista.org\/?p=31338"},"modified":"2019-04-13T21:48:11","modified_gmt":"2019-04-14T02:48:11","slug":"quien-lucha-por-la-vida-no-muere-a-100-anos-del-asesinato-de-emiliano-zapata","status":"publish","type":"post","link":"https:\/\/radiozapatista.org\/?p=31338","title":{"rendered":"&#8221;Quien lucha por la vida no muere&#8221; &#8211; A 100 a\u00f1os del asesinato del General Emiliano Zapata"},"content":{"rendered":"<p><a href=\"https:\/\/radiozapatista.org\/wp-content\/uploads\/2019\/04\/zapatista_aniversario9.jpg\"><img loading=\"lazy\" decoding=\"async\" class=\"alignleft size-medium wp-image-31362\" style=\"float: left; margin: 0px 15px 10px 0px;\" src=\"https:\/\/radiozapatista.org\/wp-content\/uploads\/2019\/04\/zapatista_aniversario9-350x233.jpg\" alt=\"\" width=\"350\" height=\"233\" srcset=\"https:\/\/radiozapatista.org\/wp-content\/uploads\/2019\/04\/zapatista_aniversario9-350x233.jpg 350w, https:\/\/radiozapatista.org\/wp-content\/uploads\/2019\/04\/zapatista_aniversario9-768x512.jpg 768w, https:\/\/radiozapatista.org\/wp-content\/uploads\/2019\/04\/zapatista_aniversario9.jpg 1024w, https:\/\/radiozapatista.org\/wp-content\/uploads\/2019\/04\/zapatista_aniversario9-700x466.jpg 700w\" sizes=\"auto, (max-width: 350px) 100vw, 350px\" \/><\/a>Es Chinameca y es 10 de abril un siglo despu\u00e9s del crimen. Aqu\u00ed, donde muri\u00f3 asesinado, Zapata quema y nos espabila. El sol abrasador entra por los pies, por la cabeza y hasta por las u\u00f1as. Las gargantas secas de los pueblos en lucha y de las organizaciones en resistencia y rebeld\u00eda se empapan cuando denuncian otros asesinatos mucho m\u00e1s recientes. Aqu\u00ed Zapata es anhelo y horizonte. Su recuerdo nos empuja hacia delante. Entre maizales que ya quieren lluvia caminan 134 organizaciones de 28 estados mexicanos y otros cuatro pa\u00edses. Andan a pie la ruta que anduvo Zapata montado en un alaz\u00e1n y acompa\u00f1ado por 15 revolucionarios en 1919. Acostumbradas a seguir andando, voces en lucha exigen un alto al despojo y a la destrucci\u00f3n que generar\u00e1 el Proyecto Integral Morelos con su termoel\u00e9ctrica. \u201c\u00a1Viva Zapata, vivan los r\u00edos, vivan los bosques!\u201d, van a gritar.<\/p>\n<p><a href=\"https:\/\/radiozapatista.org\/wp-content\/uploads\/2019\/04\/IMG_9418.jpg\"><img loading=\"lazy\" decoding=\"async\" class=\"alignright size-medium wp-image-31441\" style=\"float: right; margin: 0px 0px 10px 15px;\" src=\"https:\/\/radiozapatista.org\/wp-content\/uploads\/2019\/04\/IMG_9418-350x233.jpg\" alt=\"\" width=\"350\" height=\"233\" srcset=\"https:\/\/radiozapatista.org\/wp-content\/uploads\/2019\/04\/IMG_9418-350x233.jpg 350w, https:\/\/radiozapatista.org\/wp-content\/uploads\/2019\/04\/IMG_9418-768x512.jpg 768w, https:\/\/radiozapatista.org\/wp-content\/uploads\/2019\/04\/IMG_9418-700x466.jpg 700w, https:\/\/radiozapatista.org\/wp-content\/uploads\/2019\/04\/IMG_9418.jpg 1000w\" sizes=\"auto, (max-width: 350px) 100vw, 350px\" \/><\/a>Entreveradas con un festival escolar, decenas de consignas reciben en la puerta de la hacienda a centenares de j\u00f3venes que, mientras marchan, escuchan \u201c\u00a1agua s\u00ed, termo no!\u201d y \u201c\u00a1Samir no muri\u00f3, el gobierno lo mat\u00f3!\u201d. Desde un templete sencillo, hablan mujeres y hombres del <a href=\"https:\/\/radiozapatista.org\/?p=31455\">Congreso Nacional Ind\u00edgena y su Concejo Ind\u00edgena de Gobierno<\/a>, del Comit\u00e9 de Padres de Familia de Amilcingo, del Frente de Pueblos en Defensa de la Tierra y el Agua de Morelos, Puebla y Tlaxcala, de la Asamblea Permanente de los Pueblos de Morelos, de la revoluci\u00f3n del Kurdist\u00e1n, de polic\u00edas comunitarias, de colectivos de m\u00fasica y arte. La vocera del CIG, Mar\u00eda de Jes\u00fas Patricio Mart\u00ednez, transmite el <a href=\"https:\/\/radiozapatista.org\/?p=31330\">mensaje del Subcomandante Insurgente Mois\u00e9s<\/a>, vocero del Ej\u00e9rcito Zapatista de Liberaci\u00f3n Nacional que nos convoca y aglutina.<\/p>\n<div class=\"wp-playlist wp-audio-playlist wp-playlist-light\">\n\t\t\t<div class=\"wp-playlist-current-item\"><\/div>\n\t\t<audio controls=\"controls\" preload=\"none\" width=\"640\"\n\t\t\t><\/audio>\n\t<div class=\"wp-playlist-next\"><\/div>\n\t<div class=\"wp-playlist-prev\"><\/div>\n\t<noscript>\n\t<ol>\n\t\t<li><a href='https:\/\/radiozapatista.org\/wp-content\/uploads\/2019\/04\/bienvenidadia10_jorgevelazquez.mp3'>Mensaje de bienvenida a la Movilizaci\u00f3n Nacional e Internacional a 100 a\u00f1os del Asesinato del General Emiliano Zapata Salazar en Chinameca , Morelos en voz de la Asamblea de la Resistencia de Amilcingo<\/a><\/li><li><a href='https:\/\/radiozapatista.org\/wp-content\/uploads\/2019\/04\/terecastellanosdia10.mp3'>Mensaje de Huexca en Resistencia y del Frente de Pueblos en Defensa de la Tierra y el Agua Morelos-Puebla-Tlaxcala durante la Movilizaci\u00f3n Nacional e Internacional a 100 a\u00f1os del Asesinato del General Emiliano Zapata Salazar en Chinameca , Morelos.<\/a><\/li><li><a href='https:\/\/radiozapatista.org\/wp-content\/uploads\/2019\/04\/saulroquedia10.mp3'>Mensaje de la Asamblea Permanente de los Pueblos de Morelos durante la Movilizaci\u00f3n Nacional e Internacional a 100 a\u00f1os del Asesinato del General Emiliano Zapata Salazar en Chinameca , Morelos.<\/a><\/li><li><a href='https:\/\/radiozapatista.org\/wp-content\/uploads\/2019\/04\/cnidia10.mp3'>Mensaje del Congreso Nacional Ind\u00edgena durante la Movilizaci\u00f3n Nacional e Internacional a 100 a\u00f1os del Asesinato del General Emiliano Zapata Salazar en Chinameca , Morelos.<\/a><\/li><li><a href='https:\/\/radiozapatista.org\/wp-content\/uploads\/2019\/04\/ezdia10.mp3'>Mensaje del EZLN en voz de Mar\u00eda de Jes\u00fas Patricio durante Movilizaci\u00f3n Nacional e Internacional a 100 a\u00f1os del Asesinato del General Emiliano Zapata Salazar, Chinameca , Morelos.<\/a><\/li><li><a href='https:\/\/radiozapatista.org\/wp-content\/uploads\/2019\/04\/pronunciamientodia10.mp3'>Pronunciamiento Asamblea Nacional entre los Pueblos Ind\u00edgenas del Congreso Nacional Ind\u00edgena\/ Concejo Ind\u00edgena de Gobierno y los Adherentes a la Sexta, Redes de Apoyo al CIG y Colectivos y Organizaciones que luchan y se organizan contra el capitalismo realizada el 9 de Abril en Amilcingo, Morelos<\/a><\/li><li><a href='https:\/\/radiozapatista.org\/wp-content\/uploads\/2019\/04\/mujkurdistandia10.mp3'>Mensaje del Movimiento de Mujeres del Kurdist\u00e1n le\u00eddo el 10 de Abril en Chinameca, Morelos<\/a><\/li><li><a href='https:\/\/radiozapatista.org\/wp-content\/uploads\/2019\/04\/zapata100veces.mp3'>Lectura de la poes\u00eda \"Zapata por siempre\", de David Roauraa100veces<\/a><\/li>\t<\/ol>\n\t<\/noscript>\n\t<script type=\"application\/json\" class=\"wp-playlist-script\">{\"type\":\"audio\",\"tracklist\":true,\"tracknumbers\":true,\"images\":true,\"artists\":false,\"tracks\":[{\"src\":\"https:\/\/radiozapatista.org\/wp-content\/uploads\/2019\/04\/bienvenidadia10_jorgevelazquez.mp3\",\"type\":\"audio\/mpeg\",\"title\":\"Mensaje de bienvenida a la Movilizaci\\u00f3n Nacional e Internacional a 100 a\\u00f1os del Asesinato del General Emiliano Zapata Salazar en Chinameca , Morelos en voz de la Asamblea de la Resistencia de Amilcingo\",\"caption\":\"\",\"description\":\"\\\"bienvenidadia10_jorgevelazquez\\\". G\\u00e9nero: Blues.\",\"meta\":{\"genre\":\"Blues\",\"length_formatted\":\"3:21\"},\"image\":{\"src\":\"https:\/\/radiozapatista.org\/wp-includes\/images\/media\/audio.svg\",\"width\":48,\"height\":64},\"thumb\":{\"src\":\"https:\/\/radiozapatista.org\/wp-includes\/images\/media\/audio.svg\",\"width\":48,\"height\":64}},{\"src\":\"https:\/\/radiozapatista.org\/wp-content\/uploads\/2019\/04\/terecastellanosdia10.mp3\",\"type\":\"audio\/mpeg\",\"title\":\"Mensaje de Huexca en Resistencia y del Frente de Pueblos en Defensa de la Tierra y el Agua Morelos-Puebla-Tlaxcala durante la Movilizaci\\u00f3n Nacional e Internacional a 100 a\\u00f1os del Asesinato del General Emiliano Zapata Salazar en Chinameca , Morelos.\",\"caption\":\"\",\"description\":\"\\\"terecastellanosdia10\\\". G\\u00e9nero: Blues.\",\"meta\":{\"genre\":\"Blues\",\"length_formatted\":\"4:00\"},\"image\":{\"src\":\"https:\/\/radiozapatista.org\/wp-includes\/images\/media\/audio.svg\",\"width\":48,\"height\":64},\"thumb\":{\"src\":\"https:\/\/radiozapatista.org\/wp-includes\/images\/media\/audio.svg\",\"width\":48,\"height\":64}},{\"src\":\"https:\/\/radiozapatista.org\/wp-content\/uploads\/2019\/04\/saulroquedia10.mp3\",\"type\":\"audio\/mpeg\",\"title\":\"Mensaje de la Asamblea Permanente de los Pueblos de Morelos durante la Movilizaci\\u00f3n Nacional e Internacional a 100 a\\u00f1os del Asesinato del General Emiliano Zapata Salazar en Chinameca , Morelos.\",\"caption\":\"\",\"description\":\"\\\"saulroquedia10\\\". G\\u00e9nero: Blues.\",\"meta\":{\"genre\":\"Blues\",\"length_formatted\":\"5:04\"},\"image\":{\"src\":\"https:\/\/radiozapatista.org\/wp-includes\/images\/media\/audio.svg\",\"width\":48,\"height\":64},\"thumb\":{\"src\":\"https:\/\/radiozapatista.org\/wp-includes\/images\/media\/audio.svg\",\"width\":48,\"height\":64}},{\"src\":\"https:\/\/radiozapatista.org\/wp-content\/uploads\/2019\/04\/cnidia10.mp3\",\"type\":\"audio\/mpeg\",\"title\":\"Mensaje del Congreso Nacional Ind\\u00edgena durante la Movilizaci\\u00f3n Nacional e Internacional a 100 a\\u00f1os del Asesinato del General Emiliano Zapata Salazar en Chinameca , Morelos.\",\"caption\":\"\",\"description\":\"\\\"cnidia10\\\". G\\u00e9nero: Blues.\",\"meta\":{\"genre\":\"Blues\",\"length_formatted\":\"8:39\"},\"image\":{\"src\":\"https:\/\/radiozapatista.org\/wp-includes\/images\/media\/audio.svg\",\"width\":48,\"height\":64},\"thumb\":{\"src\":\"https:\/\/radiozapatista.org\/wp-includes\/images\/media\/audio.svg\",\"width\":48,\"height\":64}},{\"src\":\"https:\/\/radiozapatista.org\/wp-content\/uploads\/2019\/04\/ezdia10.mp3\",\"type\":\"audio\/mpeg\",\"title\":\"Mensaje del EZLN en voz de Mar\\u00eda de Jes\\u00fas Patricio durante Movilizaci\\u00f3n Nacional e Internacional a 100 a\\u00f1os del Asesinato del General Emiliano Zapata Salazar, Chinameca , Morelos.\",\"caption\":\"\",\"description\":\"\\\"ezdia10\\\". G\\u00e9nero: Blues.\",\"meta\":{\"genre\":\"Blues\",\"length_formatted\":\"17:01\"},\"image\":{\"src\":\"https:\/\/radiozapatista.org\/wp-includes\/images\/media\/audio.svg\",\"width\":48,\"height\":64},\"thumb\":{\"src\":\"https:\/\/radiozapatista.org\/wp-includes\/images\/media\/audio.svg\",\"width\":48,\"height\":64}},{\"src\":\"https:\/\/radiozapatista.org\/wp-content\/uploads\/2019\/04\/pronunciamientodia10.mp3\",\"type\":\"audio\/mpeg\",\"title\":\"Pronunciamiento Asamblea Nacional entre los Pueblos Ind\\u00edgenas del Congreso Nacional Ind\\u00edgena\/ Concejo Ind\\u00edgena de Gobierno y los Adherentes a la Sexta, Redes de Apoyo al CIG y Colectivos y Organizaciones que luchan y se organizan contra el capitalismo realizada el 9 de Abril en Amilcingo, Morelos\",\"caption\":\"\",\"description\":\"\\\"pronunciamientodia10\\\". G\\u00e9nero: Blues.\",\"meta\":{\"genre\":\"Blues\",\"length_formatted\":\"10:07\"},\"image\":{\"src\":\"https:\/\/radiozapatista.org\/wp-includes\/images\/media\/audio.svg\",\"width\":48,\"height\":64},\"thumb\":{\"src\":\"https:\/\/radiozapatista.org\/wp-includes\/images\/media\/audio.svg\",\"width\":48,\"height\":64}},{\"src\":\"https:\/\/radiozapatista.org\/wp-content\/uploads\/2019\/04\/mujkurdistandia10.mp3\",\"type\":\"audio\/mpeg\",\"title\":\"Mensaje del Movimiento de Mujeres del Kurdist\\u00e1n le\\u00eddo el 10 de Abril en Chinameca, Morelos\",\"caption\":\"\",\"description\":\"\\\"mujkurdistandia10\\\". G\\u00e9nero: Blues.\",\"meta\":{\"genre\":\"Blues\",\"length_formatted\":\"6:15\"},\"image\":{\"src\":\"https:\/\/radiozapatista.org\/wp-includes\/images\/media\/audio.svg\",\"width\":48,\"height\":64},\"thumb\":{\"src\":\"https:\/\/radiozapatista.org\/wp-includes\/images\/media\/audio.svg\",\"width\":48,\"height\":64}},{\"src\":\"https:\/\/radiozapatista.org\/wp-content\/uploads\/2019\/04\/zapata100veces.mp3\",\"type\":\"audio\/mpeg\",\"title\":\"Lectura de la poes\\u00eda \\\"Zapata por siempre\\\", de David Roauraa100veces\",\"caption\":\"\",\"description\":\"\\\"zapata100veces\\\". G\\u00e9nero: Blues.\",\"meta\":{\"genre\":\"Blues\",\"length_formatted\":\"4:50\"},\"image\":{\"src\":\"https:\/\/radiozapatista.org\/wp-includes\/images\/media\/audio.svg\",\"width\":48,\"height\":64},\"thumb\":{\"src\":\"https:\/\/radiozapatista.org\/wp-includes\/images\/media\/audio.svg\",\"width\":48,\"height\":64}}]}<\/script>\n<\/div>\n\t\n<p><a href=\"https:\/\/radiozapatista.org\/wp-content\/uploads\/2019\/04\/zapatista_aniversario25.jpg\"><img loading=\"lazy\" decoding=\"async\" class=\"alignleft size-medium wp-image-31378\" style=\"float: left; margin: 0px 15px 10px 0px;\" src=\"https:\/\/radiozapatista.org\/wp-content\/uploads\/2019\/04\/zapatista_aniversario25-350x233.jpg\" alt=\"\" width=\"350\" height=\"233\" srcset=\"https:\/\/radiozapatista.org\/wp-content\/uploads\/2019\/04\/zapatista_aniversario25-350x233.jpg 350w, https:\/\/radiozapatista.org\/wp-content\/uploads\/2019\/04\/zapatista_aniversario25-768x512.jpg 768w, https:\/\/radiozapatista.org\/wp-content\/uploads\/2019\/04\/zapatista_aniversario25.jpg 1024w, https:\/\/radiozapatista.org\/wp-content\/uploads\/2019\/04\/zapatista_aniversario25-700x466.jpg 700w\" sizes=\"auto, (max-width: 350px) 100vw, 350px\" \/><\/a>En Amilcingo, en Cuautla, en Ayala y en Huexca, Zapata pesa. De ah\u00ed el aplomo con que enfrentan su duelo familiares y compas de lucha de Samir Flores Soberanes, asesinado unos d\u00edas despu\u00e9s de que lo marcara con virulencia un presidente que hoy no se atrevi\u00f3 a venir a se\u00f1alarnos. Al terminar el acto en Chinameca hay que volver a Huexca. En las puertas de una de las dos termoel\u00e9ctricas que, junto con un acueducto y un gasoducto, contempla el PIM, la protesta se calienta tanto como el entorno. Ah\u00ed el dolor se desborda despacio. La poca prisa con que decenas de personas se arremolinan en la puerta cerrada contrasta con la velocidad a la que abandonan la termo quienes ah\u00ed trabajan.<\/p>\n<p>[podcast]https:\/\/radiozapatista.org\/wp-content\/uploads\/2019\/04\/palabrasTermo.mp3[\/podcast]<\/p>\n<p>&nbsp;<\/p>\n<p><a href=\"https:\/\/radiozapatista.org\/wp-content\/uploads\/2019\/04\/zapatista_aniversario21.jpg\"><img loading=\"lazy\" decoding=\"async\" class=\"alignright size-medium wp-image-31374\" style=\"float: right;\" src=\"https:\/\/radiozapatista.org\/wp-content\/uploads\/2019\/04\/zapatista_aniversario21-350x233.jpg\" alt=\"\" width=\"350\" height=\"233\" srcset=\"https:\/\/radiozapatista.org\/wp-content\/uploads\/2019\/04\/zapatista_aniversario21-350x233.jpg 350w, https:\/\/radiozapatista.org\/wp-content\/uploads\/2019\/04\/zapatista_aniversario21-768x512.jpg 768w, https:\/\/radiozapatista.org\/wp-content\/uploads\/2019\/04\/zapatista_aniversario21.jpg 1024w, https:\/\/radiozapatista.org\/wp-content\/uploads\/2019\/04\/zapatista_aniversario21-700x466.jpg 700w\" sizes=\"auto, (max-width: 350px) 100vw, 350px\" \/><\/a>Muy lejos de lo profundo, de lo que duele, se busca impulsar un Zapata a modo y una revoluci\u00f3n a la medida de franjas sociales que dicen no querer m\u00e1s violencia mientras aplauden el nacimiento de una guardia nacional. En los albores de nuestra militarizaci\u00f3n permanente, toda la fuerza de los medios de comunicaci\u00f3n gubernamentales, toda la ambici\u00f3n de sus instituciones se concentran en inventar una historia donde la muerte es <em>chida<\/em> porque es <em>light<\/em>. El fiasco de Museo de la Revoluci\u00f3n Mexicana remodelado por Marcelo Ebrard en 2010 nos advierte que s\u00f3lo se aceptar\u00e1 hablar de procesos que resulten <em>wow<\/em>. Zapata <em>h\u00edpster<\/em>, Zapata <em>classy<\/em>, Zapata <em>s\u00faper cool<\/em>. Una revoluci\u00f3n que se contempla y se disfruta porque no habla de despojo, desprecio, explotaci\u00f3n ni represi\u00f3n.<\/p>\n<p><a href=\"https:\/\/radiozapatista.org\/wp-content\/uploads\/2019\/04\/zapatista_aniversario5.jpg\"><img loading=\"lazy\" decoding=\"async\" class=\"alignnone size-medium wp-image-31358\" style=\"float: left; margin: 0px 15px 10px 0px;\" src=\"https:\/\/radiozapatista.org\/wp-content\/uploads\/2019\/04\/zapatista_aniversario5-350x233.jpg\" alt=\"\" width=\"350\" height=\"233\" srcset=\"https:\/\/radiozapatista.org\/wp-content\/uploads\/2019\/04\/zapatista_aniversario5-350x233.jpg 350w, https:\/\/radiozapatista.org\/wp-content\/uploads\/2019\/04\/zapatista_aniversario5-768x512.jpg 768w, https:\/\/radiozapatista.org\/wp-content\/uploads\/2019\/04\/zapatista_aniversario5.jpg 1024w, https:\/\/radiozapatista.org\/wp-content\/uploads\/2019\/04\/zapatista_aniversario5-700x466.jpg 700w\" sizes=\"auto, (max-width: 350px) 100vw, 350px\" \/><\/a>Pero \u201cquien lucha por la vida no muere\u201d, como dijo una luchadora en Amilcingo el d\u00eda anterior, donde tanto Zapata como Samir Flores Soberanes estuvieron presentes de una forma muy otra. All\u00ed, en Amilcingo, en la escuela por la que tanto luch\u00f3 Samir Flores y que ahora lleva su nombre, se celebr\u00f3 una asamblea que congreg\u00f3 al Congreso Nacional Ind\u00edgena y su Concejo Ind\u00edgena de Gobierno, a las Redes de Resistencia y Rebeld\u00eda, a adherentes a la Sexta Declaraci\u00f3n de la Selva Lacandona y a m\u00e1s de una centena de organizaciones que luchan por la vida en M\u00e9xico y varios otros pa\u00edses. En cinco mesas de trabajo se analiz\u00f3 la presente administraci\u00f3n y lo que la supuesta \u201ccuarta transformaci\u00f3n\u201d significa para los pueblos. El diagn\u00f3stico fue un\u00e1nime: <em>continuidad<\/em>. Continuidad de un proyecto neoliberal de naci\u00f3n. Continuidad del desarrollismo, de la privatizaci\u00f3n del sector energ\u00e9tico, del despojo de tierras y territorios, de destrucci\u00f3n del medio ambiente, de una educaci\u00f3n orientada a los intereses del capital, de la militarizaci\u00f3n, de la criminalizaci\u00f3n de la resistencia y la oposici\u00f3n, del clientelismo, de la devastaci\u00f3n.<\/p>\n<p>Y sin embargo, tambi\u00e9n fue un\u00e1nime la percepci\u00f3n de que esta administraci\u00f3n es a\u00fan m\u00e1s peligrosa que las anteriores, pues oculta su verdadera afiliaci\u00f3n tras un ropaje de \u201cizquierda\u201d y la apropiaci\u00f3n de discursos y formas propias de los pueblos, como las supuestas consultas con las que se pretende legitimar megaproyectos devastadores como el Proyecto Integral Morelos, el Corredor Trans\u00edstmico y el Tren Maya.<\/p>\n<div class=\"wp-playlist wp-audio-playlist wp-playlist-light\">\n\t\t\t<div class=\"wp-playlist-current-item\"><\/div>\n\t\t<audio controls=\"controls\" preload=\"none\" width=\"640\"\n\t\t\t><\/audio>\n\t<div class=\"wp-playlist-next\"><\/div>\n\t<div class=\"wp-playlist-prev\"><\/div>\n\t<noscript>\n\t<ol>\n\t\t<li><a href='https:\/\/radiozapatista.org\/wp-content\/uploads\/2019\/04\/mesa1dia9.mp3'>Conclusiones de la mesa de trabajo no.1 durante la Asamblea Nacional del 9 de abril realizada en Amilcingo, Morelos<\/a><\/li><li><a href='https:\/\/radiozapatista.org\/wp-content\/uploads\/2019\/04\/mesa2dia9.mp3'>Conclusiones de la mesa de trabajo no.2 durante la Asamblea Nacional del 9 de abril realizada en Amilcingo, Morelos<\/a><\/li><li><a href='https:\/\/radiozapatista.org\/wp-content\/uploads\/2019\/04\/mesa3dia9.mp3'>Conclusiones de la mesa de trabajo no.3 durante la Asamblea Nacional del 9 de abril realizada en Amilcingo, Morelos<\/a><\/li><li><a href='https:\/\/radiozapatista.org\/wp-content\/uploads\/2019\/04\/mesa4dia9.mp3'>Conclusiones de la mesa de trabajo no.4 durante la Asamblea Nacional del 9 de abril realizada en Amilcingo, Morelos<\/a><\/li><li><a href='https:\/\/radiozapatista.org\/wp-content\/uploads\/2019\/04\/mesa5dia9.mp3'>Conclusiones de la mesa de trabajo no.5 durante la Asamblea Nacional del 9 de abril realizada en Amilcingo, Morelos<\/a><\/li>\t<\/ol>\n\t<\/noscript>\n\t<script type=\"application\/json\" class=\"wp-playlist-script\">{\"type\":\"audio\",\"tracklist\":true,\"tracknumbers\":true,\"images\":true,\"artists\":false,\"tracks\":[{\"src\":\"https:\/\/radiozapatista.org\/wp-content\/uploads\/2019\/04\/mesa1dia9.mp3\",\"type\":\"audio\/mpeg\",\"title\":\"Conclusiones de la mesa de trabajo no.1 durante la Asamblea Nacional del 9 de abril realizada en Amilcingo, Morelos\",\"caption\":\"\",\"description\":\"\\\"mesa1dia9\\\". G\\u00e9nero: Blues.\",\"meta\":{\"genre\":\"Blues\",\"length_formatted\":\"6:56\"},\"image\":{\"src\":\"https:\/\/radiozapatista.org\/wp-includes\/images\/media\/audio.svg\",\"width\":48,\"height\":64},\"thumb\":{\"src\":\"https:\/\/radiozapatista.org\/wp-includes\/images\/media\/audio.svg\",\"width\":48,\"height\":64}},{\"src\":\"https:\/\/radiozapatista.org\/wp-content\/uploads\/2019\/04\/mesa2dia9.mp3\",\"type\":\"audio\/mpeg\",\"title\":\"Conclusiones de la mesa de trabajo no.2 durante la Asamblea Nacional del 9 de abril realizada en Amilcingo, Morelos\",\"caption\":\"\",\"description\":\"\\\"mesa2dia9\\\". G\\u00e9nero: Blues.\",\"meta\":{\"genre\":\"Blues\",\"length_formatted\":\"6:22\"},\"image\":{\"src\":\"https:\/\/radiozapatista.org\/wp-includes\/images\/media\/audio.svg\",\"width\":48,\"height\":64},\"thumb\":{\"src\":\"https:\/\/radiozapatista.org\/wp-includes\/images\/media\/audio.svg\",\"width\":48,\"height\":64}},{\"src\":\"https:\/\/radiozapatista.org\/wp-content\/uploads\/2019\/04\/mesa3dia9.mp3\",\"type\":\"audio\/mpeg\",\"title\":\"Conclusiones de la mesa de trabajo no.3 durante la Asamblea Nacional del 9 de abril realizada en Amilcingo, Morelos\",\"caption\":\"\",\"description\":\"\\\"mesa3dia9\\\". G\\u00e9nero: Blues.\",\"meta\":{\"genre\":\"Blues\",\"length_formatted\":\"7:18\"},\"image\":{\"src\":\"https:\/\/radiozapatista.org\/wp-includes\/images\/media\/audio.svg\",\"width\":48,\"height\":64},\"thumb\":{\"src\":\"https:\/\/radiozapatista.org\/wp-includes\/images\/media\/audio.svg\",\"width\":48,\"height\":64}},{\"src\":\"https:\/\/radiozapatista.org\/wp-content\/uploads\/2019\/04\/mesa4dia9.mp3\",\"type\":\"audio\/mpeg\",\"title\":\"Conclusiones de la mesa de trabajo no.4 durante la Asamblea Nacional del 9 de abril realizada en Amilcingo, Morelos\",\"caption\":\"\",\"description\":\"\\\"mesa4dia9\\\". G\\u00e9nero: Blues.\",\"meta\":{\"genre\":\"Blues\",\"length_formatted\":\"3:56\"},\"image\":{\"src\":\"https:\/\/radiozapatista.org\/wp-includes\/images\/media\/audio.svg\",\"width\":48,\"height\":64},\"thumb\":{\"src\":\"https:\/\/radiozapatista.org\/wp-includes\/images\/media\/audio.svg\",\"width\":48,\"height\":64}},{\"src\":\"https:\/\/radiozapatista.org\/wp-content\/uploads\/2019\/04\/mesa5dia9.mp3\",\"type\":\"audio\/mpeg\",\"title\":\"Conclusiones de la mesa de trabajo no.5 durante la Asamblea Nacional del 9 de abril realizada en Amilcingo, Morelos\",\"caption\":\"\",\"description\":\"\\\"mesa5dia9\\\". G\\u00e9nero: Blues.\",\"meta\":{\"genre\":\"Blues\",\"length_formatted\":\"4:15\"},\"image\":{\"src\":\"https:\/\/radiozapatista.org\/wp-includes\/images\/media\/audio.svg\",\"width\":48,\"height\":64},\"thumb\":{\"src\":\"https:\/\/radiozapatista.org\/wp-includes\/images\/media\/audio.svg\",\"width\":48,\"height\":64}}]}<\/script>\n<\/div>\n\t\n<p>Los pueblos, organizaciones e individuos que participaron en la asamblea acordaron unir fuerzas para enfrentar la amenaza, declarando emergencia nacional ante cualquier intento de imponer megaproyectos que atenten contra los pueblos y sus territorios, construyendo y fortaleciendo la articulaci\u00f3n de luchas locales, regionales y nacionales. Y ser\u00e1 justamente en el Istmo de Tehuantepec, uno de los territorios m\u00e1s amenazados por los proyectos del capital, donde se realizar\u00e1 la segunda asamblea de esta articulaci\u00f3n de fuerzas que se reh\u00fasa a aceptar la versi\u00f3n <em>hipster<\/em> de una revoluci\u00f3n inofensiva porque no cambia nada. \u201cAqu\u00ed quien habla es la tierra. Es la voz de la tierra, los r\u00edos, las monta\u00f1as, los cerros, el manantial \u2014dijo la misma compa\u00f1era, incansable con sus muchos a\u00f1os a cuestas\u2014. Damos gracias a este lugar, porque lo m\u00e1s hermoso de un pueblo es cuando nos unimos todos. Aqu\u00ed nos quitamos el yugo\u2026 es lo que estamos haciendo.\u201d<\/p>\n<p><img loading=\"lazy\" decoding=\"async\" class=\"alignnone size-large wp-image-31366\" src=\"https:\/\/radiozapatista.org\/wp-content\/uploads\/2019\/04\/zapatista_aniversario13-1024x683.jpg\" alt=\"\" width=\"1024\" height=\"683\" srcset=\"https:\/\/radiozapatista.org\/wp-content\/uploads\/2019\/04\/zapatista_aniversario13.jpg 1024w, https:\/\/radiozapatista.org\/wp-content\/uploads\/2019\/04\/zapatista_aniversario13-350x233.jpg 350w, https:\/\/radiozapatista.org\/wp-content\/uploads\/2019\/04\/zapatista_aniversario13-768x512.jpg 768w, https:\/\/radiozapatista.org\/wp-content\/uploads\/2019\/04\/zapatista_aniversario13-700x466.jpg 700w\" sizes=\"auto, (max-width: 1024px) 100vw, 1024px\" \/>En Chinameca y en 10 de abril se mezclan pasado y presente con miras a un mejor futuro porque \u201cen esta tierra se gesta la revoluci\u00f3n\u201d. Los pueblos que trabajan por tierra y libertad se organizan en el dolor y la rabia. Desde su templete sencillo se escuchan verdades complejas. \u201cSi no nos unimos y no nos volvemos m\u00e1s rebeldes\u201d nos van a seguir aplastando. Que sepan las empresas que \u201cla tierra est\u00e1 viva y a ella nos debemos\u201d, que aqu\u00ed, como en el Kurdist\u00e1n, \u201clas mujeres abren los caminos que el patriarcado les cierra\u201d y que \u201clas ideas no pueden ser detenidas\u201d. Zapata vive, Samir vive. Aqu\u00ed la lucha sigue. \u201cAMLO no es el due\u00f1o\u201d del agua ni de la tierra ni del aire ni del fuego. \u201cNo le venimos a hacer la guerra; \u00e9l nos la hizo a nosotros\u201d. Que le informen \u201cque la dignidad no se vende y que la vida no se negocia\u201d. Aqu\u00ed \u201cnos faltan 43\u201d y miles m\u00e1s. En esta tierra donde mataron a Zapata y a Samir, \u201ccada gota de nuestro sudor, cada sangre es para generar m\u00e1s conciencia\u201d. Aqu\u00ed nombramos y recordamos cada asesinato, cada desaparici\u00f3n, cada tortura porque no somos \u201creba\u00f1os de esclavos\u201d. Y aunque \u201cha reaparecido la guerra de antes\u201d, nos organizamos y avanzamos.<\/p>\n<p>Aqu\u00ed, \u201cla lucha zapatista pervivir\u00e1, los pueblos originarios pervivir\u00e1n\u201d.<\/p>\n<p>&nbsp;<\/p>\n<p>Ve las im\u00e1genes:<br \/>\n<!--more--><\/p>\n<p>Chinameca, 10 de abril de 2019:<\/p>\n\n\t\t<style type=\"text\/css\">\n\t\t\t#gallery-1 {\n\t\t\t\tmargin: auto;\n\t\t\t}\n\t\t\t#gallery-1 .gallery-item {\n\t\t\t\tfloat: left;\n\t\t\t\tmargin-top: 10px;\n\t\t\t\ttext-align: center;\n\t\t\t\twidth: 33%;\n\t\t\t}\n\t\t\t#gallery-1 img {\n\t\t\t\tborder: 2px solid #cfcfcf;\n\t\t\t}\n\t\t\t#gallery-1 .gallery-caption {\n\t\t\t\tmargin-left: 0;\n\t\t\t}\n\t\t\t\/* see gallery_shortcode() in wp-includes\/media.php *\/\n\t\t<\/style>\n\t\t<div id='gallery-1' class='gallery galleryid-31338 gallery-columns-3 gallery-size-medium'><dl class='gallery-item'>\n\t\t\t<dt class='gallery-icon landscape'>\n\t\t\t\t<a href='https:\/\/radiozapatista.org\/wp-content\/uploads\/2019\/04\/Copia-de-DSC07891-1024x680.jpg'><img loading=\"lazy\" decoding=\"async\" width=\"350\" height=\"232\" src=\"https:\/\/radiozapatista.org\/wp-content\/uploads\/2019\/04\/Copia-de-DSC07891-1024x680-350x232.jpg\" class=\"attachment-medium size-medium\" alt=\"\" srcset=\"https:\/\/radiozapatista.org\/wp-content\/uploads\/2019\/04\/Copia-de-DSC07891-1024x680-350x232.jpg 350w, https:\/\/radiozapatista.org\/wp-content\/uploads\/2019\/04\/Copia-de-DSC07891-1024x680-768x510.jpg 768w, https:\/\/radiozapatista.org\/wp-content\/uploads\/2019\/04\/Copia-de-DSC07891-1024x680.jpg 1024w, https:\/\/radiozapatista.org\/wp-content\/uploads\/2019\/04\/Copia-de-DSC07891-1024x680-700x466.jpg 700w\" sizes=\"auto, (max-width: 350px) 100vw, 350px\" \/><\/a>\n\t\t\t<\/dt><\/dl><dl class='gallery-item'>\n\t\t\t<dt class='gallery-icon landscape'>\n\t\t\t\t<a href='https:\/\/radiozapatista.org\/wp-content\/uploads\/2019\/04\/Copia-de-DSC07888-700x466.jpg'><img loading=\"lazy\" decoding=\"async\" width=\"350\" height=\"233\" src=\"https:\/\/radiozapatista.org\/wp-content\/uploads\/2019\/04\/Copia-de-DSC07888-700x466-350x233.jpg\" class=\"attachment-medium size-medium\" alt=\"\" srcset=\"https:\/\/radiozapatista.org\/wp-content\/uploads\/2019\/04\/Copia-de-DSC07888-700x466-350x233.jpg 350w, https:\/\/radiozapatista.org\/wp-content\/uploads\/2019\/04\/Copia-de-DSC07888-700x466.jpg 700w\" sizes=\"auto, (max-width: 350px) 100vw, 350px\" \/><\/a>\n\t\t\t<\/dt><\/dl><dl class='gallery-item'>\n\t\t\t<dt class='gallery-icon landscape'>\n\t\t\t\t<a href='https:\/\/radiozapatista.org\/wp-content\/uploads\/2019\/04\/Copia-de-DSC07885-1024x680.jpg'><img loading=\"lazy\" decoding=\"async\" width=\"350\" height=\"232\" src=\"https:\/\/radiozapatista.org\/wp-content\/uploads\/2019\/04\/Copia-de-DSC07885-1024x680-350x232.jpg\" class=\"attachment-medium size-medium\" alt=\"\" srcset=\"https:\/\/radiozapatista.org\/wp-content\/uploads\/2019\/04\/Copia-de-DSC07885-1024x680-350x232.jpg 350w, https:\/\/radiozapatista.org\/wp-content\/uploads\/2019\/04\/Copia-de-DSC07885-1024x680-768x510.jpg 768w, https:\/\/radiozapatista.org\/wp-content\/uploads\/2019\/04\/Copia-de-DSC07885-1024x680.jpg 1024w, https:\/\/radiozapatista.org\/wp-content\/uploads\/2019\/04\/Copia-de-DSC07885-1024x680-700x466.jpg 700w\" sizes=\"auto, (max-width: 350px) 100vw, 350px\" \/><\/a>\n\t\t\t<\/dt><\/dl><br style=\"clear: both\" \/><dl class='gallery-item'>\n\t\t\t<dt class='gallery-icon landscape'>\n\t\t\t\t<a href='https:\/\/radiozapatista.org\/wp-content\/uploads\/2019\/04\/IMG_9418.jpg'><img loading=\"lazy\" decoding=\"async\" width=\"350\" height=\"233\" src=\"https:\/\/radiozapatista.org\/wp-content\/uploads\/2019\/04\/IMG_9418-350x233.jpg\" class=\"attachment-medium size-medium\" alt=\"\" srcset=\"https:\/\/radiozapatista.org\/wp-content\/uploads\/2019\/04\/IMG_9418-350x233.jpg 350w, https:\/\/radiozapatista.org\/wp-content\/uploads\/2019\/04\/IMG_9418-768x512.jpg 768w, https:\/\/radiozapatista.org\/wp-content\/uploads\/2019\/04\/IMG_9418-700x466.jpg 700w, https:\/\/radiozapatista.org\/wp-content\/uploads\/2019\/04\/IMG_9418.jpg 1000w\" sizes=\"auto, (max-width: 350px) 100vw, 350px\" \/><\/a>\n\t\t\t<\/dt><\/dl><dl class='gallery-item'>\n\t\t\t<dt class='gallery-icon landscape'>\n\t\t\t\t<a href='https:\/\/radiozapatista.org\/wp-content\/uploads\/2019\/04\/IMG_9408.jpg'><img loading=\"lazy\" decoding=\"async\" width=\"350\" height=\"233\" src=\"https:\/\/radiozapatista.org\/wp-content\/uploads\/2019\/04\/IMG_9408-350x233.jpg\" class=\"attachment-medium size-medium\" alt=\"\" srcset=\"https:\/\/radiozapatista.org\/wp-content\/uploads\/2019\/04\/IMG_9408-350x233.jpg 350w, https:\/\/radiozapatista.org\/wp-content\/uploads\/2019\/04\/IMG_9408-768x512.jpg 768w, https:\/\/radiozapatista.org\/wp-content\/uploads\/2019\/04\/IMG_9408-700x466.jpg 700w, https:\/\/radiozapatista.org\/wp-content\/uploads\/2019\/04\/IMG_9408.jpg 1000w\" sizes=\"auto, (max-width: 350px) 100vw, 350px\" \/><\/a>\n\t\t\t<\/dt><\/dl><dl class='gallery-item'>\n\t\t\t<dt class='gallery-icon landscape'>\n\t\t\t\t<a href='https:\/\/radiozapatista.org\/wp-content\/uploads\/2019\/04\/DSC07849-1024x680.jpg'><img loading=\"lazy\" decoding=\"async\" width=\"350\" height=\"232\" src=\"https:\/\/radiozapatista.org\/wp-content\/uploads\/2019\/04\/DSC07849-1024x680-350x232.jpg\" class=\"attachment-medium size-medium\" alt=\"\" srcset=\"https:\/\/radiozapatista.org\/wp-content\/uploads\/2019\/04\/DSC07849-1024x680-350x232.jpg 350w, https:\/\/radiozapatista.org\/wp-content\/uploads\/2019\/04\/DSC07849-1024x680-768x510.jpg 768w, https:\/\/radiozapatista.org\/wp-content\/uploads\/2019\/04\/DSC07849-1024x680.jpg 1024w, https:\/\/radiozapatista.org\/wp-content\/uploads\/2019\/04\/DSC07849-1024x680-700x466.jpg 700w\" sizes=\"auto, (max-width: 350px) 100vw, 350px\" \/><\/a>\n\t\t\t<\/dt><\/dl><br style=\"clear: both\" \/><dl class='gallery-item'>\n\t\t\t<dt class='gallery-icon landscape'>\n\t\t\t\t<a href='https:\/\/radiozapatista.org\/wp-content\/uploads\/2019\/04\/DSC07840-1024x680.jpg'><img loading=\"lazy\" decoding=\"async\" width=\"350\" height=\"232\" src=\"https:\/\/radiozapatista.org\/wp-content\/uploads\/2019\/04\/DSC07840-1024x680-350x232.jpg\" class=\"attachment-medium size-medium\" alt=\"\" srcset=\"https:\/\/radiozapatista.org\/wp-content\/uploads\/2019\/04\/DSC07840-1024x680-350x232.jpg 350w, https:\/\/radiozapatista.org\/wp-content\/uploads\/2019\/04\/DSC07840-1024x680-768x510.jpg 768w, https:\/\/radiozapatista.org\/wp-content\/uploads\/2019\/04\/DSC07840-1024x680.jpg 1024w, https:\/\/radiozapatista.org\/wp-content\/uploads\/2019\/04\/DSC07840-1024x680-700x466.jpg 700w\" sizes=\"auto, (max-width: 350px) 100vw, 350px\" \/><\/a>\n\t\t\t<\/dt><\/dl><dl class='gallery-item'>\n\t\t\t<dt class='gallery-icon landscape'>\n\t\t\t\t<a href='https:\/\/radiozapatista.org\/wp-content\/uploads\/2019\/04\/DSC07810-1024x680.jpg'><img loading=\"lazy\" decoding=\"async\" width=\"350\" height=\"232\" src=\"https:\/\/radiozapatista.org\/wp-content\/uploads\/2019\/04\/DSC07810-1024x680-350x232.jpg\" class=\"attachment-medium size-medium\" alt=\"\" srcset=\"https:\/\/radiozapatista.org\/wp-content\/uploads\/2019\/04\/DSC07810-1024x680-350x232.jpg 350w, https:\/\/radiozapatista.org\/wp-content\/uploads\/2019\/04\/DSC07810-1024x680-768x510.jpg 768w, https:\/\/radiozapatista.org\/wp-content\/uploads\/2019\/04\/DSC07810-1024x680.jpg 1024w, https:\/\/radiozapatista.org\/wp-content\/uploads\/2019\/04\/DSC07810-1024x680-700x466.jpg 700w\" sizes=\"auto, (max-width: 350px) 100vw, 350px\" \/><\/a>\n\t\t\t<\/dt><\/dl><dl class='gallery-item'>\n\t\t\t<dt class='gallery-icon landscape'>\n\t\t\t\t<a href='https:\/\/radiozapatista.org\/wp-content\/uploads\/2019\/04\/zapatista_aniversario19.jpg'><img loading=\"lazy\" decoding=\"async\" width=\"350\" height=\"233\" src=\"https:\/\/radiozapatista.org\/wp-content\/uploads\/2019\/04\/zapatista_aniversario19-350x233.jpg\" class=\"attachment-medium size-medium\" alt=\"\" srcset=\"https:\/\/radiozapatista.org\/wp-content\/uploads\/2019\/04\/zapatista_aniversario19-350x233.jpg 350w, https:\/\/radiozapatista.org\/wp-content\/uploads\/2019\/04\/zapatista_aniversario19-768x512.jpg 768w, https:\/\/radiozapatista.org\/wp-content\/uploads\/2019\/04\/zapatista_aniversario19.jpg 1024w, https:\/\/radiozapatista.org\/wp-content\/uploads\/2019\/04\/zapatista_aniversario19-700x466.jpg 700w\" sizes=\"auto, (max-width: 350px) 100vw, 350px\" \/><\/a>\n\t\t\t<\/dt><\/dl><br style=\"clear: both\" \/><dl class='gallery-item'>\n\t\t\t<dt class='gallery-icon landscape'>\n\t\t\t\t<a href='https:\/\/radiozapatista.org\/wp-content\/uploads\/2019\/04\/zapatista_aniversario18.jpg'><img loading=\"lazy\" decoding=\"async\" width=\"350\" height=\"233\" src=\"https:\/\/radiozapatista.org\/wp-content\/uploads\/2019\/04\/zapatista_aniversario18-350x233.jpg\" class=\"attachment-medium size-medium\" alt=\"\" srcset=\"https:\/\/radiozapatista.org\/wp-content\/uploads\/2019\/04\/zapatista_aniversario18-350x233.jpg 350w, https:\/\/radiozapatista.org\/wp-content\/uploads\/2019\/04\/zapatista_aniversario18-768x512.jpg 768w, https:\/\/radiozapatista.org\/wp-content\/uploads\/2019\/04\/zapatista_aniversario18.jpg 1024w, https:\/\/radiozapatista.org\/wp-content\/uploads\/2019\/04\/zapatista_aniversario18-700x466.jpg 700w\" sizes=\"auto, (max-width: 350px) 100vw, 350px\" \/><\/a>\n\t\t\t<\/dt><\/dl><dl class='gallery-item'>\n\t\t\t<dt class='gallery-icon landscape'>\n\t\t\t\t<a href='https:\/\/radiozapatista.org\/wp-content\/uploads\/2019\/04\/zapatista_aniversario17.jpg'><img loading=\"lazy\" decoding=\"async\" width=\"350\" height=\"233\" src=\"https:\/\/radiozapatista.org\/wp-content\/uploads\/2019\/04\/zapatista_aniversario17-350x233.jpg\" class=\"attachment-medium size-medium\" alt=\"\" srcset=\"https:\/\/radiozapatista.org\/wp-content\/uploads\/2019\/04\/zapatista_aniversario17-350x233.jpg 350w, https:\/\/radiozapatista.org\/wp-content\/uploads\/2019\/04\/zapatista_aniversario17-768x512.jpg 768w, https:\/\/radiozapatista.org\/wp-content\/uploads\/2019\/04\/zapatista_aniversario17.jpg 1024w, https:\/\/radiozapatista.org\/wp-content\/uploads\/2019\/04\/zapatista_aniversario17-700x466.jpg 700w\" sizes=\"auto, (max-width: 350px) 100vw, 350px\" \/><\/a>\n\t\t\t<\/dt><\/dl><dl class='gallery-item'>\n\t\t\t<dt class='gallery-icon landscape'>\n\t\t\t\t<a href='https:\/\/radiozapatista.org\/wp-content\/uploads\/2019\/04\/zapatista_aniversario16.jpg'><img loading=\"lazy\" decoding=\"async\" width=\"350\" height=\"233\" src=\"https:\/\/radiozapatista.org\/wp-content\/uploads\/2019\/04\/zapatista_aniversario16-350x233.jpg\" class=\"attachment-medium size-medium\" alt=\"\" srcset=\"https:\/\/radiozapatista.org\/wp-content\/uploads\/2019\/04\/zapatista_aniversario16-350x233.jpg 350w, https:\/\/radiozapatista.org\/wp-content\/uploads\/2019\/04\/zapatista_aniversario16-768x512.jpg 768w, https:\/\/radiozapatista.org\/wp-content\/uploads\/2019\/04\/zapatista_aniversario16.jpg 1024w, https:\/\/radiozapatista.org\/wp-content\/uploads\/2019\/04\/zapatista_aniversario16-700x466.jpg 700w\" sizes=\"auto, (max-width: 350px) 100vw, 350px\" \/><\/a>\n\t\t\t<\/dt><\/dl><br style=\"clear: both\" \/><dl class='gallery-item'>\n\t\t\t<dt class='gallery-icon landscape'>\n\t\t\t\t<a href='https:\/\/radiozapatista.org\/wp-content\/uploads\/2019\/04\/zapatista_aniversario15.jpg'><img loading=\"lazy\" decoding=\"async\" width=\"350\" height=\"233\" src=\"https:\/\/radiozapatista.org\/wp-content\/uploads\/2019\/04\/zapatista_aniversario15-350x233.jpg\" class=\"attachment-medium size-medium\" alt=\"\" srcset=\"https:\/\/radiozapatista.org\/wp-content\/uploads\/2019\/04\/zapatista_aniversario15-350x233.jpg 350w, https:\/\/radiozapatista.org\/wp-content\/uploads\/2019\/04\/zapatista_aniversario15-768x512.jpg 768w, https:\/\/radiozapatista.org\/wp-content\/uploads\/2019\/04\/zapatista_aniversario15.jpg 1024w, https:\/\/radiozapatista.org\/wp-content\/uploads\/2019\/04\/zapatista_aniversario15-700x466.jpg 700w\" sizes=\"auto, (max-width: 350px) 100vw, 350px\" \/><\/a>\n\t\t\t<\/dt><\/dl><dl class='gallery-item'>\n\t\t\t<dt class='gallery-icon landscape'>\n\t\t\t\t<a href='https:\/\/radiozapatista.org\/wp-content\/uploads\/2019\/04\/zapatista_aniversario13.jpg'><img loading=\"lazy\" decoding=\"async\" width=\"350\" height=\"233\" src=\"https:\/\/radiozapatista.org\/wp-content\/uploads\/2019\/04\/zapatista_aniversario13-350x233.jpg\" class=\"attachment-medium size-medium\" alt=\"\" srcset=\"https:\/\/radiozapatista.org\/wp-content\/uploads\/2019\/04\/zapatista_aniversario13-350x233.jpg 350w, https:\/\/radiozapatista.org\/wp-content\/uploads\/2019\/04\/zapatista_aniversario13-768x512.jpg 768w, https:\/\/radiozapatista.org\/wp-content\/uploads\/2019\/04\/zapatista_aniversario13.jpg 1024w, https:\/\/radiozapatista.org\/wp-content\/uploads\/2019\/04\/zapatista_aniversario13-700x466.jpg 700w\" sizes=\"auto, (max-width: 350px) 100vw, 350px\" \/><\/a>\n\t\t\t<\/dt><\/dl><dl class='gallery-item'>\n\t\t\t<dt class='gallery-icon landscape'>\n\t\t\t\t<a href='https:\/\/radiozapatista.org\/wp-content\/uploads\/2019\/04\/zapatista_aniversario14.jpg'><img loading=\"lazy\" decoding=\"async\" width=\"350\" height=\"233\" src=\"https:\/\/radiozapatista.org\/wp-content\/uploads\/2019\/04\/zapatista_aniversario14-350x233.jpg\" class=\"attachment-medium size-medium\" alt=\"\" srcset=\"https:\/\/radiozapatista.org\/wp-content\/uploads\/2019\/04\/zapatista_aniversario14-350x233.jpg 350w, https:\/\/radiozapatista.org\/wp-content\/uploads\/2019\/04\/zapatista_aniversario14-768x512.jpg 768w, https:\/\/radiozapatista.org\/wp-content\/uploads\/2019\/04\/zapatista_aniversario14.jpg 1024w, https:\/\/radiozapatista.org\/wp-content\/uploads\/2019\/04\/zapatista_aniversario14-700x466.jpg 700w\" sizes=\"auto, (max-width: 350px) 100vw, 350px\" \/><\/a>\n\t\t\t<\/dt><\/dl><br style=\"clear: both\" \/><dl class='gallery-item'>\n\t\t\t<dt class='gallery-icon landscape'>\n\t\t\t\t<a href='https:\/\/radiozapatista.org\/wp-content\/uploads\/2019\/04\/DSC07807-1024x680.jpg'><img loading=\"lazy\" decoding=\"async\" width=\"350\" height=\"232\" src=\"https:\/\/radiozapatista.org\/wp-content\/uploads\/2019\/04\/DSC07807-1024x680-350x232.jpg\" class=\"attachment-medium size-medium\" alt=\"\" srcset=\"https:\/\/radiozapatista.org\/wp-content\/uploads\/2019\/04\/DSC07807-1024x680-350x232.jpg 350w, https:\/\/radiozapatista.org\/wp-content\/uploads\/2019\/04\/DSC07807-1024x680-768x510.jpg 768w, https:\/\/radiozapatista.org\/wp-content\/uploads\/2019\/04\/DSC07807-1024x680.jpg 1024w, https:\/\/radiozapatista.org\/wp-content\/uploads\/2019\/04\/DSC07807-1024x680-700x466.jpg 700w\" sizes=\"auto, (max-width: 350px) 100vw, 350px\" \/><\/a>\n\t\t\t<\/dt><\/dl><dl class='gallery-item'>\n\t\t\t<dt class='gallery-icon landscape'>\n\t\t\t\t<a href='https:\/\/radiozapatista.org\/wp-content\/uploads\/2019\/04\/DSC07825-e1555178539746-700x466.jpg'><img loading=\"lazy\" decoding=\"async\" width=\"350\" height=\"233\" src=\"https:\/\/radiozapatista.org\/wp-content\/uploads\/2019\/04\/DSC07825-e1555178539746-700x466-350x233.jpg\" class=\"attachment-medium size-medium\" alt=\"\" srcset=\"https:\/\/radiozapatista.org\/wp-content\/uploads\/2019\/04\/DSC07825-e1555178539746-700x466-350x233.jpg 350w, https:\/\/radiozapatista.org\/wp-content\/uploads\/2019\/04\/DSC07825-e1555178539746-700x466.jpg 700w\" sizes=\"auto, (max-width: 350px) 100vw, 350px\" \/><\/a>\n\t\t\t<\/dt><\/dl><dl class='gallery-item'>\n\t\t\t<dt class='gallery-icon landscape'>\n\t\t\t\t<a href='https:\/\/radiozapatista.org\/wp-content\/uploads\/2019\/04\/DSC07785-1024x680.jpg'><img loading=\"lazy\" decoding=\"async\" width=\"350\" height=\"232\" src=\"https:\/\/radiozapatista.org\/wp-content\/uploads\/2019\/04\/DSC07785-1024x680-350x232.jpg\" class=\"attachment-medium size-medium\" alt=\"\" srcset=\"https:\/\/radiozapatista.org\/wp-content\/uploads\/2019\/04\/DSC07785-1024x680-350x232.jpg 350w, https:\/\/radiozapatista.org\/wp-content\/uploads\/2019\/04\/DSC07785-1024x680-768x510.jpg 768w, https:\/\/radiozapatista.org\/wp-content\/uploads\/2019\/04\/DSC07785-1024x680.jpg 1024w, https:\/\/radiozapatista.org\/wp-content\/uploads\/2019\/04\/DSC07785-1024x680-700x466.jpg 700w\" sizes=\"auto, (max-width: 350px) 100vw, 350px\" \/><\/a>\n\t\t\t<\/dt><\/dl><br style=\"clear: both\" \/><dl class='gallery-item'>\n\t\t\t<dt class='gallery-icon landscape'>\n\t\t\t\t<a href='https:\/\/radiozapatista.org\/wp-content\/uploads\/2019\/04\/DSC07792-1024x680.jpg'><img loading=\"lazy\" decoding=\"async\" width=\"350\" height=\"232\" src=\"https:\/\/radiozapatista.org\/wp-content\/uploads\/2019\/04\/DSC07792-1024x680-350x232.jpg\" class=\"attachment-medium size-medium\" alt=\"\" srcset=\"https:\/\/radiozapatista.org\/wp-content\/uploads\/2019\/04\/DSC07792-1024x680-350x232.jpg 350w, https:\/\/radiozapatista.org\/wp-content\/uploads\/2019\/04\/DSC07792-1024x680-768x510.jpg 768w, https:\/\/radiozapatista.org\/wp-content\/uploads\/2019\/04\/DSC07792-1024x680.jpg 1024w, https:\/\/radiozapatista.org\/wp-content\/uploads\/2019\/04\/DSC07792-1024x680-700x466.jpg 700w\" sizes=\"auto, (max-width: 350px) 100vw, 350px\" \/><\/a>\n\t\t\t<\/dt><\/dl><dl class='gallery-item'>\n\t\t\t<dt class='gallery-icon landscape'>\n\t\t\t\t<a href='https:\/\/radiozapatista.org\/wp-content\/uploads\/2019\/04\/DSC07794-1024x680.jpg'><img loading=\"lazy\" decoding=\"async\" width=\"350\" height=\"232\" src=\"https:\/\/radiozapatista.org\/wp-content\/uploads\/2019\/04\/DSC07794-1024x680-350x232.jpg\" class=\"attachment-medium size-medium\" alt=\"\" srcset=\"https:\/\/radiozapatista.org\/wp-content\/uploads\/2019\/04\/DSC07794-1024x680-350x232.jpg 350w, https:\/\/radiozapatista.org\/wp-content\/uploads\/2019\/04\/DSC07794-1024x680-768x510.jpg 768w, https:\/\/radiozapatista.org\/wp-content\/uploads\/2019\/04\/DSC07794-1024x680.jpg 1024w, https:\/\/radiozapatista.org\/wp-content\/uploads\/2019\/04\/DSC07794-1024x680-700x466.jpg 700w\" sizes=\"auto, (max-width: 350px) 100vw, 350px\" \/><\/a>\n\t\t\t<\/dt><\/dl><dl class='gallery-item'>\n\t\t\t<dt class='gallery-icon landscape'>\n\t\t\t\t<a href='https:\/\/radiozapatista.org\/wp-content\/uploads\/2019\/04\/DSC07874-e1555178515135-700x466.jpg'><img loading=\"lazy\" decoding=\"async\" width=\"350\" height=\"233\" src=\"https:\/\/radiozapatista.org\/wp-content\/uploads\/2019\/04\/DSC07874-e1555178515135-700x466-350x233.jpg\" class=\"attachment-medium size-medium\" alt=\"\" srcset=\"https:\/\/radiozapatista.org\/wp-content\/uploads\/2019\/04\/DSC07874-e1555178515135-700x466-350x233.jpg 350w, https:\/\/radiozapatista.org\/wp-content\/uploads\/2019\/04\/DSC07874-e1555178515135-700x466.jpg 700w\" sizes=\"auto, (max-width: 350px) 100vw, 350px\" \/><\/a>\n\t\t\t<\/dt><\/dl><br style=\"clear: both\" \/><dl class='gallery-item'>\n\t\t\t<dt class='gallery-icon landscape'>\n\t\t\t\t<a href='https:\/\/radiozapatista.org\/wp-content\/uploads\/2019\/04\/DSC07868-1024x680.jpg'><img loading=\"lazy\" decoding=\"async\" width=\"350\" height=\"232\" src=\"https:\/\/radiozapatista.org\/wp-content\/uploads\/2019\/04\/DSC07868-1024x680-350x232.jpg\" class=\"attachment-medium size-medium\" alt=\"\" srcset=\"https:\/\/radiozapatista.org\/wp-content\/uploads\/2019\/04\/DSC07868-1024x680-350x232.jpg 350w, https:\/\/radiozapatista.org\/wp-content\/uploads\/2019\/04\/DSC07868-1024x680-768x510.jpg 768w, https:\/\/radiozapatista.org\/wp-content\/uploads\/2019\/04\/DSC07868-1024x680.jpg 1024w, https:\/\/radiozapatista.org\/wp-content\/uploads\/2019\/04\/DSC07868-1024x680-700x466.jpg 700w\" sizes=\"auto, (max-width: 350px) 100vw, 350px\" \/><\/a>\n\t\t\t<\/dt><\/dl><dl class='gallery-item'>\n\t\t\t<dt class='gallery-icon landscape'>\n\t\t\t\t<a href='https:\/\/radiozapatista.org\/wp-content\/uploads\/2019\/04\/zapatista_aniversario21.jpg'><img loading=\"lazy\" decoding=\"async\" width=\"350\" height=\"233\" src=\"https:\/\/radiozapatista.org\/wp-content\/uploads\/2019\/04\/zapatista_aniversario21-350x233.jpg\" class=\"attachment-medium size-medium\" alt=\"\" srcset=\"https:\/\/radiozapatista.org\/wp-content\/uploads\/2019\/04\/zapatista_aniversario21-350x233.jpg 350w, https:\/\/radiozapatista.org\/wp-content\/uploads\/2019\/04\/zapatista_aniversario21-768x512.jpg 768w, https:\/\/radiozapatista.org\/wp-content\/uploads\/2019\/04\/zapatista_aniversario21.jpg 1024w, https:\/\/radiozapatista.org\/wp-content\/uploads\/2019\/04\/zapatista_aniversario21-700x466.jpg 700w\" sizes=\"auto, (max-width: 350px) 100vw, 350px\" \/><\/a>\n\t\t\t<\/dt><\/dl><dl class='gallery-item'>\n\t\t\t<dt class='gallery-icon landscape'>\n\t\t\t\t<a href='https:\/\/radiozapatista.org\/wp-content\/uploads\/2019\/04\/zapatista_aniversario20.jpg'><img loading=\"lazy\" decoding=\"async\" width=\"350\" height=\"233\" src=\"https:\/\/radiozapatista.org\/wp-content\/uploads\/2019\/04\/zapatista_aniversario20-350x233.jpg\" class=\"attachment-medium size-medium\" alt=\"\" srcset=\"https:\/\/radiozapatista.org\/wp-content\/uploads\/2019\/04\/zapatista_aniversario20-350x233.jpg 350w, https:\/\/radiozapatista.org\/wp-content\/uploads\/2019\/04\/zapatista_aniversario20-768x512.jpg 768w, https:\/\/radiozapatista.org\/wp-content\/uploads\/2019\/04\/zapatista_aniversario20.jpg 1024w, https:\/\/radiozapatista.org\/wp-content\/uploads\/2019\/04\/zapatista_aniversario20-700x466.jpg 700w\" sizes=\"auto, (max-width: 350px) 100vw, 350px\" \/><\/a>\n\t\t\t<\/dt><\/dl><br style=\"clear: both\" \/><dl class='gallery-item'>\n\t\t\t<dt class='gallery-icon landscape'>\n\t\t\t\t<a href='https:\/\/radiozapatista.org\/wp-content\/uploads\/2019\/04\/zapatista_aniversario12.jpg'><img loading=\"lazy\" decoding=\"async\" width=\"350\" height=\"233\" src=\"https:\/\/radiozapatista.org\/wp-content\/uploads\/2019\/04\/zapatista_aniversario12-350x233.jpg\" class=\"attachment-medium size-medium\" alt=\"\" srcset=\"https:\/\/radiozapatista.org\/wp-content\/uploads\/2019\/04\/zapatista_aniversario12-350x233.jpg 350w, https:\/\/radiozapatista.org\/wp-content\/uploads\/2019\/04\/zapatista_aniversario12-768x512.jpg 768w, https:\/\/radiozapatista.org\/wp-content\/uploads\/2019\/04\/zapatista_aniversario12.jpg 1024w, https:\/\/radiozapatista.org\/wp-content\/uploads\/2019\/04\/zapatista_aniversario12-700x466.jpg 700w\" sizes=\"auto, (max-width: 350px) 100vw, 350px\" \/><\/a>\n\t\t\t<\/dt><\/dl><dl class='gallery-item'>\n\t\t\t<dt class='gallery-icon landscape'>\n\t\t\t\t<a href='https:\/\/radiozapatista.org\/wp-content\/uploads\/2019\/04\/zapatista_aniversario11.jpg'><img loading=\"lazy\" decoding=\"async\" width=\"350\" height=\"233\" src=\"https:\/\/radiozapatista.org\/wp-content\/uploads\/2019\/04\/zapatista_aniversario11-350x233.jpg\" class=\"attachment-medium size-medium\" alt=\"\" srcset=\"https:\/\/radiozapatista.org\/wp-content\/uploads\/2019\/04\/zapatista_aniversario11-350x233.jpg 350w, https:\/\/radiozapatista.org\/wp-content\/uploads\/2019\/04\/zapatista_aniversario11-768x512.jpg 768w, https:\/\/radiozapatista.org\/wp-content\/uploads\/2019\/04\/zapatista_aniversario11.jpg 1024w, https:\/\/radiozapatista.org\/wp-content\/uploads\/2019\/04\/zapatista_aniversario11-700x466.jpg 700w\" sizes=\"auto, (max-width: 350px) 100vw, 350px\" \/><\/a>\n\t\t\t<\/dt><\/dl><dl class='gallery-item'>\n\t\t\t<dt class='gallery-icon landscape'>\n\t\t\t\t<a href='https:\/\/radiozapatista.org\/wp-content\/uploads\/2019\/04\/zapatista_aniversario10.jpg'><img loading=\"lazy\" decoding=\"async\" width=\"350\" height=\"233\" src=\"https:\/\/radiozapatista.org\/wp-content\/uploads\/2019\/04\/zapatista_aniversario10-350x233.jpg\" class=\"attachment-medium size-medium\" alt=\"\" srcset=\"https:\/\/radiozapatista.org\/wp-content\/uploads\/2019\/04\/zapatista_aniversario10-350x233.jpg 350w, https:\/\/radiozapatista.org\/wp-content\/uploads\/2019\/04\/zapatista_aniversario10-768x512.jpg 768w, https:\/\/radiozapatista.org\/wp-content\/uploads\/2019\/04\/zapatista_aniversario10.jpg 1024w, https:\/\/radiozapatista.org\/wp-content\/uploads\/2019\/04\/zapatista_aniversario10-700x466.jpg 700w\" sizes=\"auto, (max-width: 350px) 100vw, 350px\" \/><\/a>\n\t\t\t<\/dt><\/dl><br style=\"clear: both\" \/><dl class='gallery-item'>\n\t\t\t<dt class='gallery-icon landscape'>\n\t\t\t\t<a href='https:\/\/radiozapatista.org\/wp-content\/uploads\/2019\/04\/zapatista_aniversario8.jpg'><img loading=\"lazy\" decoding=\"async\" width=\"350\" height=\"233\" src=\"https:\/\/radiozapatista.org\/wp-content\/uploads\/2019\/04\/zapatista_aniversario8-350x233.jpg\" class=\"attachment-medium size-medium\" alt=\"\" srcset=\"https:\/\/radiozapatista.org\/wp-content\/uploads\/2019\/04\/zapatista_aniversario8-350x233.jpg 350w, https:\/\/radiozapatista.org\/wp-content\/uploads\/2019\/04\/zapatista_aniversario8-768x512.jpg 768w, https:\/\/radiozapatista.org\/wp-content\/uploads\/2019\/04\/zapatista_aniversario8.jpg 1024w, https:\/\/radiozapatista.org\/wp-content\/uploads\/2019\/04\/zapatista_aniversario8-700x466.jpg 700w\" sizes=\"auto, (max-width: 350px) 100vw, 350px\" \/><\/a>\n\t\t\t<\/dt><\/dl><dl class='gallery-item'>\n\t\t\t<dt class='gallery-icon landscape'>\n\t\t\t\t<a href='https:\/\/radiozapatista.org\/wp-content\/uploads\/2019\/04\/zapatista_aniversario7.jpg'><img loading=\"lazy\" decoding=\"async\" width=\"350\" height=\"233\" src=\"https:\/\/radiozapatista.org\/wp-content\/uploads\/2019\/04\/zapatista_aniversario7-350x233.jpg\" class=\"attachment-medium size-medium\" alt=\"\" srcset=\"https:\/\/radiozapatista.org\/wp-content\/uploads\/2019\/04\/zapatista_aniversario7-350x233.jpg 350w, https:\/\/radiozapatista.org\/wp-content\/uploads\/2019\/04\/zapatista_aniversario7-768x512.jpg 768w, https:\/\/radiozapatista.org\/wp-content\/uploads\/2019\/04\/zapatista_aniversario7.jpg 1024w, https:\/\/radiozapatista.org\/wp-content\/uploads\/2019\/04\/zapatista_aniversario7-700x466.jpg 700w\" sizes=\"auto, (max-width: 350px) 100vw, 350px\" \/><\/a>\n\t\t\t<\/dt><\/dl><dl class='gallery-item'>\n\t\t\t<dt class='gallery-icon landscape'>\n\t\t\t\t<a href='https:\/\/radiozapatista.org\/wp-content\/uploads\/2019\/04\/zapatista_aniversario6.jpg'><img loading=\"lazy\" decoding=\"async\" width=\"350\" height=\"233\" src=\"https:\/\/radiozapatista.org\/wp-content\/uploads\/2019\/04\/zapatista_aniversario6-350x233.jpg\" class=\"attachment-medium size-medium\" alt=\"\" srcset=\"https:\/\/radiozapatista.org\/wp-content\/uploads\/2019\/04\/zapatista_aniversario6-350x233.jpg 350w, https:\/\/radiozapatista.org\/wp-content\/uploads\/2019\/04\/zapatista_aniversario6-768x512.jpg 768w, https:\/\/radiozapatista.org\/wp-content\/uploads\/2019\/04\/zapatista_aniversario6.jpg 1024w, https:\/\/radiozapatista.org\/wp-content\/uploads\/2019\/04\/zapatista_aniversario6-700x466.jpg 700w\" sizes=\"auto, (max-width: 350px) 100vw, 350px\" \/><\/a>\n\t\t\t<\/dt><\/dl><br style=\"clear: both\" \/>\n\t\t<\/div>\n\n<p>Termoel\u00e9ctrica en Huexca:<\/p>\n\n\t\t<style type=\"text\/css\">\n\t\t\t#gallery-2 {\n\t\t\t\tmargin: auto;\n\t\t\t}\n\t\t\t#gallery-2 .gallery-item {\n\t\t\t\tfloat: left;\n\t\t\t\tmargin-top: 10px;\n\t\t\t\ttext-align: center;\n\t\t\t\twidth: 33%;\n\t\t\t}\n\t\t\t#gallery-2 img {\n\t\t\t\tborder: 2px solid #cfcfcf;\n\t\t\t}\n\t\t\t#gallery-2 .gallery-caption {\n\t\t\t\tmargin-left: 0;\n\t\t\t}\n\t\t\t\/* see gallery_shortcode() in wp-includes\/media.php *\/\n\t\t<\/style>\n\t\t<div id='gallery-2' class='gallery galleryid-31338 gallery-columns-3 gallery-size-medium'><dl class='gallery-item'>\n\t\t\t<dt class='gallery-icon landscape'>\n\t\t\t\t<a href='https:\/\/radiozapatista.org\/wp-content\/uploads\/2019\/04\/zapatista_aniversario27.jpg'><img loading=\"lazy\" decoding=\"async\" width=\"350\" height=\"233\" src=\"https:\/\/radiozapatista.org\/wp-content\/uploads\/2019\/04\/zapatista_aniversario27-350x233.jpg\" class=\"attachment-medium size-medium\" alt=\"\" srcset=\"https:\/\/radiozapatista.org\/wp-content\/uploads\/2019\/04\/zapatista_aniversario27-350x233.jpg 350w, https:\/\/radiozapatista.org\/wp-content\/uploads\/2019\/04\/zapatista_aniversario27-768x512.jpg 768w, https:\/\/radiozapatista.org\/wp-content\/uploads\/2019\/04\/zapatista_aniversario27.jpg 1024w, https:\/\/radiozapatista.org\/wp-content\/uploads\/2019\/04\/zapatista_aniversario27-700x466.jpg 700w\" sizes=\"auto, (max-width: 350px) 100vw, 350px\" \/><\/a>\n\t\t\t<\/dt><\/dl><dl class='gallery-item'>\n\t\t\t<dt class='gallery-icon landscape'>\n\t\t\t\t<a href='https:\/\/radiozapatista.org\/wp-content\/uploads\/2019\/04\/zapatista_aniversario22.jpg'><img loading=\"lazy\" decoding=\"async\" width=\"350\" height=\"233\" src=\"https:\/\/radiozapatista.org\/wp-content\/uploads\/2019\/04\/zapatista_aniversario22-350x233.jpg\" class=\"attachment-medium size-medium\" alt=\"\" srcset=\"https:\/\/radiozapatista.org\/wp-content\/uploads\/2019\/04\/zapatista_aniversario22-350x233.jpg 350w, https:\/\/radiozapatista.org\/wp-content\/uploads\/2019\/04\/zapatista_aniversario22-768x512.jpg 768w, https:\/\/radiozapatista.org\/wp-content\/uploads\/2019\/04\/zapatista_aniversario22.jpg 1024w, https:\/\/radiozapatista.org\/wp-content\/uploads\/2019\/04\/zapatista_aniversario22-700x466.jpg 700w\" sizes=\"auto, (max-width: 350px) 100vw, 350px\" \/><\/a>\n\t\t\t<\/dt><\/dl><dl class='gallery-item'>\n\t\t\t<dt class='gallery-icon landscape'>\n\t\t\t\t<a href='https:\/\/radiozapatista.org\/wp-content\/uploads\/2019\/04\/zapatista_aniversario23.jpg'><img loading=\"lazy\" decoding=\"async\" width=\"350\" height=\"233\" src=\"https:\/\/radiozapatista.org\/wp-content\/uploads\/2019\/04\/zapatista_aniversario23-350x233.jpg\" class=\"attachment-medium size-medium\" alt=\"\" srcset=\"https:\/\/radiozapatista.org\/wp-content\/uploads\/2019\/04\/zapatista_aniversario23-350x233.jpg 350w, https:\/\/radiozapatista.org\/wp-content\/uploads\/2019\/04\/zapatista_aniversario23-768x512.jpg 768w, https:\/\/radiozapatista.org\/wp-content\/uploads\/2019\/04\/zapatista_aniversario23.jpg 1024w, https:\/\/radiozapatista.org\/wp-content\/uploads\/2019\/04\/zapatista_aniversario23-700x466.jpg 700w\" sizes=\"auto, (max-width: 350px) 100vw, 350px\" \/><\/a>\n\t\t\t<\/dt><\/dl><br style=\"clear: both\" \/><dl class='gallery-item'>\n\t\t\t<dt class='gallery-icon landscape'>\n\t\t\t\t<a href='https:\/\/radiozapatista.org\/wp-content\/uploads\/2019\/04\/zapatista_aniversario24.jpg'><img loading=\"lazy\" decoding=\"async\" width=\"350\" height=\"233\" src=\"https:\/\/radiozapatista.org\/wp-content\/uploads\/2019\/04\/zapatista_aniversario24-350x233.jpg\" class=\"attachment-medium size-medium\" alt=\"\" srcset=\"https:\/\/radiozapatista.org\/wp-content\/uploads\/2019\/04\/zapatista_aniversario24-350x233.jpg 350w, https:\/\/radiozapatista.org\/wp-content\/uploads\/2019\/04\/zapatista_aniversario24-768x512.jpg 768w, https:\/\/radiozapatista.org\/wp-content\/uploads\/2019\/04\/zapatista_aniversario24.jpg 1024w, https:\/\/radiozapatista.org\/wp-content\/uploads\/2019\/04\/zapatista_aniversario24-700x466.jpg 700w\" sizes=\"auto, (max-width: 350px) 100vw, 350px\" \/><\/a>\n\t\t\t<\/dt><\/dl><dl class='gallery-item'>\n\t\t\t<dt class='gallery-icon landscape'>\n\t\t\t\t<a href='https:\/\/radiozapatista.org\/wp-content\/uploads\/2019\/04\/zapatista_aniversario25.jpg'><img loading=\"lazy\" decoding=\"async\" width=\"350\" height=\"233\" src=\"https:\/\/radiozapatista.org\/wp-content\/uploads\/2019\/04\/zapatista_aniversario25-350x233.jpg\" class=\"attachment-medium size-medium\" alt=\"\" srcset=\"https:\/\/radiozapatista.org\/wp-content\/uploads\/2019\/04\/zapatista_aniversario25-350x233.jpg 350w, https:\/\/radiozapatista.org\/wp-content\/uploads\/2019\/04\/zapatista_aniversario25-768x512.jpg 768w, https:\/\/radiozapatista.org\/wp-content\/uploads\/2019\/04\/zapatista_aniversario25.jpg 1024w, https:\/\/radiozapatista.org\/wp-content\/uploads\/2019\/04\/zapatista_aniversario25-700x466.jpg 700w\" sizes=\"auto, (max-width: 350px) 100vw, 350px\" \/><\/a>\n\t\t\t<\/dt><\/dl><dl class='gallery-item'>\n\t\t\t<dt class='gallery-icon landscape'>\n\t\t\t\t<a href='https:\/\/radiozapatista.org\/wp-content\/uploads\/2019\/04\/zapatista_aniversario26.jpg'><img loading=\"lazy\" decoding=\"async\" width=\"350\" height=\"233\" src=\"https:\/\/radiozapatista.org\/wp-content\/uploads\/2019\/04\/zapatista_aniversario26-350x233.jpg\" class=\"attachment-medium size-medium\" alt=\"\" srcset=\"https:\/\/radiozapatista.org\/wp-content\/uploads\/2019\/04\/zapatista_aniversario26-350x233.jpg 350w, https:\/\/radiozapatista.org\/wp-content\/uploads\/2019\/04\/zapatista_aniversario26-768x512.jpg 768w, https:\/\/radiozapatista.org\/wp-content\/uploads\/2019\/04\/zapatista_aniversario26.jpg 1024w, https:\/\/radiozapatista.org\/wp-content\/uploads\/2019\/04\/zapatista_aniversario26-700x466.jpg 700w\" sizes=\"auto, (max-width: 350px) 100vw, 350px\" \/><\/a>\n\t\t\t<\/dt><\/dl><br style=\"clear: both\" \/><dl class='gallery-item'>\n\t\t\t<dt class='gallery-icon landscape'>\n\t\t\t\t<a href='https:\/\/radiozapatista.org\/wp-content\/uploads\/2019\/04\/zapatista_aniversario28.jpg'><img loading=\"lazy\" decoding=\"async\" width=\"350\" height=\"233\" src=\"https:\/\/radiozapatista.org\/wp-content\/uploads\/2019\/04\/zapatista_aniversario28-350x233.jpg\" class=\"attachment-medium size-medium\" alt=\"\" srcset=\"https:\/\/radiozapatista.org\/wp-content\/uploads\/2019\/04\/zapatista_aniversario28-350x233.jpg 350w, https:\/\/radiozapatista.org\/wp-content\/uploads\/2019\/04\/zapatista_aniversario28-768x512.jpg 768w, https:\/\/radiozapatista.org\/wp-content\/uploads\/2019\/04\/zapatista_aniversario28.jpg 1024w, https:\/\/radiozapatista.org\/wp-content\/uploads\/2019\/04\/zapatista_aniversario28-700x466.jpg 700w\" sizes=\"auto, (max-width: 350px) 100vw, 350px\" \/><\/a>\n\t\t\t<\/dt><\/dl><dl class='gallery-item'>\n\t\t\t<dt class='gallery-icon landscape'>\n\t\t\t\t<a href='https:\/\/radiozapatista.org\/wp-content\/uploads\/2019\/04\/DSC07916-700x466.jpg'><img loading=\"lazy\" decoding=\"async\" width=\"350\" height=\"233\" src=\"https:\/\/radiozapatista.org\/wp-content\/uploads\/2019\/04\/DSC07916-700x466-350x233.jpg\" class=\"attachment-medium size-medium\" alt=\"\" srcset=\"https:\/\/radiozapatista.org\/wp-content\/uploads\/2019\/04\/DSC07916-700x466-350x233.jpg 350w, https:\/\/radiozapatista.org\/wp-content\/uploads\/2019\/04\/DSC07916-700x466.jpg 700w\" sizes=\"auto, (max-width: 350px) 100vw, 350px\" \/><\/a>\n\t\t\t<\/dt><\/dl><dl class='gallery-item'>\n\t\t\t<dt class='gallery-icon landscape'>\n\t\t\t\t<a href='https:\/\/radiozapatista.org\/wp-content\/uploads\/2019\/04\/IMG_9463.jpg'><img loading=\"lazy\" decoding=\"async\" width=\"350\" height=\"233\" src=\"https:\/\/radiozapatista.org\/wp-content\/uploads\/2019\/04\/IMG_9463-350x233.jpg\" class=\"attachment-medium size-medium\" alt=\"\" srcset=\"https:\/\/radiozapatista.org\/wp-content\/uploads\/2019\/04\/IMG_9463-350x233.jpg 350w, https:\/\/radiozapatista.org\/wp-content\/uploads\/2019\/04\/IMG_9463-768x512.jpg 768w, https:\/\/radiozapatista.org\/wp-content\/uploads\/2019\/04\/IMG_9463-700x466.jpg 700w, https:\/\/radiozapatista.org\/wp-content\/uploads\/2019\/04\/IMG_9463.jpg 1000w\" sizes=\"auto, (max-width: 350px) 100vw, 350px\" \/><\/a>\n\t\t\t<\/dt><\/dl><br style=\"clear: both\" \/><dl class='gallery-item'>\n\t\t\t<dt class='gallery-icon landscape'>\n\t\t\t\t<a href='https:\/\/radiozapatista.org\/wp-content\/uploads\/2019\/04\/DSC07907-700x466.jpg'><img loading=\"lazy\" decoding=\"async\" width=\"350\" height=\"233\" src=\"https:\/\/radiozapatista.org\/wp-content\/uploads\/2019\/04\/DSC07907-700x466-350x233.jpg\" class=\"attachment-medium size-medium\" alt=\"\" srcset=\"https:\/\/radiozapatista.org\/wp-content\/uploads\/2019\/04\/DSC07907-700x466-350x233.jpg 350w, https:\/\/radiozapatista.org\/wp-content\/uploads\/2019\/04\/DSC07907-700x466.jpg 700w\" sizes=\"auto, (max-width: 350px) 100vw, 350px\" \/><\/a>\n\t\t\t<\/dt><\/dl><dl class='gallery-item'>\n\t\t\t<dt class='gallery-icon landscape'>\n\t\t\t\t<a href='https:\/\/radiozapatista.org\/wp-content\/uploads\/2019\/04\/zapatista_aniversario29.jpg'><img loading=\"lazy\" decoding=\"async\" width=\"350\" height=\"233\" src=\"https:\/\/radiozapatista.org\/wp-content\/uploads\/2019\/04\/zapatista_aniversario29-350x233.jpg\" class=\"attachment-medium size-medium\" alt=\"\" srcset=\"https:\/\/radiozapatista.org\/wp-content\/uploads\/2019\/04\/zapatista_aniversario29-350x233.jpg 350w, https:\/\/radiozapatista.org\/wp-content\/uploads\/2019\/04\/zapatista_aniversario29-768x512.jpg 768w, https:\/\/radiozapatista.org\/wp-content\/uploads\/2019\/04\/zapatista_aniversario29.jpg 1024w, https:\/\/radiozapatista.org\/wp-content\/uploads\/2019\/04\/zapatista_aniversario29-700x466.jpg 700w\" sizes=\"auto, (max-width: 350px) 100vw, 350px\" \/><\/a>\n\t\t\t<\/dt><\/dl><dl class='gallery-item'>\n\t\t\t<dt class='gallery-icon landscape'>\n\t\t\t\t<a href='https:\/\/radiozapatista.org\/wp-content\/uploads\/2019\/04\/zapatista_aniversario30.jpg'><img loading=\"lazy\" decoding=\"async\" width=\"350\" height=\"233\" src=\"https:\/\/radiozapatista.org\/wp-content\/uploads\/2019\/04\/zapatista_aniversario30-350x233.jpg\" class=\"attachment-medium size-medium\" alt=\"\" srcset=\"https:\/\/radiozapatista.org\/wp-content\/uploads\/2019\/04\/zapatista_aniversario30-350x233.jpg 350w, https:\/\/radiozapatista.org\/wp-content\/uploads\/2019\/04\/zapatista_aniversario30-768x512.jpg 768w, https:\/\/radiozapatista.org\/wp-content\/uploads\/2019\/04\/zapatista_aniversario30.jpg 1024w, https:\/\/radiozapatista.org\/wp-content\/uploads\/2019\/04\/zapatista_aniversario30-700x466.jpg 700w\" sizes=\"auto, (max-width: 350px) 100vw, 350px\" \/><\/a>\n\t\t\t<\/dt><\/dl><br style=\"clear: both\" \/><dl class='gallery-item'>\n\t\t\t<dt class='gallery-icon landscape'>\n\t\t\t\t<a href='https:\/\/radiozapatista.org\/wp-content\/uploads\/2019\/04\/zapatista_aniversario31.jpg'><img loading=\"lazy\" decoding=\"async\" width=\"350\" height=\"233\" src=\"https:\/\/radiozapatista.org\/wp-content\/uploads\/2019\/04\/zapatista_aniversario31-350x233.jpg\" class=\"attachment-medium size-medium\" alt=\"\" srcset=\"https:\/\/radiozapatista.org\/wp-content\/uploads\/2019\/04\/zapatista_aniversario31-350x233.jpg 350w, https:\/\/radiozapatista.org\/wp-content\/uploads\/2019\/04\/zapatista_aniversario31-768x512.jpg 768w, https:\/\/radiozapatista.org\/wp-content\/uploads\/2019\/04\/zapatista_aniversario31.jpg 1024w, https:\/\/radiozapatista.org\/wp-content\/uploads\/2019\/04\/zapatista_aniversario31-700x466.jpg 700w\" sizes=\"auto, (max-width: 350px) 100vw, 350px\" \/><\/a>\n\t\t\t<\/dt><\/dl><dl class='gallery-item'>\n\t\t\t<dt class='gallery-icon landscape'>\n\t\t\t\t<a href='https:\/\/radiozapatista.org\/wp-content\/uploads\/2019\/04\/DSC07926-700x466.jpg'><img loading=\"lazy\" decoding=\"async\" width=\"350\" height=\"233\" src=\"https:\/\/radiozapatista.org\/wp-content\/uploads\/2019\/04\/DSC07926-700x466-350x233.jpg\" class=\"attachment-medium size-medium\" alt=\"\" srcset=\"https:\/\/radiozapatista.org\/wp-content\/uploads\/2019\/04\/DSC07926-700x466-350x233.jpg 350w, https:\/\/radiozapatista.org\/wp-content\/uploads\/2019\/04\/DSC07926-700x466.jpg 700w\" sizes=\"auto, (max-width: 350px) 100vw, 350px\" \/><\/a>\n\t\t\t<\/dt><\/dl><dl class='gallery-item'>\n\t\t\t<dt class='gallery-icon landscape'>\n\t\t\t\t<a href='https:\/\/radiozapatista.org\/wp-content\/uploads\/2019\/04\/DSC07921-700x466.jpg'><img loading=\"lazy\" decoding=\"async\" width=\"350\" height=\"233\" src=\"https:\/\/radiozapatista.org\/wp-content\/uploads\/2019\/04\/DSC07921-700x466-350x233.jpg\" class=\"attachment-medium size-medium\" alt=\"\" srcset=\"https:\/\/radiozapatista.org\/wp-content\/uploads\/2019\/04\/DSC07921-700x466-350x233.jpg 350w, https:\/\/radiozapatista.org\/wp-content\/uploads\/2019\/04\/DSC07921-700x466.jpg 700w\" sizes=\"auto, (max-width: 350px) 100vw, 350px\" \/><\/a>\n\t\t\t<\/dt><\/dl><br style=\"clear: both\" \/><dl class='gallery-item'>\n\t\t\t<dt class='gallery-icon landscape'>\n\t\t\t\t<a href='https:\/\/radiozapatista.org\/wp-content\/uploads\/2019\/04\/zapatista_aniversario33.jpg'><img loading=\"lazy\" decoding=\"async\" width=\"350\" height=\"233\" src=\"https:\/\/radiozapatista.org\/wp-content\/uploads\/2019\/04\/zapatista_aniversario33-350x233.jpg\" class=\"attachment-medium size-medium\" alt=\"\" srcset=\"https:\/\/radiozapatista.org\/wp-content\/uploads\/2019\/04\/zapatista_aniversario33-350x233.jpg 350w, https:\/\/radiozapatista.org\/wp-content\/uploads\/2019\/04\/zapatista_aniversario33-768x512.jpg 768w, https:\/\/radiozapatista.org\/wp-content\/uploads\/2019\/04\/zapatista_aniversario33.jpg 1024w, https:\/\/radiozapatista.org\/wp-content\/uploads\/2019\/04\/zapatista_aniversario33-700x466.jpg 700w\" sizes=\"auto, (max-width: 350px) 100vw, 350px\" \/><\/a>\n\t\t\t<\/dt><\/dl><dl class='gallery-item'>\n\t\t\t<dt class='gallery-icon landscape'>\n\t\t\t\t<a href='https:\/\/radiozapatista.org\/wp-content\/uploads\/2019\/04\/zapatista_aniversario32.jpg'><img loading=\"lazy\" decoding=\"async\" width=\"350\" height=\"233\" src=\"https:\/\/radiozapatista.org\/wp-content\/uploads\/2019\/04\/zapatista_aniversario32-350x233.jpg\" class=\"attachment-medium size-medium\" alt=\"\" srcset=\"https:\/\/radiozapatista.org\/wp-content\/uploads\/2019\/04\/zapatista_aniversario32-350x233.jpg 350w, https:\/\/radiozapatista.org\/wp-content\/uploads\/2019\/04\/zapatista_aniversario32-768x512.jpg 768w, https:\/\/radiozapatista.org\/wp-content\/uploads\/2019\/04\/zapatista_aniversario32.jpg 1024w, https:\/\/radiozapatista.org\/wp-content\/uploads\/2019\/04\/zapatista_aniversario32-700x466.jpg 700w\" sizes=\"auto, (max-width: 350px) 100vw, 350px\" \/><\/a>\n\t\t\t<\/dt><\/dl><dl class='gallery-item'>\n\t\t\t<dt class='gallery-icon landscape'>\n\t\t\t\t<a href='https:\/\/radiozapatista.org\/wp-content\/uploads\/2019\/04\/zapatista_aniversario34.jpg'><img loading=\"lazy\" decoding=\"async\" width=\"350\" height=\"233\" src=\"https:\/\/radiozapatista.org\/wp-content\/uploads\/2019\/04\/zapatista_aniversario34-350x233.jpg\" class=\"attachment-medium size-medium\" alt=\"\" srcset=\"https:\/\/radiozapatista.org\/wp-content\/uploads\/2019\/04\/zapatista_aniversario34-350x233.jpg 350w, https:\/\/radiozapatista.org\/wp-content\/uploads\/2019\/04\/zapatista_aniversario34-768x512.jpg 768w, https:\/\/radiozapatista.org\/wp-content\/uploads\/2019\/04\/zapatista_aniversario34.jpg 1024w, https:\/\/radiozapatista.org\/wp-content\/uploads\/2019\/04\/zapatista_aniversario34-700x466.jpg 700w\" sizes=\"auto, (max-width: 350px) 100vw, 350px\" \/><\/a>\n\t\t\t<\/dt><\/dl><br style=\"clear: both\" \/>\n\t\t<\/div>\n\n<p>Asamblea, Amilcingo, 9 de abril:<\/p>\n<p>\n\t\t<style type=\"text\/css\">\n\t\t\t#gallery-3 {\n\t\t\t\tmargin: auto;\n\t\t\t}\n\t\t\t#gallery-3 .gallery-item {\n\t\t\t\tfloat: left;\n\t\t\t\tmargin-top: 10px;\n\t\t\t\ttext-align: center;\n\t\t\t\twidth: 33%;\n\t\t\t}\n\t\t\t#gallery-3 img {\n\t\t\t\tborder: 2px solid #cfcfcf;\n\t\t\t}\n\t\t\t#gallery-3 .gallery-caption {\n\t\t\t\tmargin-left: 0;\n\t\t\t}\n\t\t\t\/* see gallery_shortcode() in wp-includes\/media.php *\/\n\t\t<\/style>\n\t\t<div id='gallery-3' class='gallery galleryid-31338 gallery-columns-3 gallery-size-medium'><dl class='gallery-item'>\n\t\t\t<dt class='gallery-icon landscape'>\n\t\t\t\t<a href='https:\/\/radiozapatista.org\/wp-content\/uploads\/2019\/04\/zapatista_aniversario5.jpg'><img loading=\"lazy\" decoding=\"async\" width=\"350\" height=\"233\" src=\"https:\/\/radiozapatista.org\/wp-content\/uploads\/2019\/04\/zapatista_aniversario5-350x233.jpg\" class=\"attachment-medium size-medium\" alt=\"\" srcset=\"https:\/\/radiozapatista.org\/wp-content\/uploads\/2019\/04\/zapatista_aniversario5-350x233.jpg 350w, https:\/\/radiozapatista.org\/wp-content\/uploads\/2019\/04\/zapatista_aniversario5-768x512.jpg 768w, https:\/\/radiozapatista.org\/wp-content\/uploads\/2019\/04\/zapatista_aniversario5.jpg 1024w, https:\/\/radiozapatista.org\/wp-content\/uploads\/2019\/04\/zapatista_aniversario5-700x466.jpg 700w\" sizes=\"auto, (max-width: 350px) 100vw, 350px\" \/><\/a>\n\t\t\t<\/dt><\/dl><dl class='gallery-item'>\n\t\t\t<dt class='gallery-icon landscape'>\n\t\t\t\t<a href='https:\/\/radiozapatista.org\/wp-content\/uploads\/2019\/04\/zapatista_aniversario1.jpg'><img loading=\"lazy\" decoding=\"async\" width=\"350\" height=\"233\" src=\"https:\/\/radiozapatista.org\/wp-content\/uploads\/2019\/04\/zapatista_aniversario1-350x233.jpg\" class=\"attachment-medium size-medium\" alt=\"\" srcset=\"https:\/\/radiozapatista.org\/wp-content\/uploads\/2019\/04\/zapatista_aniversario1-350x233.jpg 350w, https:\/\/radiozapatista.org\/wp-content\/uploads\/2019\/04\/zapatista_aniversario1-768x512.jpg 768w, https:\/\/radiozapatista.org\/wp-content\/uploads\/2019\/04\/zapatista_aniversario1.jpg 1024w, https:\/\/radiozapatista.org\/wp-content\/uploads\/2019\/04\/zapatista_aniversario1-700x466.jpg 700w\" sizes=\"auto, (max-width: 350px) 100vw, 350px\" \/><\/a>\n\t\t\t<\/dt><\/dl><dl class='gallery-item'>\n\t\t\t<dt class='gallery-icon landscape'>\n\t\t\t\t<a href='https:\/\/radiozapatista.org\/wp-content\/uploads\/2019\/04\/zapatista_aniversario4.jpg'><img loading=\"lazy\" decoding=\"async\" width=\"350\" height=\"233\" src=\"https:\/\/radiozapatista.org\/wp-content\/uploads\/2019\/04\/zapatista_aniversario4-350x233.jpg\" class=\"attachment-medium size-medium\" alt=\"\" srcset=\"https:\/\/radiozapatista.org\/wp-content\/uploads\/2019\/04\/zapatista_aniversario4-350x233.jpg 350w, https:\/\/radiozapatista.org\/wp-content\/uploads\/2019\/04\/zapatista_aniversario4-768x512.jpg 768w, https:\/\/radiozapatista.org\/wp-content\/uploads\/2019\/04\/zapatista_aniversario4.jpg 1024w, https:\/\/radiozapatista.org\/wp-content\/uploads\/2019\/04\/zapatista_aniversario4-700x466.jpg 700w\" sizes=\"auto, (max-width: 350px) 100vw, 350px\" \/><\/a>\n\t\t\t<\/dt><\/dl><br style=\"clear: both\" \/><dl class='gallery-item'>\n\t\t\t<dt class='gallery-icon landscape'>\n\t\t\t\t<a href='https:\/\/radiozapatista.org\/wp-content\/uploads\/2019\/04\/zapatista_aniversario3.jpg'><img loading=\"lazy\" decoding=\"async\" width=\"350\" height=\"233\" src=\"https:\/\/radiozapatista.org\/wp-content\/uploads\/2019\/04\/zapatista_aniversario3-350x233.jpg\" class=\"attachment-medium size-medium\" alt=\"\" srcset=\"https:\/\/radiozapatista.org\/wp-content\/uploads\/2019\/04\/zapatista_aniversario3-350x233.jpg 350w, https:\/\/radiozapatista.org\/wp-content\/uploads\/2019\/04\/zapatista_aniversario3-768x512.jpg 768w, https:\/\/radiozapatista.org\/wp-content\/uploads\/2019\/04\/zapatista_aniversario3.jpg 1024w, https:\/\/radiozapatista.org\/wp-content\/uploads\/2019\/04\/zapatista_aniversario3-700x466.jpg 700w\" sizes=\"auto, (max-width: 350px) 100vw, 350px\" \/><\/a>\n\t\t\t<\/dt><\/dl><dl class='gallery-item'>\n\t\t\t<dt class='gallery-icon landscape'>\n\t\t\t\t<a href='https:\/\/radiozapatista.org\/wp-content\/uploads\/2019\/04\/zapatista_aniversario2.jpg'><img loading=\"lazy\" decoding=\"async\" width=\"350\" height=\"233\" src=\"https:\/\/radiozapatista.org\/wp-content\/uploads\/2019\/04\/zapatista_aniversario2-350x233.jpg\" class=\"attachment-medium size-medium\" alt=\"\" srcset=\"https:\/\/radiozapatista.org\/wp-content\/uploads\/2019\/04\/zapatista_aniversario2-350x233.jpg 350w, https:\/\/radiozapatista.org\/wp-content\/uploads\/2019\/04\/zapatista_aniversario2-768x512.jpg 768w, https:\/\/radiozapatista.org\/wp-content\/uploads\/2019\/04\/zapatista_aniversario2.jpg 1024w, https:\/\/radiozapatista.org\/wp-content\/uploads\/2019\/04\/zapatista_aniversario2-700x466.jpg 700w\" sizes=\"auto, (max-width: 350px) 100vw, 350px\" \/><\/a>\n\t\t\t<\/dt><\/dl>\n\t\t\t<br style='clear: both' \/>\n\t\t<\/div>\n<\/p>","protected":false},"excerpt":{"rendered":"<p>Es Chinameca y es 10 de abril un siglo despu\u00e9s del crimen. Aqu\u00ed, donde muri\u00f3 asesinado, Zapata quema y nos espabila. El sol abrasador entra por los pies, por la cabeza y hasta por las u\u00f1as. Las gargantas secas de los pueblos en lucha y de las organizaciones en resistencia y rebeld\u00eda se empapan cuando [&hellip;]<\/p>\n","protected":false},"author":13,"featured_media":31365,"comment_status":"open","ping_status":"closed","sticky":false,"template":"","format":"standard","meta":{"footnotes":""},"categories":[1,957,51,1024,1095,955,949,956,958,954,961,190],"tags":[79,1151,63,926,655,636,567,1252,1243,148,1256],"class_list":["post-31338","post","type-post","status-publish","format-standard","has-post-thumbnail","hentry","category-audio","category-autonomia","category-autor","category-cni-temas","category-concejo-indigena-de-gobierno","category-ezln-temas","category-fotorreportaje","category-sexta","category-megaproyectos","category-mexico","category-mujeres","category-radiozapatista","tag-autonomia","tag-cig","tag-cni","tag-ezln","tag-istmo","tag-la-sexta","tag-megaproyectos","tag-proyecto-integral-morelos","tag-redes-de-resistencia-y-rebeldia","tag-resistencia","tag-samir-flores"],"_links":{"self":[{"href":"https:\/\/radiozapatista.org\/index.php?rest_route=\/wp\/v2\/posts\/31338","targetHints":{"allow":["GET"]}}],"collection":[{"href":"https:\/\/radiozapatista.org\/index.php?rest_route=\/wp\/v2\/posts"}],"about":[{"href":"https:\/\/radiozapatista.org\/index.php?rest_route=\/wp\/v2\/types\/post"}],"author":[{"embeddable":true,"href":"https:\/\/radiozapatista.org\/index.php?rest_route=\/wp\/v2\/users\/13"}],"replies":[{"embeddable":true,"href":"https:\/\/radiozapatista.org\/index.php?rest_route=%2Fwp%2Fv2%2Fcomments&post=31338"}],"version-history":[{"count":18,"href":"https:\/\/radiozapatista.org\/index.php?rest_route=\/wp\/v2\/posts\/31338\/revisions"}],"predecessor-version":[{"id":31469,"href":"https:\/\/radiozapatista.org\/index.php?rest_route=\/wp\/v2\/posts\/31338\/revisions\/31469"}],"wp:featuredmedia":[{"embeddable":true,"href":"https:\/\/radiozapatista.org\/index.php?rest_route=\/wp\/v2\/media\/31365"}],"wp:attachment":[{"href":"https:\/\/radiozapatista.org\/index.php?rest_route=%2Fwp%2Fv2%2Fmedia&parent=31338"}],"wp:term":[{"taxonomy":"category","embeddable":true,"href":"https:\/\/radiozapatista.org\/index.php?rest_route=%2Fwp%2Fv2%2Fcategories&post=31338"},{"taxonomy":"post_tag","embeddable":true,"href":"https:\/\/radiozapatista.org\/index.php?rest_route=%2Fwp%2Fv2%2Ftags&post=31338"}],"curies":[{"name":"wp","href":"https:\/\/api.w.org\/{rel}","templated":true}]}}