{"id":31212,"date":"2019-04-01T12:15:59","date_gmt":"2019-04-01T18:15:59","guid":{"rendered":"https:\/\/radiozapatista.org\/?p=31212"},"modified":"2019-04-01T12:17:29","modified_gmt":"2019-04-01T18:17:29","slug":"red-europea-de-solidarida-zapatista-se-manifiesta-frente-a-la-embajada-de-mexico-en-madrid","status":"publish","type":"post","link":"https:\/\/radiozapatista.org\/?p=31212","title":{"rendered":"Red Europea de Solidarida Zapatista se manifiesta frente a la Embajada de M\u00e9xico en Madrid"},"content":{"rendered":"<p><\/p>\n<p style=\"text-align: right;\">S\u00e1bado 30 de marzo de 2019, Madrid, Estado Espa\u00f1ol.<\/p>\n<p>Estamos aqu\u00ed la Red Europea de Solidaridad Zapatista, integrada por colectivos de territorios del Estado Espa\u00f1ol, Euskal Herria, Pa\u00efsos<br \/>\nCatalans, Italia, Francia, Alemania, Suiza, Grecia, Noruega, Escocia y Austria frente a la Embajada de M\u00e9xico. \u00a1\u00a1Ante el llamado de solidaridad de las y los zapatistas les decimos hoy que NO EST\u00c1N SOLAS!!<\/p>\n<p>Hemos venido desde nuestros territorios, trayendo la voz de nuestras luchas y nuestras organizaciones, a acompa\u00f1ar la lucha por la vida y<br \/>\ncontra el despojo de nuestras compa\u00f1eras y compa\u00f1eros zapatistas. Desde aqu\u00ed, denunciamos que la autodenominada \u201cCuarta Transformaci\u00f3n\u201d del nuevo gobierno inici\u00f3 en 1982 con la llegada de Miguel de la Madrid y su proyecto de privatizaciones, se profundiz\u00f3 con<br \/>\nCarlos Salinas de Gortari y la firma del Tratado Libre Comercio de Am\u00e9rica del Norte. Sigui\u00f3 su guerra de conquista con Ernesto Zedillo, Vicente Fox, Felipe Calder\u00f3n y Enrique Pe\u00f1a Nieto; y ahora contin\u00faa con el proyecto transexenal.<\/p>\n<p>El gobierno neoliberal que encabeza Andr\u00e9s Manuel L\u00f3pez Obrador tiene la vista puesta en los territorios de los pueblos originarios, donde con el Instituto Nacional de Pueblos Ind\u00edgenas se tiende una red de cooptaci\u00f3n y desorganizaci\u00f3n que abre el camino a una guerra que tiene<br \/>\nnombre industrial, echa de proyectos y violencias que con el crimen organizado, expanden una oscura telara\u00f1a en los pueblos originarios del<br \/>\npa\u00eds.<\/p>\n<p>Reiteramos nuestra firme oposici\u00f3n a las pol\u00edticas neoliberales de los viejos y los nuevos gobiernos, nuestra oposici\u00f3n a las consultas<br \/>\nama\u00f1adas que no tienen otro fin m\u00e1s que el despojo de los territorios. Nuestra oposici\u00f3n a la miner\u00eda, al represamiento de los r\u00edos, a la<br \/>\nconstrucci\u00f3n de autopistas, a la acelerada especulaci\u00f3n inmobiliaria de las tierras, es decir, al modelo desarrollista centrado en los<br \/>\nmegaproyectos neoliberales de muerte como el Corredor Trans\u00edsmico o el Tren Maya. Tambi\u00e9n, el Proyecto Integral Morelos que consta de 2<br \/>\ntermoel\u00e9ctricas, gasoductos y acueductos que buscan despojar a los pueblos ind\u00edgenas nahuas de los estados de Morelos, Puebla y Tlaxcala,<br \/>\nde la tierra, el agua, la salud, la identidad y la vida campesina.<\/p>\n<p><!--more-->La fuerza del Estado mexicano y de las empresas Elecnor, Enagas, Abengoa, Bonatti, CFE, Nissan, Burlington, Saint Gobain, Continental,<br \/>\nBridgestone y muchas m\u00e1s, han impuesto este proyecto por medio de la violencia p\u00fablica estatal, federal y el ej\u00e9rcito. Infundiendo terror<br \/>\nen los pueblos a trav\u00e9s de la tortura, la amenaza, el encarcelamiento, la persecuci\u00f3n judicial, el cierre de radios comunitarias, y ahora el<br \/>\nasesinato de nuestro hermano Samir Flores en Amalcingo, Morelos. Denunciamos la creaci\u00f3n de la Guardia Nacional, organismo que<br \/>\nprofundiza la militarizaci\u00f3n del pa\u00eds.<\/p>\n<p>Denunciamos tambi\u00e9n la guerra abierta en contra de la digna lucha de la comunidad ind\u00edgena nahua de Santa Mar\u00eda Ostula, Michoac\u00e1n.<br \/>\nExigimos:<\/p>\n<ul>\n<li>El respeto pleno a la autonom\u00eda del ejido Tila, en el estado de Chiapas.<\/li>\n<li>La cancelaci\u00f3n del proyecto hidroel\u00e9ctrico Coyolapa-Atzala y de la explotaci\u00f3n minera en la Sierra Negra.<\/li>\n<li>La cancelaci\u00f3n de las concesiones mineras que implican la destrucci\u00f3n de la Sierra Sur, en el Estado de Oaxaca. En el territorio<br \/>\nchontal por parte de la empresa Salamera, en la regi\u00f3n de los Chimalapas, en el desierto de Wirikuta, San Luis Potos\u00ed y en todo el<br \/>\npa\u00eds.<\/li>\n<li>La cancelaci\u00f3n del proyecto parque e\u00f3lico conocido como Gunaa Sicar\u00fa, de la empresa francesa EDF, en m\u00e1s de 4 mil hect\u00e1reas<br \/>\npertenecientes a los terrenos comunales de la comunidad binniz\u00e1 de Uni\u00f3n Hidalgo y rechazamos la consulta que el gobierno pretende<br \/>\nrealizar para obtener el \u201cconsentimiento\u201d a la misma.<\/li>\n<li>La cancelaci\u00f3n inmediata de los estudios de prosprecci\u00f3n que realizan los espele\u00f3logos pertenecientes al PESH (Espeleol\u00f3gico Sistema<br \/>\nHuautla) en cuevas y cavernas del pueblo mazateco de Huautla sin autorizaci\u00f3n del mismo.<\/li>\n<li>La presentaci\u00f3n con vida de los 43 estudiantes de Ayotzinapa y justicia para los compa\u00f1eros asesinados.<\/li>\n<li>La presentaci\u00f3n con vida del compa\u00f1ero Sergio Rivera Hern\u00e1ndez quien fue desaparecido desde el pasado 23 de agosto de 2018 por su lucha en contra de la minera Autl\u00e1n en la Sierra Negra de Puebla. Recordamos que el a\u00f1o 2018 fue el m\u00e1s sangriento para las mujeres<br \/>\nmexicanas, 3,568 asesinadas en un a\u00f1o por el solo hecho de ser mujeres, por lo que exigimos un compromiso pol\u00edtico del Estado con el combate a los feminicidios, asi como la aplicaci\u00f3n de la alerta de g\u00e9nero en los 32 estados del pa\u00eds.<\/li>\n<\/ul>\n<p>Finalmente, queremos hacer una especial menci\u00f3n de solidaridad y apoyo a los Presos en lucha y en huelga de hambre en el Estado de Chiapas. Ayer, Miguel Peralta, otro compa\u00f1ero preso en Cuicatl\u00e1n, Oaxaca, hizo una jornada de ayuno y solidaridad con los compa\u00f1eros en lucha y huelga de hambre. Igualmente los compa\u00f1eros presos de Comit\u00e1n han decidido coserse la boca como forma de denuncia a quienes les quieren robar la voz y la decisi\u00f3n.<\/p>\n<p>Por la inmediata libertad de los presos en lucha, hasta que caigan los muros de las prisiones.<\/p>\n<p style=\"text-align: center;\">\u00a1SAMIR VIVE, VIVE, LA LUCHA SIGUE, SIGUE!<br \/>\nAl Ejercito Zapatista de Liberaci\u00f3n Nacional<br \/>\nAl Congreso Nacional Ind\u00edgena<br \/>\nAl Concejo Ind\u00edgena de Gobierno,<br \/>\n\u00a1No est\u00e1n solxs!<\/p>\n<p style=\"text-align: center;\">La Europa Zapatista, abajo y a la izquierda.<\/p>\n<p><\/p>","protected":false},"excerpt":{"rendered":"<p>S\u00e1bado 30 de marzo de 2019, Madrid, Estado Espa\u00f1ol. Estamos aqu\u00ed la Red Europea de Solidaridad Zapatista, integrada por colectivos de territorios del Estado Espa\u00f1ol, Euskal Herria, Pa\u00efsos Catalans, Italia, Francia, Alemania, Suiza, Grecia, Noruega, Escocia y Austria frente a la Embajada de M\u00e9xico. \u00a1\u00a1Ante el llamado de solidaridad de las y los zapatistas les [&hellip;]<\/p>\n","protected":false},"author":1,"featured_media":31215,"comment_status":"open","ping_status":"closed","sticky":false,"template":"","format":"standard","meta":{"footnotes":""},"categories":[956,826,958,954,953,962],"tags":[929,26,567,948,27],"class_list":["post-31212","post","type-post","status-publish","format-standard","has-post-thumbnail","hentry","category-sexta","category-medios-libres-2","category-megaproyectos","category-mexico","category-mundo","category-presos","tag-ayotzinapa","tag-europa-zapatista","tag-megaproyectos","tag-presos","tag-solidaridad"],"_links":{"self":[{"href":"https:\/\/radiozapatista.org\/index.php?rest_route=\/wp\/v2\/posts\/31212","targetHints":{"allow":["GET"]}}],"collection":[{"href":"https:\/\/radiozapatista.org\/index.php?rest_route=\/wp\/v2\/posts"}],"about":[{"href":"https:\/\/radiozapatista.org\/index.php?rest_route=\/wp\/v2\/types\/post"}],"author":[{"embeddable":true,"href":"https:\/\/radiozapatista.org\/index.php?rest_route=\/wp\/v2\/users\/1"}],"replies":[{"embeddable":true,"href":"https:\/\/radiozapatista.org\/index.php?rest_route=%2Fwp%2Fv2%2Fcomments&post=31212"}],"version-history":[{"count":1,"href":"https:\/\/radiozapatista.org\/index.php?rest_route=\/wp\/v2\/posts\/31212\/revisions"}],"predecessor-version":[{"id":31214,"href":"https:\/\/radiozapatista.org\/index.php?rest_route=\/wp\/v2\/posts\/31212\/revisions\/31214"}],"wp:featuredmedia":[{"embeddable":true,"href":"https:\/\/radiozapatista.org\/index.php?rest_route=\/wp\/v2\/media\/31215"}],"wp:attachment":[{"href":"https:\/\/radiozapatista.org\/index.php?rest_route=%2Fwp%2Fv2%2Fmedia&parent=31212"}],"wp:term":[{"taxonomy":"category","embeddable":true,"href":"https:\/\/radiozapatista.org\/index.php?rest_route=%2Fwp%2Fv2%2Fcategories&post=31212"},{"taxonomy":"post_tag","embeddable":true,"href":"https:\/\/radiozapatista.org\/index.php?rest_route=%2Fwp%2Fv2%2Ftags&post=31212"}],"curies":[{"name":"wp","href":"https:\/\/api.w.org\/{rel}","templated":true}]}}