{"id":31121,"date":"2019-03-27T09:32:57","date_gmt":"2019-03-27T15:32:57","guid":{"rendered":"https:\/\/radiozapatista.org\/?p=31121"},"modified":"2019-03-27T09:32:57","modified_gmt":"2019-03-27T15:32:57","slug":"error-tecnico-pone-en-riesgo-el-territorio-de-ostula","status":"publish","type":"post","link":"https:\/\/radiozapatista.org\/?p=31121","title":{"rendered":"\u00abError t\u00e9cnico\u00bb pone en riesgo el territorio de Ostula"},"content":{"rendered":"<p><\/p>\n<p style=\"text-align: center;\"><a href=\"https:\/\/radiozapatista.org\/wp-content\/uploads\/2019\/03\/linderos_ostula-7.jpg\"><img loading=\"lazy\" decoding=\"async\" class=\"aligncenter size-large wp-image-31123\" src=\"https:\/\/radiozapatista.org\/wp-content\/uploads\/2019\/03\/linderos_ostula-7-1024x576.jpg\" alt=\"\" width=\"1024\" height=\"576\" srcset=\"https:\/\/radiozapatista.org\/wp-content\/uploads\/2019\/03\/linderos_ostula-7-1024x576.jpg 1024w, https:\/\/radiozapatista.org\/wp-content\/uploads\/2019\/03\/linderos_ostula-7-350x197.jpg 350w, https:\/\/radiozapatista.org\/wp-content\/uploads\/2019\/03\/linderos_ostula-7-768x432.jpg 768w, https:\/\/radiozapatista.org\/wp-content\/uploads\/2019\/03\/linderos_ostula-7.jpg 1070w\" sizes=\"auto, (max-width: 1024px) 100vw, 1024px\" \/><\/a><\/p>\n<p>Por Dante A. Saucedo y Regina L\u00f3pez | <a href=\"https:\/\/subversiones.org\/archivos\/134863\" target=\"_blank\" rel=\"noopener\">Agencia SubVersiones<\/a><\/p>\n<p>En la costa de Michoac\u00e1n, entre las aguas del Oc\u00e9ano Pac\u00edfico y la Sierra madre del sur, habita el pueblo nahua de Santa Mar\u00eda Ostula. Al menos desde el siglo XIX, ganaderos, peque\u00f1os propietarios, mineros y, m\u00e1s recientemente, narcotraficantes, han intentado despojarlo su territorio.<\/p>\n<p>La comunidad de Ostula ha sabido defenderse por todos los medios posibles, pero hoy se enfrenta de nuevo a un riesgo que parec\u00eda haberse conjurado ya: un \u00aberror t\u00e9cnico\u00bb en el plano de la comunidad \u2014generado y solapado por intereses pol\u00edticos\u2014 amenaza m\u00e1s de seis mil hect\u00e1reas de territorio comunal.<\/p>\n<p>Apenas en enero pasado, un juzgado agrario volvi\u00f3 a dar la raz\u00f3n a los \u00abpeque\u00f1os propietarios\u00bb que reclaman la propiedad de las tierras bajas y f\u00e9rtiles al norte de la comunidad. Pero la respuesta es clara: las tierras no est\u00e1n \u00aben disputa\u00bb, son de Ostula y se van a defender.<\/p>\n<p><strong>I. Una historia pol\u00edtica del despojo<\/strong><\/p>\n<p>Los intentos de invasi\u00f3n a la comunidad de Ostula vienen de lejos. Como en todos los antiguos asentamientos nahuas de la sierra-costa michoacana \u2014y en buena parte de las comunidades ind\u00edgenas del pa\u00eds\u2014, la ola m\u00e1s agresiva de usurpaci\u00f3n de tierras comunales fue detonada por las leyes liberales que comenzaron con las Reformas Borb\u00f3nicas del siglo XVIII y culminaron con las reformas juaristas.<\/p>\n<p><!--more-->La Ley Lerdo de 1856 fue el tiro de gracia con el que las \u00e9lites liberales quisieron dar fin a las comunidades ind\u00edgenas. Desde la perspectiva juarista, los bienes comunales y las estructuras civiles de los pueblos eran un obst\u00e1culo para el desarrollo del pa\u00eds. El objetivo era claro: fraccionar los territorios de las comunidades ind\u00edgenas para repartirlos de manera individual favoreciendo, por supuesto, a los grandes inversionistas y a los peque\u00f1os propietarios de origen mestizo. La guerra de despojo entraba en una nueva fase.<\/p>\n<div id=\"attachment_134872\" class=\"wp-caption alignnone\">\n<p><img loading=\"lazy\" decoding=\"async\" class=\"wp-image-134872 size-full\" src=\"https:\/\/i2.wp.com\/subversiones.org\/wp-content\/uploads\/2019\/03\/linderos_ostula-1.jpg?resize=1070%2C713&amp;ssl=1\" sizes=\"auto, (max-width: 1070px) 100vw, 1070px\" srcset=\"https:\/\/i2.wp.com\/subversiones.org\/wp-content\/uploads\/2019\/03\/linderos_ostula-1.jpg?w=1070&amp;ssl=1 1070w, https:\/\/i2.wp.com\/subversiones.org\/wp-content\/uploads\/2019\/03\/linderos_ostula-1.jpg?resize=150%2C100&amp;ssl=1 150w, https:\/\/i2.wp.com\/subversiones.org\/wp-content\/uploads\/2019\/03\/linderos_ostula-1.jpg?resize=300%2C200&amp;ssl=1 300w, https:\/\/i2.wp.com\/subversiones.org\/wp-content\/uploads\/2019\/03\/linderos_ostula-1.jpg?resize=768%2C512&amp;ssl=1 768w, https:\/\/i2.wp.com\/subversiones.org\/wp-content\/uploads\/2019\/03\/linderos_ostula-1.jpg?resize=436%2C291&amp;ssl=1 436w, https:\/\/i2.wp.com\/subversiones.org\/wp-content\/uploads\/2019\/03\/linderos_ostula-1.jpg?resize=673%2C449&amp;ssl=1 673w, https:\/\/i2.wp.com\/subversiones.org\/wp-content\/uploads\/2019\/03\/linderos_ostula-1.jpg?resize=950%2C633&amp;ssl=1 950w\" alt=\"\" width=\"740\" height=\"493\" aria-describedby=\"caption-attachment-134872\" data-attachment-id=\"134872\" data-permalink=\"https:\/\/subversiones.org\/archivos\/134863\/linderos_ostula-1\" data-orig-file=\"https:\/\/i2.wp.com\/subversiones.org\/wp-content\/uploads\/2019\/03\/linderos_ostula-1.jpg?fit=1070%2C713&amp;ssl=1\" data-orig-size=\"1070,713\" data-comments-opened=\"1\" data-image-meta=\"{&quot;aperture&quot;:&quot;0&quot;,&quot;credit&quot;:&quot;TerraceriaAudiovisual&quot;,&quot;camera&quot;:&quot;&quot;,&quot;caption&quot;:&quot;&quot;,&quot;created_timestamp&quot;:&quot;0&quot;,&quot;copyright&quot;:&quot;TerraceriaAudiovisual&quot;,&quot;focal_length&quot;:&quot;0&quot;,&quot;iso&quot;:&quot;0&quot;,&quot;shutter_speed&quot;:&quot;0&quot;,&quot;title&quot;:&quot;&quot;,&quot;orientation&quot;:&quot;0&quot;}\" data-image-title=\"linderos_ostula-1\" data-image-description=\"\" data-medium-file=\"https:\/\/i2.wp.com\/subversiones.org\/wp-content\/uploads\/2019\/03\/linderos_ostula-1.jpg?fit=300%2C200&amp;ssl=1\" data-large-file=\"https:\/\/i2.wp.com\/subversiones.org\/wp-content\/uploads\/2019\/03\/linderos_ostula-1.jpg?fit=1070%2C713&amp;ssl=1\" \/><\/p>\n<p id=\"caption-attachment-134872\" class=\"wp-caption-text\">Caminata para reconocer linderos y situar mojoneras en el cerro del Tepataste, mayo de 2016.<\/p>\n<\/div>\n<p>En la provincia de Coalcom\u00e1n, a la que pertenec\u00eda entonces Ostula, los intereses econ\u00f3micos eran fundamentalmente los mismos de hoy en d\u00eda: en 1805 se abri\u00f3 all\u00ed la primera empresa de altos hornos para procesar el hierro de las minas que se encuentran en la sierra. Adem\u00e1s, las bah\u00edas en territorio de Ostula eran vistas como puertos potenciales para comerciar los minerales y la riqueza forestal de la regi\u00f3n. Por otro lado, una ola migratoria de rancheros y ganaderos hab\u00eda llegado desde Jalisco, pasando por Cotija y Perib\u00e1n y atravesando la regi\u00f3n de Tierra Caliente. Su meta eran las tierras bajas y f\u00e9rtiles cercanas a la costa.<\/p>\n<p>La presi\u00f3n sobre el territorio comunal no era propia de un solo grupo pol\u00edtico. Como hoy, partidos opuestos compart\u00edan el mismo inter\u00e9s por despojar a los pueblos de sus tierras. Es ilustrador que los intereses de los liberales juaristas fueran exactamente los mismos que le expuso Jos\u00e9 Guadalupe Romero a Maximiliano de Habsburgo en sus <em>Noticias estad\u00edsticas del Partido de Coalcom\u00e1n<\/em> en 1863.<\/p>\n<p>Las leyes liberales le permitieron, pues, a los rancheros e inversionistas ir avanzando sobre las comunidades ind\u00edgenas de la regi\u00f3n. Ten\u00edan a su disposici\u00f3n el aparato legal y la fuerza pol\u00edtica local. Donde encontraban resistencia, no dudaban en utilizar la violencia. Ese fue el caso de Coalcom\u00e1n, donde un grupo de guardias blancas masacr\u00f3 a todos los comuneros que aun defend\u00edan sus tierras.<\/p>\n<p>Un poco m\u00e1s hacia la costa, el fraccionamiento de la comunidad ind\u00edgena de Maquil\u00ed ser\u00e1 uno de los factores que, d\u00e9cadas despu\u00e9s, pondr\u00e1 en riesgo los bienes comunales de Ostula. Presionados por el incremente en el valor catastral de sus predios, e incapaces de pagar los impuestos sobre ellos, los comuneros de Maquil\u00ed se vieron forzados a vender sus terrenos a los rancheros que ven\u00edan de Perib\u00e1n, Coalcom\u00e1n y Villa Victoria. Precisamente la comunidad de Maquil\u00ed era la que marcaba el lindero norte del territorio de Ostula.<\/p>\n<p>Justo al norte de ese l\u00edmite, los nuevos peque\u00f1os propietarios de la \u00abexcomunidad\u00bb de Maquil\u00ed siguieron avanzando hacia las tierras bajas de la costa, ba\u00f1adas por la desembocadura del rio Aquila. All\u00ed fundar\u00edan poco despu\u00e9s el poblado de La Placita, el nuevo basti\u00f3n de los rancheros en la costa, desde donde avanzar\u00edan para ocupar ilegalmente el territorio comunal de Ostula.<\/p>\n<div id=\"attachment_134892\" class=\"wp-caption alignnone\">\n<p><img loading=\"lazy\" decoding=\"async\" class=\"wp-image-134892\" src=\"https:\/\/i2.wp.com\/subversiones.org\/wp-content\/uploads\/2019\/03\/Captura-de-pantalla-2019-03-26-a-las-11.26.00.png?resize=670%2C505&amp;ssl=1\" sizes=\"auto, (max-width: 670px) 100vw, 670px\" srcset=\"https:\/\/i2.wp.com\/subversiones.org\/wp-content\/uploads\/2019\/03\/Captura-de-pantalla-2019-03-26-a-las-11.26.00.png?w=642&amp;ssl=1 642w, https:\/\/i2.wp.com\/subversiones.org\/wp-content\/uploads\/2019\/03\/Captura-de-pantalla-2019-03-26-a-las-11.26.00.png?resize=300%2C226&amp;ssl=1 300w, https:\/\/i2.wp.com\/subversiones.org\/wp-content\/uploads\/2019\/03\/Captura-de-pantalla-2019-03-26-a-las-11.26.00.png?resize=436%2C329&amp;ssl=1 436w\" alt=\"\" width=\"670\" height=\"505\" aria-describedby=\"caption-attachment-134892\" data-attachment-id=\"134892\" data-permalink=\"https:\/\/subversiones.org\/archivos\/134863\/captura-de-pantalla-2019-03-26-a-las-11-26-00\" data-orig-file=\"https:\/\/i2.wp.com\/subversiones.org\/wp-content\/uploads\/2019\/03\/Captura-de-pantalla-2019-03-26-a-las-11.26.00.png?fit=642%2C484&amp;ssl=1\" data-orig-size=\"642,484\" data-comments-opened=\"1\" data-image-meta=\"{&quot;aperture&quot;:&quot;0&quot;,&quot;credit&quot;:&quot;&quot;,&quot;camera&quot;:&quot;&quot;,&quot;caption&quot;:&quot;&quot;,&quot;created_timestamp&quot;:&quot;0&quot;,&quot;copyright&quot;:&quot;&quot;,&quot;focal_length&quot;:&quot;0&quot;,&quot;iso&quot;:&quot;0&quot;,&quot;shutter_speed&quot;:&quot;0&quot;,&quot;title&quot;:&quot;&quot;,&quot;orientation&quot;:&quot;0&quot;}\" data-image-title=\"La Sierra Costa.\" data-image-description=\"\" data-medium-file=\"https:\/\/i2.wp.com\/subversiones.org\/wp-content\/uploads\/2019\/03\/Captura-de-pantalla-2019-03-26-a-las-11.26.00.png?fit=300%2C226&amp;ssl=1\" data-large-file=\"https:\/\/i2.wp.com\/subversiones.org\/wp-content\/uploads\/2019\/03\/Captura-de-pantalla-2019-03-26-a-las-11.26.00.png?fit=642%2C484&amp;ssl=1\" \/><\/p>\n<p id=\"caption-attachment-134892\" class=\"wp-caption-text\">La sierra-costa de Michoac\u00e1n.<br \/>\nFuente: Litorales de la memoria:<br \/>\nUn acercamiento a la percepcio\u0301n del territorio y las relaciones intere\u0301tnicas en Po\u0301maro, una comunidad na\u0301hua de la costa- sierra de Michoaca\u0301n.<br \/>\nTesis de doctorado de David Oseguera Parra, El Colegio de Michoac\u00e1n, 2012.<\/p>\n<\/div>\n<p>Aun despu\u00e9s de la revoluci\u00f3n de 1910, la situaci\u00f3n de los pueblos ind\u00edgenas de la regi\u00f3n era la misma: las leyes juaristas hab\u00edan \u00abdesaparecido\u00bb del plano jur\u00eddico a los bienes comunales: s\u00f3lo exist\u00edan \u00abexcomunidades\u00bb y propietarios individuales. Los pueblos que lograron resistir lo hicieron fortaleciendo sus \u00f3rganos de decisi\u00f3n interna y el cuidado de sus l\u00edmites.<\/p>\n<p>Al mismo tiempo, la figura del \u00abranchero\u00bb se mostraba como el arquetipo que habr\u00eda de detonar el \u00abdesarrollo agrario\u00bb, ocupando y \u00abcolonizando\u00bb los terrenos \u00abbald\u00edos\u00bb. Esto significaba, en los hechos, que los propietarios de origen mestizo deb\u00edan continuar la pol\u00edtica de ocupaci\u00f3n y despojo de los territorios comunales, iniciada en el siglo XIX. En 1928, propietarios de Aquila hicieron la primera incursi\u00f3n armada en terrenos comunales de Ostula. Los rancheros de Maquil\u00ed y de la Placita, por otro lado, comenzaron los tr\u00e1mites para solicitar la dotaci\u00f3n de tierras ejidales.<\/p>\n<p>En este contexto, la comunidad ind\u00edgena de Santa Mar\u00eda Ostula comenz\u00f3 en los a\u00f1os cincuenta la solicitud de confirmaci\u00f3n y titulaci\u00f3n de sus bienes comunales. Amparado por el c\u00f3digo agrario de 1940, ese proceso ofrec\u00eda a los pueblos ind\u00edgenas la posibilidad de reconstituirse como entidades jur\u00eddicas y agrarias con tenencia colectiva de la tierra. Para lograrlo, los pueblos deb\u00edan mostrar sus <em>t\u00edtulos primordiales<\/em>: documentos usualmente virreinales donde se demostraba su propiedad sobre la tierra.<\/p>\n<p>Adem\u00e1s, el proceso inclu\u00eda el levantamiento de un <em>plano proyecto<\/em>, donde se marcaran claramente los l\u00edmites de la comunidad frente a las tierras colindantes. La titulaci\u00f3n culminaba con la constituci\u00f3n de una carpeta b\u00e1sica: una serie de documentos que inclu\u00edan, entre otros, una resoluci\u00f3n presidencial donde se daba legalidad a la certificaci\u00f3n de los bienes comunales, y un <em>plano definitivo<\/em> se\u00f1alando los l\u00edmites del territorio. Fue precisamente en la elaboraci\u00f3n de ese <em>plano definitivo<\/em> cuando comenzaron los \u00aberrores t\u00e9cnicos\u00bb que, aun hoy, amenazan la integridad del territorio comunal de Ostula.<\/p>\n<div id=\"attachment_134873\" class=\"wp-caption alignnone\">\n<p><img loading=\"lazy\" decoding=\"async\" class=\"wp-image-134873 size-full\" src=\"https:\/\/i2.wp.com\/subversiones.org\/wp-content\/uploads\/2019\/03\/linderos_ostula-2.jpg?resize=1070%2C713&amp;ssl=1\" sizes=\"auto, (max-width: 1070px) 100vw, 1070px\" srcset=\"https:\/\/i2.wp.com\/subversiones.org\/wp-content\/uploads\/2019\/03\/linderos_ostula-2.jpg?w=1070&amp;ssl=1 1070w, https:\/\/i2.wp.com\/subversiones.org\/wp-content\/uploads\/2019\/03\/linderos_ostula-2.jpg?resize=150%2C100&amp;ssl=1 150w, https:\/\/i2.wp.com\/subversiones.org\/wp-content\/uploads\/2019\/03\/linderos_ostula-2.jpg?resize=300%2C200&amp;ssl=1 300w, https:\/\/i2.wp.com\/subversiones.org\/wp-content\/uploads\/2019\/03\/linderos_ostula-2.jpg?resize=768%2C512&amp;ssl=1 768w, https:\/\/i2.wp.com\/subversiones.org\/wp-content\/uploads\/2019\/03\/linderos_ostula-2.jpg?resize=436%2C291&amp;ssl=1 436w, https:\/\/i2.wp.com\/subversiones.org\/wp-content\/uploads\/2019\/03\/linderos_ostula-2.jpg?resize=673%2C449&amp;ssl=1 673w, https:\/\/i2.wp.com\/subversiones.org\/wp-content\/uploads\/2019\/03\/linderos_ostula-2.jpg?resize=950%2C633&amp;ssl=1 950w\" alt=\"\" width=\"740\" height=\"493\" aria-describedby=\"caption-attachment-134873\" data-attachment-id=\"134873\" data-permalink=\"https:\/\/subversiones.org\/archivos\/134863\/linderos_ostula-2\" data-orig-file=\"https:\/\/i2.wp.com\/subversiones.org\/wp-content\/uploads\/2019\/03\/linderos_ostula-2.jpg?fit=1070%2C713&amp;ssl=1\" data-orig-size=\"1070,713\" data-comments-opened=\"1\" data-image-meta=\"{&quot;aperture&quot;:&quot;0&quot;,&quot;credit&quot;:&quot;TerraceriaAudiovisual&quot;,&quot;camera&quot;:&quot;&quot;,&quot;caption&quot;:&quot;&quot;,&quot;created_timestamp&quot;:&quot;0&quot;,&quot;copyright&quot;:&quot;TerraceriaAudiovisual&quot;,&quot;focal_length&quot;:&quot;0&quot;,&quot;iso&quot;:&quot;0&quot;,&quot;shutter_speed&quot;:&quot;0&quot;,&quot;title&quot;:&quot;&quot;,&quot;orientation&quot;:&quot;0&quot;}\" data-image-title=\"linderos_ostula-2\" data-image-description=\"\" data-medium-file=\"https:\/\/i2.wp.com\/subversiones.org\/wp-content\/uploads\/2019\/03\/linderos_ostula-2.jpg?fit=300%2C200&amp;ssl=1\" data-large-file=\"https:\/\/i2.wp.com\/subversiones.org\/wp-content\/uploads\/2019\/03\/linderos_ostula-2.jpg?fit=1070%2C713&amp;ssl=1\" \/><\/p>\n<p id=\"caption-attachment-134873\" class=\"wp-caption-text\">Un comunero de Ostula indica los linderos que los abuelos le mostraron cuando era joven. Cerro del Tepataste, mayo de 2016.<\/p>\n<\/div>\n<p><strong>II. Los bienes comunales y el plano definitivo<\/strong><\/p>\n<p>El 17 de enero de 1952, J. Trinidad Verd\u00eda, representante de la comunidad ind\u00edgena de Ostula, realiz\u00f3 la primera solicitud de confirmaci\u00f3n y titulaci\u00f3n de sus bienes comunales. Se trataba de una medida de defensa, acordada colectivamente, ante la solicitud de los rancheros de la Placita para ser dotados con tierras ejidales.<\/p>\n<p>Los representantes de la comunidad entregaron los t\u00edtulos primordiales, fechados en 1802 y 1803, donde se mostraban los l\u00edmites y la tenencia comunal de su territorio. Los planos fueron certificados y, en 1959, Antonio Garc\u00eda Coira fue enviado a realizar los \u00abtrabajos t\u00e9cnicos informativos\u00bb; es decir, los primeros levantamientos para trazar el <em>plano proyecto<\/em> de la comunidad.<\/p>\n<p>Durante sus <em>trabajos informativos<\/em>, Garc\u00eda Coira levant\u00f3 el primer censo de comuneros y certific\u00f3 19, 032 hect\u00e1reas \u00ablibres de disputa\u00bb: las mismas que aparecer\u00edan en la resoluci\u00f3n presidencial emitida, finalmente, en 1964. Sin embargo, ya desde 1959 hab\u00edan conflictos por invasiones de terrenos comunales, tanto en la zona costera \u2014colindante con La Placita\u2014 como en la sierra, en terrenos colindantes con Aquila y Huizontla.<\/p>\n<p>Luego de los primeros trabajos, el proceso de certificaci\u00f3n se retras\u00f3 por una situaci\u00f3n que, a la larga, habr\u00eda de convertirse en una de las principales amenazas a la comunidad de Ostula. En 1960, el Ej\u00e9rcito Mexicano, en complicidad con los caciques que ya comenzaban a invadir tierras comunales, entr\u00f3 a la cabecera de Ostula. All\u00ed, tortur\u00f3 a varios comuneros y, a otros m\u00e1s, los dej\u00f3 colgados por manos o pies durante d\u00edas.<\/p>\n<p>Se trata del primer caso de un <a href=\"https:\/\/subversiones.org\/archivos\/128141\" target=\"_blank\" rel=\"noopener noreferrer\">modelo que habr\u00eda de repetirse durante d\u00e9cadas<\/a>. En un informe, el Procurador de Asuntos Ind\u00edgenas de Uruapan, Jes\u00fas Rodr\u00edguez Revueltas, describe cruda y expl\u00edcitamente la complicidad entre los peque\u00f1os propietarios de La Placita y las Fuerzas Armadas:<\/p>\n<blockquote><p>Ante la actitud resuelta y valiente de la mayor\u00eda de los ind\u00edgenas y ante el temor de perder su poder\u00edo y los grandes beneficios que recib\u00edan estos caciques pueblerinos, decidieron recurrir a la ayuda del Sargento Segundo del Ej\u00e9rcito destacamentado en el cercano poblado de La Placita de nombre Patrocinio S\u00e1nchez Cruz, quien se traslad\u00f3 a Ostula [\u2026] por agarrar a los m\u00e1s rebeldes, seg\u00fan \u00e9l, a quienes despu\u00e9s de golpear despiadadamente amarrados de pies y manos, los manten\u00eda colgados de las manos durante varios d\u00edas. [1]<\/p><\/blockquote>\n<p>Es claro que la existencia y la defensa de los bienes comunales de Ostula amenazaba poderosos intereses en la regi\u00f3n. La comunidad, sin embargo, no se dej\u00f3 amenazar y continu\u00f3 el proceso por la v\u00eda legal.<\/p>\n<div id=\"attachment_134874\" class=\"wp-caption alignnone\">\n<p><img loading=\"lazy\" decoding=\"async\" class=\"wp-image-134874 size-full\" src=\"https:\/\/i1.wp.com\/subversiones.org\/wp-content\/uploads\/2019\/03\/linderos_ostula-3.jpg?resize=1070%2C713&amp;ssl=1\" sizes=\"auto, (max-width: 1070px) 100vw, 1070px\" srcset=\"https:\/\/i1.wp.com\/subversiones.org\/wp-content\/uploads\/2019\/03\/linderos_ostula-3.jpg?w=1070&amp;ssl=1 1070w, https:\/\/i1.wp.com\/subversiones.org\/wp-content\/uploads\/2019\/03\/linderos_ostula-3.jpg?resize=150%2C100&amp;ssl=1 150w, https:\/\/i1.wp.com\/subversiones.org\/wp-content\/uploads\/2019\/03\/linderos_ostula-3.jpg?resize=300%2C200&amp;ssl=1 300w, https:\/\/i1.wp.com\/subversiones.org\/wp-content\/uploads\/2019\/03\/linderos_ostula-3.jpg?resize=768%2C512&amp;ssl=1 768w, https:\/\/i1.wp.com\/subversiones.org\/wp-content\/uploads\/2019\/03\/linderos_ostula-3.jpg?resize=436%2C291&amp;ssl=1 436w, https:\/\/i1.wp.com\/subversiones.org\/wp-content\/uploads\/2019\/03\/linderos_ostula-3.jpg?resize=673%2C449&amp;ssl=1 673w, https:\/\/i1.wp.com\/subversiones.org\/wp-content\/uploads\/2019\/03\/linderos_ostula-3.jpg?resize=950%2C633&amp;ssl=1 950w\" alt=\"\" width=\"740\" height=\"493\" aria-describedby=\"caption-attachment-134874\" data-attachment-id=\"134874\" data-permalink=\"https:\/\/subversiones.org\/archivos\/134863\/linderos_ostula-3\" data-orig-file=\"https:\/\/i1.wp.com\/subversiones.org\/wp-content\/uploads\/2019\/03\/linderos_ostula-3.jpg?fit=1070%2C713&amp;ssl=1\" data-orig-size=\"1070,713\" data-comments-opened=\"1\" data-image-meta=\"{&quot;aperture&quot;:&quot;0&quot;,&quot;credit&quot;:&quot;&quot;,&quot;camera&quot;:&quot;&quot;,&quot;caption&quot;:&quot;&quot;,&quot;created_timestamp&quot;:&quot;0&quot;,&quot;copyright&quot;:&quot;&quot;,&quot;focal_length&quot;:&quot;0&quot;,&quot;iso&quot;:&quot;0&quot;,&quot;shutter_speed&quot;:&quot;0&quot;,&quot;title&quot;:&quot;&quot;,&quot;orientation&quot;:&quot;0&quot;}\" data-image-title=\"linderos_ostula-3\" data-image-description=\"\" data-medium-file=\"https:\/\/i1.wp.com\/subversiones.org\/wp-content\/uploads\/2019\/03\/linderos_ostula-3.jpg?fit=300%2C200&amp;ssl=1\" data-large-file=\"https:\/\/i1.wp.com\/subversiones.org\/wp-content\/uploads\/2019\/03\/linderos_ostula-3.jpg?fit=1070%2C713&amp;ssl=1\" \/><\/p>\n<p id=\"caption-attachment-134874\" class=\"wp-caption-text\">El entonces Presidente del Comisariado de bienes comunales en la estaci\u00f3n topogr\u00e1fica n\u00famero 74, en el cerro del Tepataste. Mayo 2016.<\/p>\n<\/div>\n<p>En 1961 se llevaron a cabo los trabajos para el <em>plano proyecto<\/em>: el trabajo del ingeniero Gabino Mendoza fue calificado como \u00abdeficiente\u00bb por el primer revisor, Jos\u00e9 F. Osorio Labastida. Finalmente, en 1964 se emiti\u00f3 la resoluci\u00f3n presidencial que le daba certeza jur\u00eddica a la propiedad comunal de las tierras de Ostula. La elaboraci\u00f3n del <em>plano definitivo<\/em>, sin embargo, fue el origen de los problemas que hoy enfrenta la comunidad.<\/p>\n<p>Seg\u00fan el protocolo, el ingeniero responsable deb\u00eda levantar el <em>plano definitivo<\/em> utilizando los datos de los trabajos previos pero, sobre todo, realizando un trabajo de campo minucioso, cotejando los datos en el terreno y realizando los amojonamientos correspondientes. El objetivo era, por supuesto, darle certeza a la comunidad y evitar futuros\u00a0conflictos. En el caso de Ostula, lo que sucedi\u00f3 fue exactamente lo contrario.<\/p>\n<p>Antonio Yeverino, el top\u00f3grafo enviado por las autoridades para realizar ese trabajo, inform\u00f3 en un telegrama que el d\u00eda 9 de octubre de 1964 hab\u00eda ejecutado, \u00absin incidentes\u00bb, la posesi\u00f3n y el deslinde de las 19 032 hect\u00e1reas de bienes comunales de Santa Mar\u00eda Ostula: es decir, que hab\u00eda marcado los l\u00edmites claramente para entregar formalmente las tierras a la comunidad.\u00a0 Pero desde el primer momento, las autoridades comunales denunciaron que firmaron el acta bajo presi\u00f3n, y que el ingeniero nunca realiz\u00f3 los trabajos correspondientes.<\/p>\n<p>El 6 de noviembre de 1966, en una carta dirigida al presidente de la Rep\u00fablica, el Presidente del Comisariado de Bienes Comunales de Ostula, Braulio C\u00e1rdenas R\u00edos, denunci\u00f3 que Gabino Mendoza Renter\u00eda, comisionado del Departamento de Asuntos Agrarios y Colonizaci\u00f3n, hab\u00eda recibido dinero en efectivo para beneficiar a los peque\u00f1os propietarios de la Placita de Morelos. Adem\u00e1s, escribi\u00f3 que<\/p>\n<blockquote><p>cuando vino el Ing. Antonio Yeverino, con fecha 9 de octubre de 1964, para darnos la posesi\u00f3n Provisional, \u00e9ste se neg\u00f3 a ir a recorrer los linderos que se nos fueron entregados. [2]<\/p><\/blockquote>\n<p>En su carta de denuncia, las autoridades de Ostula mencionan que Yeverino se neg\u00f3 a trazar la l\u00ednea que va en l\u00ednea recta del Cerro del San Franciscote, en la zona norte, da vuelta rumbo al oeste y pasa por el Cerro de la Lagunilla, la mojonera del Cirian o los dos Cerritos Peque\u00f1os y contin\u00faa por el Cerro de Mancira hasta llegar al punto conocido como las Majaguas, en el litoral del Pac\u00edfico. Se trata, precisamente, de la franja de terreno que hoy los peque\u00f1os propietarios reclaman como suya. El \u00aberror t\u00e9cnico\u00bb del 9 de octubre de 1964, parece ser una coartada para ocultar una intenci\u00f3n pol\u00edtica de despojo.<\/p>\n<p><strong>III. Los \u00aberrores\u00bb<\/strong><\/p>\n<p>Cuando se confronta el plano definitivo con el territorio, el \u00aberror\u00bb es claro. En la zona sur, en la costa del Pac\u00edfico, el l\u00edmite de la comunidad est\u00e1 marcado por la mojonera conocida como Tres Cruces o Huistla. De all\u00ed sube en l\u00ednea recta hacia la sierra, hasta llegar al cerro del Tepataste. All\u00ed vira hacia el norte, hasta el cerro conocido como San Franciscote. Desde all\u00ed vuelve hac\u00eda la costa: pasa por el cerro de Mancira, y gira hacia el sur brevemente antes de volver a virar en l\u00ednea recta hacia la costa. All\u00ed, el per\u00edmetro se cierra en la mojonera conocida como de la Canaguancera, marcada en el plano definitivo como la estaci\u00f3n topogr\u00e1fica 149. El Oc\u00e9ano Pac\u00edfico marca el \u00faltimo l\u00edmite.<\/p>\n<p>Resulta evidente que el ingeniero Yeverinos no realiz\u00f3 el trabajo de campo ni sigui\u00f3 las instrucciones y notas del plano proyecto y de los trabajos informativos realizados por Garc\u00eda Coira. Un detalle deber\u00eda bastar para mostrarlo: cuando se confronta en la realidad el plano realizado por Yeverinos, la costa del Pac\u00edfico aparece varios kil\u00f3metros tierra adentro.<\/p>\n<div id=\"attachment_134885\" class=\"wp-caption alignnone\">\n<p><img loading=\"lazy\" decoding=\"async\" class=\"wp-image-134885 size-full\" src=\"https:\/\/i1.wp.com\/subversiones.org\/wp-content\/uploads\/2019\/03\/WhatsApp-Image-2019-03-05-at-17.33.19.jpeg?resize=1004%2C868&amp;ssl=1\" sizes=\"auto, (max-width: 1004px) 100vw, 1004px\" srcset=\"https:\/\/i1.wp.com\/subversiones.org\/wp-content\/uploads\/2019\/03\/WhatsApp-Image-2019-03-05-at-17.33.19.jpeg?w=1004&amp;ssl=1 1004w, https:\/\/i1.wp.com\/subversiones.org\/wp-content\/uploads\/2019\/03\/WhatsApp-Image-2019-03-05-at-17.33.19.jpeg?resize=300%2C259&amp;ssl=1 300w, https:\/\/i1.wp.com\/subversiones.org\/wp-content\/uploads\/2019\/03\/WhatsApp-Image-2019-03-05-at-17.33.19.jpeg?resize=768%2C664&amp;ssl=1 768w, https:\/\/i1.wp.com\/subversiones.org\/wp-content\/uploads\/2019\/03\/WhatsApp-Image-2019-03-05-at-17.33.19.jpeg?resize=436%2C377&amp;ssl=1 436w\" alt=\"\" width=\"740\" height=\"640\" aria-describedby=\"caption-attachment-134885\" data-attachment-id=\"134885\" data-permalink=\"https:\/\/subversiones.org\/archivos\/134863\/whatsapp-image-2019-03-05-at-17-33-19\" data-orig-file=\"https:\/\/i1.wp.com\/subversiones.org\/wp-content\/uploads\/2019\/03\/WhatsApp-Image-2019-03-05-at-17.33.19.jpeg?fit=1004%2C868&amp;ssl=1\" data-orig-size=\"1004,868\" data-comments-opened=\"1\" data-image-meta=\"{&quot;aperture&quot;:&quot;0&quot;,&quot;credit&quot;:&quot;&quot;,&quot;camera&quot;:&quot;&quot;,&quot;caption&quot;:&quot;&quot;,&quot;created_timestamp&quot;:&quot;0&quot;,&quot;copyright&quot;:&quot;&quot;,&quot;focal_length&quot;:&quot;0&quot;,&quot;iso&quot;:&quot;0&quot;,&quot;shutter_speed&quot;:&quot;0&quot;,&quot;title&quot;:&quot;&quot;,&quot;orientation&quot;:&quot;0&quot;}\" data-image-title=\"Mapa 1\" data-image-description=\"\" data-medium-file=\"https:\/\/i1.wp.com\/subversiones.org\/wp-content\/uploads\/2019\/03\/WhatsApp-Image-2019-03-05-at-17.33.19.jpeg?fit=300%2C259&amp;ssl=1\" data-large-file=\"https:\/\/i1.wp.com\/subversiones.org\/wp-content\/uploads\/2019\/03\/WhatsApp-Image-2019-03-05-at-17.33.19.jpeg?fit=1004%2C868&amp;ssl=1\" \/><\/p>\n<p id=\"caption-attachment-134885\" class=\"wp-caption-text\"><strong>Mapa 1. La l\u00ednea verde marca el plano deficiente de Mendoza y Yeverinos. La l\u00ednea externa, marr\u00f3n, indica el pol\u00edgono ajustado en campo.<\/strong> Elaborado por Cristian Chavez, perito top\u00f3grafo de la comunidad.<\/p>\n<\/div>\n<p>Otro ejemplo: las coordenadas que marcan la desembocadura del rio Ostula \u2014las estaciones 162 y 163 del plano\u2014 se encuentran, en el terreno, en una parcela de papayas, a varios kil\u00f3metros de la desembocadura real. El poblado de la Ticla y el de la Cofrad\u00eda \u2014los dos m\u00e1s habitados de la comunidad, luego de la cabecera\u2014 aparecen fuera del territorio comunal. La deficiencia del trabajo de Yeverinos es evidente.<\/p>\n<p>En la zona norte, la deficiencia revela su origen pol\u00edtico. All\u00ed, el trazo aprobado por Yeverinos deja fuera del territorio comunal las zonas costeras \u2014planas y f\u00e9rtiles\u2014 desde el punto conocido como La Pe\u00f1a, hasta la Canaguancera. Y aun m\u00e1s, hasta la mojonera conocida como las Majahuas, el l\u00edmite reconocido por la memoria de la comunidad y por los t\u00edtulos primordiales. Incluso en el plano proyecto aparece una anotaci\u00f3n del ingeniero Gabino Mendoza en ese punto, reconoci\u00e9ndolo como el l\u00edmite de los linderos comunales.<\/p>\n<p>Esas tierras son las que rancheros de La Placita hab\u00edan comenzado a invadir, y que reclamaban como suyas en peque\u00f1a propiedad o como parte de la dotaci\u00f3n ejidal de Salinas de la Placita. Aunque los trabajos informativos de Garc\u00eda Coira respetaban el trazo de los t\u00edtulos primordiales, Yeverinos \u2014a quien tambi\u00e9n se le acusa de haber recibido dinero de las autoridades de Aquila, la cabecera municipal\u2014 dej\u00f3 fuera las mojoneras del Estac\u00f3n, y las Majahuas. Adem\u00e1s, sus \u00aberrores t\u00e9cnicos\u00bb abrieron la puerta para que los peque\u00f1os propietarios pudieran reclamar como suyas las tierras que pertenecen a Ostula.<\/p>\n<p>En efecto, cuando se comprueban las coordenadas en campo, situando con sistemas de geo localizaci\u00f3n satelital los <em>puntos inamovibles<\/em> del territorio, y se corrige el trazo en el plano, la l\u00ednea coincide tanto con los t\u00edtulos primordiales como con la memoria viva de los ancianos de la comunidad. Por ejemplo, cuando los puntos 162 y 163 se sit\u00faan <em>realmente <\/em>en la desembocadura del r\u00edo Ostula, el punto 149 \u2014el l\u00edmite norte en el Pac\u00edfico\u2014 se recorre 2, 147 metros para coincidir, exactamente, con la mojonera de las Majahuas. No cabe duda: las tierras \u00aben disputa\u00bb son de Ostula, y fueron invadidas por d\u00e9cadas.<\/p>\n<div id=\"attachment_134887\" class=\"wp-caption alignnone\">\n<p><img loading=\"lazy\" decoding=\"async\" class=\"wp-image-134887 size-full\" src=\"https:\/\/i2.wp.com\/subversiones.org\/wp-content\/uploads\/2019\/03\/WhatsApp-Image-2019-03-05-at-17.38.20.jpeg?resize=1012%2C873&amp;ssl=1\" sizes=\"auto, (max-width: 1012px) 100vw, 1012px\" srcset=\"https:\/\/i2.wp.com\/subversiones.org\/wp-content\/uploads\/2019\/03\/WhatsApp-Image-2019-03-05-at-17.38.20.jpeg?w=1012&amp;ssl=1 1012w, https:\/\/i2.wp.com\/subversiones.org\/wp-content\/uploads\/2019\/03\/WhatsApp-Image-2019-03-05-at-17.38.20.jpeg?resize=300%2C259&amp;ssl=1 300w, https:\/\/i2.wp.com\/subversiones.org\/wp-content\/uploads\/2019\/03\/WhatsApp-Image-2019-03-05-at-17.38.20.jpeg?resize=768%2C663&amp;ssl=1 768w, https:\/\/i2.wp.com\/subversiones.org\/wp-content\/uploads\/2019\/03\/WhatsApp-Image-2019-03-05-at-17.38.20.jpeg?resize=436%2C376&amp;ssl=1 436w\" alt=\"\" width=\"740\" height=\"638\" aria-describedby=\"caption-attachment-134887\" data-attachment-id=\"134887\" data-permalink=\"https:\/\/subversiones.org\/archivos\/134863\/whatsapp-image-2019-03-05-at-17-38-20\" data-orig-file=\"https:\/\/i2.wp.com\/subversiones.org\/wp-content\/uploads\/2019\/03\/WhatsApp-Image-2019-03-05-at-17.38.20.jpeg?fit=1012%2C873&amp;ssl=1\" data-orig-size=\"1012,873\" data-comments-opened=\"1\" data-image-meta=\"{&quot;aperture&quot;:&quot;0&quot;,&quot;credit&quot;:&quot;&quot;,&quot;camera&quot;:&quot;&quot;,&quot;caption&quot;:&quot;&quot;,&quot;created_timestamp&quot;:&quot;0&quot;,&quot;copyright&quot;:&quot;&quot;,&quot;focal_length&quot;:&quot;0&quot;,&quot;iso&quot;:&quot;0&quot;,&quot;shutter_speed&quot;:&quot;0&quot;,&quot;title&quot;:&quot;&quot;,&quot;orientation&quot;:&quot;0&quot;}\" data-image-title=\"Mapa 2\" data-image-description=\"\" data-medium-file=\"https:\/\/i2.wp.com\/subversiones.org\/wp-content\/uploads\/2019\/03\/WhatsApp-Image-2019-03-05-at-17.38.20.jpeg?fit=300%2C259&amp;ssl=1\" data-large-file=\"https:\/\/i2.wp.com\/subversiones.org\/wp-content\/uploads\/2019\/03\/WhatsApp-Image-2019-03-05-at-17.38.20.jpeg?fit=1012%2C873&amp;ssl=1\" \/><\/p>\n<p id=\"caption-attachment-134887\" class=\"wp-caption-text\"><strong>Mapa 2. La l\u00ednea verde marca el trazo del plano definitivo. Cuando se compensan los 2, 174m de la desembocadura del rio Ostula, el v\u00e9rtice 149 \u2014el l\u00edmite de la comunidad\u2014 coincide con la mojonera de las Majahuas. La l\u00ednea marr\u00f3n corresponde al plano rectificado en campo. El pol\u00edgono sombreado son las tierras que los supuestos peque\u00f1os propietarios reclaman como suyas.<\/strong> Elaborado por Cristian Chavez, perito top\u00f3grafo de la comunidad.<\/p>\n<\/div>\n<p>&nbsp;<\/p>\n<p><strong>IV. Las tierras hoy<\/strong><\/p>\n<p>Durante a\u00f1os, la comunidad intent\u00f3 solucionar el diferendo en los l\u00edmites con los peque\u00f1os propietarios. En 1978, por ejemplo, las autoridades de Ostula solicitaron trabajos de deslinde y se reunieron con Juli\u00e1n Gonz\u00e1lez Ayala, quien dec\u00eda ser el propietario del Rancho La Pe\u00f1a. Una y otra vez, los trabajos no se realizaban o sea hac\u00edan en clara ventaja para los peque\u00f1os propietarios.<\/p>\n<p>En 1989, la comunidad de Ostula hizo el primer intento de recuperar las tierras invadidas. En aquella ocasi\u00f3n, las y los comuneros se retiraron, a petici\u00f3n del gobierno, como muestra de \u00abbuena voluntad\u00bb para negociar una soluci\u00f3n. El 22 de julio de 2003, 800 comuneros llegaron de nuevo hasta el paraje conocido como la Canaguancera. Aquella vez se limitaron a limpiar los terrenos y se retiraron poco despu\u00e9s. Un comunero recuerda que la gente de la Placita se burlaba de ellos. \u00abQu\u00e9 bueno que ya vinieron esos indios a limpiarnos gratis las tierras\u00bb, dec\u00edan. Pero su respuesta fue mucho m\u00e1s all\u00e1 de las burlas.<\/p>\n<p>En 2004, los peque\u00f1os propietarios de la Placita promovieron un juicio agrario para apoderarse de las tierras de Ostula que el deficiente plano de Yeverinos y Mendoza hab\u00eda dejado fuera. Se trata de un proceso jur\u00eddico que aun contin\u00faa, y cuyo \u00faltimo fallo ha sido negativo para la comunidad. Los intereses de los caciques se han seguido imponiendo y, hoy, son m\u00e1s oscuros que nunca.<\/p>\n<p>Apenas en 2002, en el rancho conocido como Los Mendoza, dentro de los terrenos invadidos, tuvo lugar una de las primeras masacres en la zona vinculadas al crimen organizado. En aquellos a\u00f1os, Jos\u00e9 Mendoza Soto \u2014supuesto due\u00f1o del rancho,\u00a0 narcotraficante, y uno de los demandantes de la Placita\u2014 recib\u00eda en la costa cargamentos de coca\u00edna provenientes de Colombia. Luego, en su rancho, los empaquetaba en <em>grapas<\/em> para despu\u00e9s entregarlos, en la sierra, a operadores del C\u00e1rtel de Sinaloa. Luego de una fiesta en su rancho \u2014dentro del territorio de Ostula\u2014, sicarios del c\u00e1rtel masacraron a nueve personas.<\/p>\n<p>Otro de los propietarios que promovieron el juicio en contra de la comunidad de Ostula es nada m\u00e1s y nada menos que <a href=\"https:\/\/subversiones.org\/archivos\/128526\" target=\"_blank\" rel=\"noopener noreferrer\">Federico Gonz\u00e1lez, <\/a><em>El Lico. <\/em>Aunque fue detenido en 2017, <em>El Lico<\/em> sigue siendo recordado como el responsable de una ola de terror que asol\u00f3 a la comunidad de Ostula. Jefe de plaza del C\u00e1rtel del Milenio \u2014de la familia Valencia, hoy vinculada al C\u00e1rtel Jalisco Nueva Generaci\u00f3n\u2014 y luego de la Familia Michoacana y de los Caballeros Templarios, <em>el Lico<\/em> control\u00f3 el tr\u00e1fico y la extorsi\u00f3n en la regi\u00f3n, y es el principal responsable de los 35 comuneros asesinados y los 6 desaparecidos de Ostula.<\/p>\n<div id=\"attachment_134876\" class=\"wp-caption alignnone\">\n<p><img loading=\"lazy\" decoding=\"async\" class=\"wp-image-134876 size-full\" src=\"https:\/\/i1.wp.com\/subversiones.org\/wp-content\/uploads\/2019\/03\/linderos_ostula-8.jpg?resize=1070%2C713&amp;ssl=1\" sizes=\"auto, (max-width: 1070px) 100vw, 1070px\" srcset=\"https:\/\/i1.wp.com\/subversiones.org\/wp-content\/uploads\/2019\/03\/linderos_ostula-8.jpg?w=1070&amp;ssl=1 1070w, https:\/\/i1.wp.com\/subversiones.org\/wp-content\/uploads\/2019\/03\/linderos_ostula-8.jpg?resize=150%2C100&amp;ssl=1 150w, https:\/\/i1.wp.com\/subversiones.org\/wp-content\/uploads\/2019\/03\/linderos_ostula-8.jpg?resize=300%2C200&amp;ssl=1 300w, https:\/\/i1.wp.com\/subversiones.org\/wp-content\/uploads\/2019\/03\/linderos_ostula-8.jpg?resize=768%2C512&amp;ssl=1 768w, https:\/\/i1.wp.com\/subversiones.org\/wp-content\/uploads\/2019\/03\/linderos_ostula-8.jpg?resize=436%2C291&amp;ssl=1 436w, https:\/\/i1.wp.com\/subversiones.org\/wp-content\/uploads\/2019\/03\/linderos_ostula-8.jpg?resize=673%2C449&amp;ssl=1 673w, https:\/\/i1.wp.com\/subversiones.org\/wp-content\/uploads\/2019\/03\/linderos_ostula-8.jpg?resize=950%2C633&amp;ssl=1 950w\" alt=\"\" width=\"740\" height=\"493\" aria-describedby=\"caption-attachment-134876\" data-attachment-id=\"134876\" data-permalink=\"https:\/\/subversiones.org\/archivos\/134863\/linderos_ostula-8\" data-orig-file=\"https:\/\/i1.wp.com\/subversiones.org\/wp-content\/uploads\/2019\/03\/linderos_ostula-8.jpg?fit=1070%2C713&amp;ssl=1\" data-orig-size=\"1070,713\" data-comments-opened=\"1\" data-image-meta=\"{&quot;aperture&quot;:&quot;0&quot;,&quot;credit&quot;:&quot;Agencia SubVersiones&quot;,&quot;camera&quot;:&quot;&quot;,&quot;caption&quot;:&quot;&quot;,&quot;created_timestamp&quot;:&quot;0&quot;,&quot;copyright&quot;:&quot;copyfarleft P2P&quot;,&quot;focal_length&quot;:&quot;0&quot;,&quot;iso&quot;:&quot;0&quot;,&quot;shutter_speed&quot;:&quot;0&quot;,&quot;title&quot;:&quot;&quot;,&quot;orientation&quot;:&quot;0&quot;}\" data-image-title=\"linderos_ostula-8\" data-image-description=\"\" data-medium-file=\"https:\/\/i1.wp.com\/subversiones.org\/wp-content\/uploads\/2019\/03\/linderos_ostula-8.jpg?fit=300%2C200&amp;ssl=1\" data-large-file=\"https:\/\/i1.wp.com\/subversiones.org\/wp-content\/uploads\/2019\/03\/linderos_ostula-8.jpg?fit=1070%2C713&amp;ssl=1\" \/><\/p>\n<p id=\"caption-attachment-134876\" class=\"wp-caption-text\">Comunera en la mojonera de El Estac\u00f3n. Enero de 2018.<\/p>\n<\/div>\n<p>Con esos antecedentes, en 2008 el Tribunal Unitario Agrario n\u00famero 38, en Colima, dict\u00f3 la primera sentencia del expediente 78\/2004, siguiendo las mismas inconsistencias del plano definitivo y favoreciendo a los peque\u00f1os propietarios. La comunidad, entonces, present\u00f3 un recurso de revisi\u00f3n que le fue denegado, no sin levantar sospechas: el Tribunal Superior Agrario tom\u00f3 la decisi\u00f3n en apenas un mes, un tiempo r\u00e9cord para asuntos de esta naturaleza.<\/p>\n<p>La comunidad present\u00f3 entonces un amparo que le fue concedido por una instancia de la Ciudad de M\u00e9xico, argumentando que se hab\u00edan violado garant\u00edas de la comunidad, expresadas en los art\u00edculos 14 y 16 constitucionales: los derechos de audiencia y seguridad y legalidad jur\u00eddicas. La decisi\u00f3n fue ordenar al Tribunal Superior Agrario que emitiera una nueva sentencia; \u00e9ste, a su vez, orden\u00f3 al Tribunal Unitario Agrario de Colima que recabara los datos de los trabajos del plano proyecto para que los peritos realizaran de nuevo el plano de la comunidad, bas\u00e1ndose en los puntos <em>inamovibles<\/em> del territorio.<\/p>\n<p>Durante esos trabajos, el perito top\u00f3grafo de la comunidad realiz\u00f3 en campo los levantamientos y, realizando los ajustes necesarios \u2014como los de la desembocadura del rio Ostula\u2014, comprob\u00f3 que el punto 149, el l\u00edmite norte de la comunidad, queda en la mojonera de la Canaguancera: las tierras supuestamente en disputa pertenecen claramente a Ostula.<\/p>\n<p>Sin embargo, el perito de los peque\u00f1os propietarios, y el tercer perito, contratado para dirimir la diferencia entre los dos primeros, fallaron en contra de la comunidad siguiendo las inconsistencias del plano definitivo. En la comunidad se sabe que, al igual que en 1964, los peritos no realizaron debidamente los trabajos en campo, especialmente en la zona del Cerro de Mancira, uno de los puntos clave en el l\u00edmite norte, al que s\u00f3lo se puede acceder luego de varias horas caminando.<\/p>\n<p>As\u00ed, el pasado 15 de enero, el Tribunal Unitario Agrario dict\u00f3 de nuevo una sentencia desfavorable para la comunidad de Ostula. Al igual que en 2008 \u2014y a pesar del amparo que ordena levantar de nuevo el plano\u2014, la sentencia valida sin ninguna modificaci\u00f3n el plano de Mendoza y Yeverinos, con sus inconsistencias y los intereses econ\u00f3micos y pol\u00edticos que protege.<\/p>\n<p>En efecto, el pol\u00edgono que la sentencia deja fuera para entregar a los peque\u00f1os propietarios, es uno de los m\u00e1s codiciados, desde el siglo XIX. Actualmente, dentro de \u00e9l se encuentran buena parte de las concesiones mineras adjudicadas dentro de terrenos comunales. La empresa trasnacional Ternium, a trav\u00e9s de su filial Las Encinas, tiene los t\u00edtulos para la extracci\u00f3n de hierro en esas vetas. Hasta ahora, la comunidad ha impedido la entrada de cualquier tipo de explotaci\u00f3n mineral.<\/p>\n<p><img loading=\"lazy\" decoding=\"async\" class=\"alignnone wp-image-134870 size-large\" src=\"https:\/\/i2.wp.com\/subversiones.org\/wp-content\/uploads\/2019\/03\/Intereses-mineros-en-Santa-Mar\u00eda-Ostula.jpg?resize=1070%2C757&amp;ssl=1\" sizes=\"auto, (max-width: 1070px) 100vw, 1070px\" srcset=\"https:\/\/i2.wp.com\/subversiones.org\/wp-content\/uploads\/2019\/03\/Intereses-mineros-en-Santa-Mar\u00eda-Ostula.jpg?resize=1280%2C905&amp;ssl=1 1280w, https:\/\/i2.wp.com\/subversiones.org\/wp-content\/uploads\/2019\/03\/Intereses-mineros-en-Santa-Mar\u00eda-Ostula.jpg?resize=300%2C212&amp;ssl=1 300w, https:\/\/i2.wp.com\/subversiones.org\/wp-content\/uploads\/2019\/03\/Intereses-mineros-en-Santa-Mar\u00eda-Ostula.jpg?resize=768%2C543&amp;ssl=1 768w, https:\/\/i2.wp.com\/subversiones.org\/wp-content\/uploads\/2019\/03\/Intereses-mineros-en-Santa-Mar\u00eda-Ostula.jpg?resize=436%2C308&amp;ssl=1 436w, https:\/\/i2.wp.com\/subversiones.org\/wp-content\/uploads\/2019\/03\/Intereses-mineros-en-Santa-Mar\u00eda-Ostula.jpg?resize=1070%2C757&amp;ssl=1 1070w, https:\/\/i2.wp.com\/subversiones.org\/wp-content\/uploads\/2019\/03\/Intereses-mineros-en-Santa-Mar\u00eda-Ostula.jpg?w=2140&amp;ssl=1 2140w, https:\/\/i2.wp.com\/subversiones.org\/wp-content\/uploads\/2019\/03\/Intereses-mineros-en-Santa-Mar\u00eda-Ostula.jpg?w=3210&amp;ssl=1 3210w\" alt=\"\" width=\"740\" height=\"523\" data-attachment-id=\"134870\" data-permalink=\"https:\/\/subversiones.org\/archivos\/134863\/intereses-mineros-en-santa-maria-ostula\" data-orig-file=\"https:\/\/i2.wp.com\/subversiones.org\/wp-content\/uploads\/2019\/03\/Intereses-mineros-en-Santa-Mar\u00eda-Ostula.jpg?fit=3507%2C2480&amp;ssl=1\" data-orig-size=\"3507,2480\" data-comments-opened=\"1\" data-image-meta=\"{&quot;aperture&quot;:&quot;0&quot;,&quot;credit&quot;:&quot;&quot;,&quot;camera&quot;:&quot;&quot;,&quot;caption&quot;:&quot;&quot;,&quot;created_timestamp&quot;:&quot;0&quot;,&quot;copyright&quot;:&quot;&quot;,&quot;focal_length&quot;:&quot;0&quot;,&quot;iso&quot;:&quot;0&quot;,&quot;shutter_speed&quot;:&quot;0&quot;,&quot;title&quot;:&quot;&quot;,&quot;orientation&quot;:&quot;1&quot;}\" data-image-title=\"Intereses mineros en Santa Mar\u00eda Ostula\" data-image-description=\"\" data-medium-file=\"https:\/\/i2.wp.com\/subversiones.org\/wp-content\/uploads\/2019\/03\/Intereses-mineros-en-Santa-Mar\u00eda-Ostula.jpg?fit=300%2C212&amp;ssl=1\" data-large-file=\"https:\/\/i2.wp.com\/subversiones.org\/wp-content\/uploads\/2019\/03\/Intereses-mineros-en-Santa-Mar\u00eda-Ostula.jpg?fit=1070%2C757&amp;ssl=1\" \/><\/p>\n<p>Adem\u00e1s, en esas tierras se encuentra una bah\u00eda sobre la que se han proyectado desarrollos tur\u00edsticos y puertos de carga, sobre todo para transportar el hierro de la mina que ya opera en el municipio de Aquila, y para las maderas preciosas, muchas de ellas ilegales. Tal y como sucede en otros sitios, un puerto as\u00ed se convertir\u00eda un basti\u00f3n del crimen organizado en la zona. Desde el siglo XIX, juaristas, conservadores, porfiristas, partidistas y narcotraficantes han tenido un solo sue\u00f1o: ocupar esas tierras. Esta sentencia se los concede.<\/p>\n<p><strong>V. Ostula resiste<\/strong><\/p>\n<p>Pero la comunidad de Ostula es m\u00e1s fuerte que nunca. Luego de la sentencia de 2008 \u2014que es pr\u00e1cticamente la misma que la del 15 de enero de 2019\u2014, la asamblea de comuneros decidi\u00f3 reorganizarse alrededor de tres ejes: el jur\u00eddico, el pol\u00edtico y el de la organizaci\u00f3n comunitaria. Los peque\u00f1os propietarios hab\u00edan comenzado a lotificar las tierras comunales. El profesor Diego Ram\u00edrez fue elegido para coordinar la Comisi\u00f3n en Defensa de los Bienes Comunales y de reestructurar la Guardia Comunal, desaparecida por el municipio de Aquila en 1989.<\/p>\n<p>Poco tiempo despu\u00e9s comenz\u00f3 lo que en Ostula llaman \u00abla guerra contra la comunidad\u00bb. El 12 de abril de 2008, la Marina Armada se apost\u00f3 en La Placita; como en 1960, el objetivo era seguir las \u00f3rdenes de los caciques locales y amedrentar a la comunidad. El 28 de junio de 2008 fue brutalmente asesinado Diego Ram\u00edrez. Su cuerpo fue hallado en La Pe\u00f1a, uno de los puntos que los peque\u00f1os propietarios reclaman. El mensaje era claro.<\/p>\n<p>Pero la comunidad no cedi\u00f3 y, finalmente, el 29 de junio de 2009 un grupo de comuneros y comuneras, encabezados por la Guardia Comunal, recuper\u00f3 por la v\u00eda de los hechos el paraje de la Canaguancera. La comunidad decidi\u00f3 respetar la Resoluci\u00f3n Presidencial de 1964 y recuperar s\u00f3lo hasta la estaci\u00f3n 149, sin avanzar hasta las Majahuas, como marcan los t\u00edtulos primordiales.<\/p>\n<p>El d\u00eda mismo de la recuperaci\u00f3n comenzaron a levantarse las casas de un pueblo que hoy tiene m\u00e1s de sesenta familias, una escuela primaria, una capilla, palmas de coco, tamarindo y parcelas de cultivo. En memoria de Diego Ram\u00edrez, ese pueblo se llama San Diego Xayakalan.<\/p>\n<p>Desde entonces, Xayakalan es uno de los bastiones de la resistencia de Santa Mar\u00eda Ostula. All\u00ed han crecido ni\u00f1os y ni\u00f1as que saben que esas tierras son suyas, que se defendieron y que se recuperaron gracias al trabajo y al valor de generaciones de comuneras y comuneros.<\/p>\n<p>La sentencia emitida el 15 de enero pasado es un nuevo golpe para la comunidad: se trata del m\u00e1s reciente intento de disfrazar de resoluci\u00f3n legal un despojo documentado durante d\u00e9cadas. Como siempre lo ha hecho, el pueblo de Ostula seguir\u00e1 buscando que sus derechos sean reconocidos jur\u00eddicamente. Pero, pase lo que pase, no dejar\u00e1 que un \u00aberror t\u00e9cnico\u00bb les arrebate las tierras que le dan sustento, vida y alegr\u00eda.<\/p>\n<div id=\"attachment_134877\" class=\"wp-caption alignnone\">\n<p><img loading=\"lazy\" decoding=\"async\" class=\"wp-image-134877 size-full\" src=\"https:\/\/i1.wp.com\/subversiones.org\/wp-content\/uploads\/2019\/03\/linderos_ostula-6.jpg?resize=1070%2C713&amp;ssl=1\" sizes=\"auto, (max-width: 1070px) 100vw, 1070px\" srcset=\"https:\/\/i1.wp.com\/subversiones.org\/wp-content\/uploads\/2019\/03\/linderos_ostula-6.jpg?w=1070&amp;ssl=1 1070w, https:\/\/i1.wp.com\/subversiones.org\/wp-content\/uploads\/2019\/03\/linderos_ostula-6.jpg?resize=150%2C100&amp;ssl=1 150w, https:\/\/i1.wp.com\/subversiones.org\/wp-content\/uploads\/2019\/03\/linderos_ostula-6.jpg?resize=300%2C200&amp;ssl=1 300w, https:\/\/i1.wp.com\/subversiones.org\/wp-content\/uploads\/2019\/03\/linderos_ostula-6.jpg?resize=768%2C512&amp;ssl=1 768w, https:\/\/i1.wp.com\/subversiones.org\/wp-content\/uploads\/2019\/03\/linderos_ostula-6.jpg?resize=436%2C291&amp;ssl=1 436w, https:\/\/i1.wp.com\/subversiones.org\/wp-content\/uploads\/2019\/03\/linderos_ostula-6.jpg?resize=673%2C449&amp;ssl=1 673w, https:\/\/i1.wp.com\/subversiones.org\/wp-content\/uploads\/2019\/03\/linderos_ostula-6.jpg?resize=950%2C633&amp;ssl=1 950w\" alt=\"\" width=\"740\" height=\"493\" aria-describedby=\"caption-attachment-134877\" data-attachment-id=\"134877\" data-permalink=\"https:\/\/subversiones.org\/archivos\/134863\/linderos_ostula-6\" data-orig-file=\"https:\/\/i1.wp.com\/subversiones.org\/wp-content\/uploads\/2019\/03\/linderos_ostula-6.jpg?fit=1070%2C713&amp;ssl=1\" data-orig-size=\"1070,713\" data-comments-opened=\"1\" data-image-meta=\"{&quot;aperture&quot;:&quot;0&quot;,&quot;credit&quot;:&quot;&quot;,&quot;camera&quot;:&quot;&quot;,&quot;caption&quot;:&quot;&quot;,&quot;created_timestamp&quot;:&quot;0&quot;,&quot;copyright&quot;:&quot;&quot;,&quot;focal_length&quot;:&quot;0&quot;,&quot;iso&quot;:&quot;0&quot;,&quot;shutter_speed&quot;:&quot;0&quot;,&quot;title&quot;:&quot;&quot;,&quot;orientation&quot;:&quot;0&quot;}\" data-image-title=\"linderos_ostula-6\" data-image-description=\"\" data-medium-file=\"https:\/\/i1.wp.com\/subversiones.org\/wp-content\/uploads\/2019\/03\/linderos_ostula-6.jpg?fit=300%2C200&amp;ssl=1\" data-large-file=\"https:\/\/i1.wp.com\/subversiones.org\/wp-content\/uploads\/2019\/03\/linderos_ostula-6.jpg?fit=1070%2C713&amp;ssl=1\" \/><\/p>\n<p id=\"caption-attachment-134877\" class=\"wp-caption-text\">Colocaci\u00f3n de la mojonera en la estaci\u00f3n 74. Cerro del Tepataste, mayo de 2016<\/p>\n<\/div>\n<p>Notas:<\/p>\n<ol>\n<li>Citado en John Gledhill,\u00a0<em>Cultura y desaf\u00edo en Ostula<\/em>, Zamora, El Colegio de Michoac\u00e1n, 2004, p. 299.<\/li>\n<li>Citado en\u00a0<em>ibid.<\/em>, p. 305.<\/li>\n<\/ol>\n<p><\/p>","protected":false},"excerpt":{"rendered":"<p>Por Dante A. Saucedo y Regina L\u00f3pez | Agencia SubVersiones En la costa de Michoac\u00e1n, entre las aguas del Oc\u00e9ano Pac\u00edfico y la Sierra madre del sur, habita el pueblo nahua de Santa Mar\u00eda Ostula. Al menos desde el siglo XIX, ganaderos, peque\u00f1os propietarios, mineros y, m\u00e1s recientemente, narcotraficantes, han intentado despojarlo su territorio. La [&hellip;]<\/p>\n","protected":false},"author":1,"featured_media":31123,"comment_status":"open","ping_status":"closed","sticky":false,"template":"","format":"standard","meta":{"footnotes":""},"categories":[957,958,954],"tags":[79,567,114,545,483],"class_list":["post-31121","post","type-post","status-publish","format-standard","has-post-thumbnail","hentry","category-autonomia","category-megaproyectos","category-mexico","tag-autonomia","tag-megaproyectos","tag-ostula","tag-pueblos-indigenas","tag-tierra-y-territorio"],"_links":{"self":[{"href":"https:\/\/radiozapatista.org\/index.php?rest_route=\/wp\/v2\/posts\/31121","targetHints":{"allow":["GET"]}}],"collection":[{"href":"https:\/\/radiozapatista.org\/index.php?rest_route=\/wp\/v2\/posts"}],"about":[{"href":"https:\/\/radiozapatista.org\/index.php?rest_route=\/wp\/v2\/types\/post"}],"author":[{"embeddable":true,"href":"https:\/\/radiozapatista.org\/index.php?rest_route=\/wp\/v2\/users\/1"}],"replies":[{"embeddable":true,"href":"https:\/\/radiozapatista.org\/index.php?rest_route=%2Fwp%2Fv2%2Fcomments&post=31121"}],"version-history":[{"count":2,"href":"https:\/\/radiozapatista.org\/index.php?rest_route=\/wp\/v2\/posts\/31121\/revisions"}],"predecessor-version":[{"id":31124,"href":"https:\/\/radiozapatista.org\/index.php?rest_route=\/wp\/v2\/posts\/31121\/revisions\/31124"}],"wp:featuredmedia":[{"embeddable":true,"href":"https:\/\/radiozapatista.org\/index.php?rest_route=\/wp\/v2\/media\/31123"}],"wp:attachment":[{"href":"https:\/\/radiozapatista.org\/index.php?rest_route=%2Fwp%2Fv2%2Fmedia&parent=31121"}],"wp:term":[{"taxonomy":"category","embeddable":true,"href":"https:\/\/radiozapatista.org\/index.php?rest_route=%2Fwp%2Fv2%2Fcategories&post=31121"},{"taxonomy":"post_tag","embeddable":true,"href":"https:\/\/radiozapatista.org\/index.php?rest_route=%2Fwp%2Fv2%2Ftags&post=31121"}],"curies":[{"name":"wp","href":"https:\/\/api.w.org\/{rel}","templated":true}]}}