{"id":30829,"date":"2019-03-19T10:41:13","date_gmt":"2019-03-19T16:41:13","guid":{"rendered":"https:\/\/radiozapatista.org\/?p=30829"},"modified":"2019-03-19T10:41:13","modified_gmt":"2019-03-19T16:41:13","slug":"mision-civil-de-observacion-en-tabasco-conclusiones-preliminares","status":"publish","type":"post","link":"https:\/\/radiozapatista.org\/?p=30829","title":{"rendered":"Misi\u00f3n Civil de Observaci\u00f3n en Tabasco: Conclusiones Preliminares"},"content":{"rendered":"<p>Los pasados d\u00edas 14 y 15 de marzo, un grupo de organizaciones de la sociedad civil, lideradas por <span lang=\"ES-MX\">la Red Nacional de Organismos Civiles de Derechos Humanos \u201cTodos los Derechos para Todas y Todos\u201d (Red TDT), desarrollaron una <\/span><span lang=\"ES-TRAD\">Misi\u00f3n Civil de Observaci\u00f3n en Tabasco para<\/span><span lang=\"ES-MX\"> documentar, visibilizar y denunciar el agravamiento en la crisis de inseguridad contra las personas migrantes y pobladores locales en<\/span><span lang=\"ES-TRAD\"> rutas migratorias que conducen de la l\u00ednea fronteriza con Guatemala a la ciudad de Tenosique.<\/span><\/p>\n<p>Los integrantes de la Misi\u00f3n de Observaci\u00f3n pudieron atestiguar:<\/p>\n<ul type=\"disc\">\n<li>La situaci\u00f3n de inseguridad y violencia aumenta de forma preocupante en las rutas migratorias: 292 v\u00edctimas han sido acompa\u00f1adas por La 72 en los \u00faltimos dos meses.<\/li>\n<li>De las carpetas iniciadas por la Fiscal\u00eda Especial de Atenci\u00f3n a Migrantes de Tenosique desde 2015, menos del 1% han sido judicializadas.<\/li>\n<li>Misi\u00f3n Civil de Observaci\u00f3n sufri\u00f3 incidente de seguridad mientras realizaba visita de documentaci\u00f3n.<\/li>\n<\/ul>\n<p>Compartimos aqu\u00ed las conclusiones preliminares con informaci\u00f3n m\u00e1s detallada de la Misi\u00f3n de Observaci\u00f3n:<\/p>\n<p><a href=\"https:\/\/radiozapatista.org\/wp-content\/uploads\/2019\/03\/Conclusiones-preliminares-MCO-Red-TDT.pdf\"><img loading=\"lazy\" decoding=\"async\" class=\"alignnone size-full wp-image-30830\" src=\"https:\/\/radiozapatista.org\/wp-content\/uploads\/2019\/03\/descarga-pdf.jpg\" alt=\"\" width=\"80\" height=\"80\" \/><\/a><\/p>","protected":false},"excerpt":{"rendered":"<p>Los pasados d\u00edas 14 y 15 de marzo, un grupo de organizaciones de la sociedad civil, lideradas por la Red Nacional de Organismos Civiles de Derechos Humanos \u201cTodos los Derechos para Todas y Todos\u201d (Red TDT), desarrollaron una Misi\u00f3n Civil de Observaci\u00f3n en Tabasco para documentar, visibilizar y denunciar el agravamiento en la crisis de [&hellip;]<\/p>\n","protected":false},"author":1,"featured_media":30832,"comment_status":"open","ping_status":"closed","sticky":false,"template":"","format":"standard","meta":{"footnotes":""},"categories":[826,954,959],"tags":[1234,30,1178],"class_list":["post-30829","post","type-post","status-publish","format-standard","has-post-thumbnail","hentry","category-medios-libres-2","category-mexico","category-migracion","tag-exodo-migrante","tag-migracion","tag-tabasco"],"_links":{"self":[{"href":"https:\/\/radiozapatista.org\/index.php?rest_route=\/wp\/v2\/posts\/30829","targetHints":{"allow":["GET"]}}],"collection":[{"href":"https:\/\/radiozapatista.org\/index.php?rest_route=\/wp\/v2\/posts"}],"about":[{"href":"https:\/\/radiozapatista.org\/index.php?rest_route=\/wp\/v2\/types\/post"}],"author":[{"embeddable":true,"href":"https:\/\/radiozapatista.org\/index.php?rest_route=\/wp\/v2\/users\/1"}],"replies":[{"embeddable":true,"href":"https:\/\/radiozapatista.org\/index.php?rest_route=%2Fwp%2Fv2%2Fcomments&post=30829"}],"version-history":[{"count":1,"href":"https:\/\/radiozapatista.org\/index.php?rest_route=\/wp\/v2\/posts\/30829\/revisions"}],"predecessor-version":[{"id":30833,"href":"https:\/\/radiozapatista.org\/index.php?rest_route=\/wp\/v2\/posts\/30829\/revisions\/30833"}],"wp:featuredmedia":[{"embeddable":true,"href":"https:\/\/radiozapatista.org\/index.php?rest_route=\/wp\/v2\/media\/30832"}],"wp:attachment":[{"href":"https:\/\/radiozapatista.org\/index.php?rest_route=%2Fwp%2Fv2%2Fmedia&parent=30829"}],"wp:term":[{"taxonomy":"category","embeddable":true,"href":"https:\/\/radiozapatista.org\/index.php?rest_route=%2Fwp%2Fv2%2Fcategories&post=30829"},{"taxonomy":"post_tag","embeddable":true,"href":"https:\/\/radiozapatista.org\/index.php?rest_route=%2Fwp%2Fv2%2Ftags&post=30829"}],"curies":[{"name":"wp","href":"https:\/\/api.w.org\/{rel}","templated":true}]}}