{"id":3075,"date":"2011-05-13T10:08:43","date_gmt":"2011-05-13T15:08:43","guid":{"rendered":"https:\/\/radiozapatista.org\/?p=3075"},"modified":"2011-05-13T10:08:43","modified_gmt":"2011-05-13T15:08:43","slug":"grecia-%c2%a1urgente-dos-manifestantes-muy-gravemente-heridos-uno-de-ellos-en-estado-de-coma","status":"publish","type":"post","link":"https:\/\/radiozapatista.org\/?p=3075","title":{"rendered":"GRECIA &#8211; \u00a1URGENTE! Dos manifestantes muy gravemente heridos, uno de ellos en estado de coma"},"content":{"rendered":"<p>M\u00e1s informaci\u00f3n: <a href=\"http:\/\/www.europazapatista.org\/GRECIA-URGENTE-Dos-manifestantes.html\" target=\"_blank\">Europa Zapatista<\/a><\/p>\n<p>&#8211; 11 de Mayo: La represi\u00f3n polic\u00edaca ha llenado con sangre las calles de Atenas.<br \/>\n&#8211; En proceso manifestaciones contra la represi\u00f3n.<\/p>\n<p>La primera reacci\u00f3n viendo las fotos que siguen este peque\u00f1o escrito es: \u201cesto no puede pasar en Europa\u201d. Sin embargo son fotos de una capital europea. Igual podr\u00edan ser de Londres, Roma, Barcelona, Par\u00eds&#8230; Son de Atenas. Donde la represi\u00f3n polic\u00edaca bajo los \u00f3rdenes del gobierno griego contra manifestantes que protestaban ayer en el marco de la huelga general, del 11 de mayo, por las pol\u00edticas que exterminan la sociedad, ha mandado a los hospitales a 97 manifestantes. Dos de ellos muy gravemente heridos por golpes policiacos incotrolados.<\/p>\n<p>El compa\u00f1ero G.K., de treinta a\u00f1os, miembro de la \u201cAsamblea de Resistencia y Solidaridad de Barrio Kypseli\u201d est\u00e1 en el hospital de Nikea y los m\u00e9dicos batallan por su vida. Las heridas mortales se provocaron por golpeos en la cabeza. Cuando le trasladaron al hospital estaba en \u201cestado de muerte\u201d, seg\u00fan el comunicado de los m\u00e9dicos. La operaci\u00f3n para quitar los hematomas cerebrales que se provocaron por los golpes policiacos dur\u00f3 4 horas. Los m\u00e9dicos todav\u00eda no pueden decir si va a vivir o no y c\u00f3mo.<\/p>\n<p>Otro manifestante, el M.P. de 29 a\u00f1os est\u00e1 hospitalizado en Evaggelismos, donde los m\u00e9dicos avanzaron su operaci\u00f3n y le quitaron el bazo para salvarle la vida.<\/p>\n<p>En Atenas los \u00faltimos a\u00f1os hemos vivido y sufrido la represi\u00f3n brutal de las fuerzas de represi\u00f3n. Sin embargo el ataque man\u00edaco de ayer, un ataque sin raz\u00f3n y motivo contra los manifestantes, sin el pretexto habitual de los \u00efncidentes, no puede describirse en palabras. HAN DECLARADO LA GUERRA CONTRA LA SOCIEDAD.<\/p>\n<p><iframe loading=\"lazy\" width=\"480\" height=\"390\" src=\"http:\/\/www.youtube.com\/embed\/celyhv_P79Y\" frameborder=\"0\" allowfullscreen><\/iframe><\/p>\n<p><iframe loading=\"lazy\" width=\"480\" height=\"303\" src=\"http:\/\/www.youtube.com\/embed\/oY78k1sIgJ8\" frameborder=\"0\" allowfullscreen><\/iframe><\/p>\n<p><iframe loading=\"lazy\" width=\"480\" height=\"390\" src=\"http:\/\/www.youtube.com\/embed\/9D8LbcND1_s\" frameborder=\"0\" allowfullscreen><\/iframe><\/p>\n<p><iframe loading=\"lazy\" width=\"480\" height=\"303\" src=\"http:\/\/www.youtube.com\/embed\/R_xDdPepPn4\" frameborder=\"0\" allowfullscreen><\/iframe><\/p>\n<hr>\n<p>ULTIMA HORA. Amaneciendo hoy, unos fascistas acuchillaron y asesinaron a un inmigrante. En este momento est\u00e1 en proceso otro programa gubernamental contra los inmigrantes y alrededor de 1000 fascistas marchan por el centro de Atenas\u2026<\/p>\n<p>No cabe duda, como en tantos otros lugares del mundo, hoy en Grecia y buena parte de Europa camina la barbarie del capitalismo, con sus pol\u00edticas neoliberales y sus ej\u00e9rcitos de esbirros. Y todo es posible, incluso el retorno del fascismo m\u00e1s puro y crudo, si es que alguna vez se fue\u2026<\/p>","protected":false},"excerpt":{"rendered":"<p>M\u00e1s informaci\u00f3n: Europa Zapatista &#8211; 11 de Mayo: La represi\u00f3n polic\u00edaca ha llenado con sangre las calles de Atenas. &#8211; En proceso manifestaciones contra la represi\u00f3n. La primera reacci\u00f3n viendo las fotos que siguen este peque\u00f1o escrito es: \u201cesto no puede pasar en Europa\u201d. Sin embargo son fotos de una capital europea. Igual podr\u00edan ser [&hellip;]<\/p>\n","protected":false},"author":1,"featured_media":0,"comment_status":"open","ping_status":"open","sticky":false,"template":"","format":"standard","meta":{"footnotes":""},"categories":[183],"tags":[920,156,87],"class_list":["post-3075","post","type-post","status-publish","format-standard","hentry","category-blog","tag-europa","tag-grecia","tag-represion"],"_links":{"self":[{"href":"https:\/\/radiozapatista.org\/index.php?rest_route=\/wp\/v2\/posts\/3075","targetHints":{"allow":["GET"]}}],"collection":[{"href":"https:\/\/radiozapatista.org\/index.php?rest_route=\/wp\/v2\/posts"}],"about":[{"href":"https:\/\/radiozapatista.org\/index.php?rest_route=\/wp\/v2\/types\/post"}],"author":[{"embeddable":true,"href":"https:\/\/radiozapatista.org\/index.php?rest_route=\/wp\/v2\/users\/1"}],"replies":[{"embeddable":true,"href":"https:\/\/radiozapatista.org\/index.php?rest_route=%2Fwp%2Fv2%2Fcomments&post=3075"}],"version-history":[{"count":0,"href":"https:\/\/radiozapatista.org\/index.php?rest_route=\/wp\/v2\/posts\/3075\/revisions"}],"wp:attachment":[{"href":"https:\/\/radiozapatista.org\/index.php?rest_route=%2Fwp%2Fv2%2Fmedia&parent=3075"}],"wp:term":[{"taxonomy":"category","embeddable":true,"href":"https:\/\/radiozapatista.org\/index.php?rest_route=%2Fwp%2Fv2%2Fcategories&post=3075"},{"taxonomy":"post_tag","embeddable":true,"href":"https:\/\/radiozapatista.org\/index.php?rest_route=%2Fwp%2Fv2%2Ftags&post=3075"}],"curies":[{"name":"wp","href":"https:\/\/api.w.org\/{rel}","templated":true}]}}