{"id":3063,"date":"2011-05-12T14:30:06","date_gmt":"2011-05-12T19:30:06","guid":{"rendered":"https:\/\/radiozapatista.org\/?p=3063"},"modified":"2011-05-12T14:30:06","modified_gmt":"2011-05-12T19:30:06","slug":"mumia-abu-jamal-una-raza-encarcelada","status":"publish","type":"post","link":"https:\/\/radiozapatista.org\/?p=3063","title":{"rendered":"Mumia Abu-Jamal: Una Raza Encarcelada"},"content":{"rendered":"<p><span style=\"font-family: Arial; color: #000000; font-size: x-small;\"><span style=\"font-family: Arial; color: #000000; font-size: x-small;\"><span style=\"font-family: Arial; color: #000000; font-size: x-small;\"><\/p>\n<div>\n<div>\n<div>\n<div>\n<div><strong><span style=\"font-size: medium;\"> <\/span><\/strong><span style=\"font-size: medium;\"><strong> Mum\u00eda  Ab<span style=\"color: #333333;\">\u00fa-<\/span>Jamal<\/strong><\/span><\/div>\n<div><strong><span style=\"font-size: medium;\"> Discurso del 25\/3\/2011*<\/span><\/strong><\/div>\n<div><strong> <\/strong><\/div>\n<\/div>\n<\/div>\n<\/div>\n<\/div>\n<p><\/span><span style=\"font-size: small;\"> Queridos Amigos,  Activistas, Acad<span style=\"color: #000080;\">\u00e9<\/span>micos y Colegas: <em>Ona  Move<\/em>!<\/span><span style=\"font-size: small;\"> Gracias por su invitaci\u00f3n a que venga\u00a0a  participar en esta Conferencia. <\/span><\/p>\n<p><\/span><span style=\"font-size: small;\"> Es un honor compartir estos breves momentos con  Ustedes\u00a0 &#8212; un saludo especial a los panelistas, a muchos de los cuales  conozco y admiro.<\/span><\/p>\n<p><span style=\"font-size: small;\"> El t\u00f3pico es, para decirlo de una vez,  amedrentador: los incre\u00edbles n<span style=\"color: #333333;\">\u00fa<\/span>meros son pasmosos,  especialmente\u00a0si vemos su impacto familiar, social, comunitario y  pol\u00edtico.<\/span><\/p>\n<p><span style=\"font-size: small;\"> Me atrevo a decir, para aquellos entre Ustedes que  son Afro-Norteamericanos, no importa su clase social o sus ingresos, Ustedes no  van a tener que\u00a0pensar mucho para recordar que tienen un sobrino &#8211;y  ahora\u00a0mucho m<span style=\"color: #333333;\">\u00e1<\/span>s &#8212; una sobrina&#8211; (sin mencionar  un hijo o una hija) que, si no est<span style=\"color: #333333;\">\u00e1<\/span> en este momento  en la c<span style=\"color: #333333;\">\u00e1<\/span>rcel, estuvo en el pasado en\u00a0una del  condado, del estado o en una prisi\u00f3n del sistema\u00a0federal. <\/span><\/p>\n<p><\/span><\/p>\n<p><span style=\"font-size: small;\"> Eso habla de la ubicuidad del problema, de los  vastos n<span style=\"color: #333333;\">\u00fa<\/span>meros de hombres, mujeres y j\u00f3venes que  pueblan el complejo industrial de prisiones en Estados Unidos.\u00a0Como muchos  de Ustedes sabe, Estados Unidos, con solo el 5% de la poblaci\u00f3n del mundo, tiene  en sus c<span style=\"color: #333333;\">\u00e1<\/span>rceles el 5% de todos los prisioneros del  mundo.\u00a0Como Michelle Alexander (a quien van a escuchar esta noche en el  programa de esta Conferencia) ha escrito, los n<span style=\"color: #333333;\">\u00fa<\/span>meros  de prisioneros negros aqu\u00ed, rivaliza y sobrepasa los n<span style=\"color: #333333;\">\u00fa<\/span>meros de prisioneros en Sud<span style=\"color: #333333;\">\u00e1<\/span>frica durante\u00a0el odioso sistema del  <em>apartheid,<\/em> en sus tiempos m<span style=\"color: #333333;\">\u00e1<\/span>s  culminantes.<\/span><\/p>\n<p><span style=\"font-size: small;\"> No debemos pasar por alto esta analog\u00eda, porque el  <em>apartheid<\/em> sudafricano fue el\u00a0 ep\u00edtome del estado racista polic\u00eda,  segundo solo a Alemania nazi en lo repulsivo de su naturaleza. Adem<span style=\"color: #333333;\">\u00e1<\/span>s, mucha de su energ\u00eda era dedicada a su guerra de hecho  contra la mayor\u00eda negra, (en jerga militar, espionaje, <em>conflicto de baja  intensidad<\/em>), que criminalizaba casi todas las formas de la vida  independiente africana, restringuiendo los lugares para vivir, para trabajar,  estudiar e incluso los lugares para hacer el amor. <\/span><\/p>\n<p><span style=\"font-size: small;\"> Esto\u00a0habla de lo ciegos que somos en este pa\u00eds  a la magnitud del problema (mucho m<span style=\"color: #333333;\">\u00e1<\/span>s a su soluci\u00f3n),  y de como se ha hecho normal en la conciencia social y pol\u00edtica, en parte porque  las corporaciones de los medios de comunicaci\u00f3n no se preocupan por la historia,  o la tergiversan; porque si ellos pudieron fallar en los reportajes conducentes  a una horrible guerra (aqu\u00ed estoy hablando de Irak) ellos ciertamente pueden  fallar en sus reportajes de los parametros del conflicto de baja intensidad que  destruye la vida de los negros. <\/span><\/p>\n<p><span style=\"font-size: small;\"> <\/span><span style=\"font-size: small;\"> Quiz<span style=\"color: #333333;\">\u00e1<\/span>s las palabras de uno que no es norteamericano (no quiero  llamarlo,<em> extranjero<\/em>), pero que por much tiempo es un observador de  este pa\u00eds, nos puedan dar una mejor perspectiva. A los 71 a\u00f1os, el gran regalo  musical de Sud<span style=\"color: #333333;\">\u00e1<\/span>frica, Hugh Masekela, di\u00f3 una  entrevista en la que\u00a0habl\u00f3 de\u00a0<em>post-apartheid <\/em>Sud<span style=\"color: #333333;\">\u00e1<\/span>frica: <em>&#8220;La mayor\u00eda de la poblaci\u00f3n solo obtuvo el  derecho a votar y bajaron los ataque de la polic\u00eda. Pero cualquier otro cambio  ser\u00eda malo para los negocios. Lo mismo\u00a0que aqu\u00ed en Estados Unidos &#8211;los  frutos del Movimiento de los Derechos Civiles son muy pocos, m\u00ednimos.&#8221; <\/em><\/span><\/p>\n<p><span style=\"font-size: small;\"> Cito a\u00a0Masekela no solo porque es c<span style=\"color: #000080;\">\u00e9<\/span>lebre (tampoco porque amo su m<span style=\"color: #333333;\">\u00fa<\/span>sica), si no porque <span style=\"color: #000080;\">\u00e9<\/span>l, como  millones de africanos, vivi\u00f3 bajo la locura del <em>apartheid,<\/em> (a<span style=\"color: #333333;\">\u00fa<\/span>n cuando <span style=\"color: #000080;\">\u00e9<\/span>l escap\u00f3 y despu<span style=\"color: #000080;\">\u00e9<\/span>s vivi\u00f3 como exiliado) y en consecuencia lo conoce  \u00edntimamente. Por <span style=\"color: #000080;\">\u00e9<\/span>so <span style=\"color: #000080;\">\u00e9<\/span>l  puede reconocer los elementos del <em>apartheid<\/em> en la vida  norteamericana.<\/span><\/p>\n<p><span style=\"font-size: small;\"> Pero,\u00a0\u00bfporqu<span style=\"color: #000080;\">\u00e9<\/span> es  que el<em> apartheid<\/em> es visto como algo repugnante y el complejo industrial  de prisiones norteamericano (PIC, de su\u00a0sigla en ingl<span style=\"color: #000080;\">\u00e9<\/span>s)\u00a0es visto como algo tan benigno?<\/span><\/p>\n<p><span style=\"font-size: small;\"> Creo que la respuesta es doble: 1) las elites  pol\u00edticas de los partidos dem\u00f3crata y republicano\u00a0llegaron a un consenso  bi-partidario en este asunto;\u00a0y 2), la presencia de actores pol\u00edticos  negros en diferentes posiciones de gobierno act<span style=\"color: #333333;\">\u00fa<\/span>a  como escudo que protege de los ataques sobre la naturaleza racista del sistema. <\/span><\/p>\n<p><span style=\"font-size: small;\"> Como en Sud<span style=\"color: #333333;\">\u00e1<\/span>frica, las  elites pol\u00edticas negras de Estados Unidos\u00a0se han beneficiado de un sistema  econ\u00f3mico que es profundamente injusto para la gran mayor\u00eda de los negros,  especialmente para los pobres y para la clase trabajadora.\u00a0 Asi, la raza  protege la divisi\u00f3n de clases, y a pesar de las apariencias, la raza termina  protegiendo la desigualdad social.<\/span><\/p>\n<p><span style=\"font-size: small;\">En esencia, el r<span style=\"color: #000080;\">\u00e9<\/span>gimen  <em>post-apartheid<\/em> consigui\u00f3 un resultado que la era del <em>apartheid<\/em> trat\u00f3 de conseguir, pero no pudo: crear una clase\u00a0para protejer las  tierras, la propiedad y la riqueza material de la minor\u00eda formada por los  colonizadores blancos.<\/span><\/p>\n<p><span style=\"font-size: small;\"> Es una de las iron\u00edas de la historia  que el gobierno del Congreso Nacional Africano (African National Congress, ANC)  pudiera haber conseguido ese resultado, si en verdad fue un acuerdo al que se  lleg\u00f3 despu<span style=\"color: #000080;\">\u00e9<\/span>s de negociaciones. <\/span><\/p>\n<p><span style=\"font-size: small;\"> Pongamos de lado las interpretaciones te\u00f3ricas y  pol\u00edticas para ver un ejemplo real. Have varios meses, un pelot\u00f3n de polic\u00eda  asalt\u00f3 una casa de la clase trabajadora negra, dispar\u00f3 a la casa desde afuera, y  mat\u00f3 a una ni\u00f1a. Eso, en s\u00ed, desgraciadamente, no podr\u00eda ser noticia de  importancia. Sin embargo, tiene significado\u00a0si vemos que tanto el alcalde  de la ciudad,\u00a0como su jefe de polic\u00eda, eran negros. Aquellos que recuerdan  este incidente quiz<span style=\"color: #333333;\">\u00e1<\/span>s reconozcan el nombre de la  linda ni\u00f1a asesinada, Aiyannah Jones, si recuerdo bi<span style=\"color: #000080;\">\u00e9<\/span>n, y la ciudad, Detroit, Michigan. En verdad <span style=\"color: #000080;\">\u00e9<\/span>sto nos ofrece una idea sobre la funci\u00f3n pol\u00edtica de los  l\u00edderes negros, y sobre su impotencia si tratan de limitar la acci\u00f3n del estado  cuando est<span style=\"color: #333333;\">\u00e1<\/span> en peligro la vida de los negros  pobres.<\/span><\/p>\n<p><span style=\"font-size: small;\"> Una de las participantes  principales\u00a0en esta Conferencia, la profesora de leyes, Alexander, trata  algunos de estos puntos en su libro,<em> El Nuevo Jim Crow, (The New Jim Crow), <\/em>pero lo que para m\u00ed tiene m<span style=\"color: #333333;\">\u00e1<\/span>s importancia es  algo que no he visto en ninguna de las cr\u00edticas\u00a0que he le\u00eddo de ese libro,  (naturalmente, comprendo que la mayor\u00eda de los presos no tenemos acceso a  computadores, y probablemente\u00a0no he visto muchas de las cr\u00edticas.)\u00a0Y  es su observaci\u00f3n que los negros de la clase pobre y trabajadora forman parte de  una casta social en la sociedad norteamericana. <\/span><\/p>\n<p><span style=\"font-size: small;\"> En una naci\u00f3n\u00a0que promueve  la\u00a0democracia, uno podr\u00eda pensar que la acusaci\u00f3n de que una casta racial  distinta existe al centro de esa democracia podr\u00eda provocar controversia.\u00a0  A juzgar por lo que he le\u00eddo, ese importante punto ni siquiera se ha  notado.<\/span><\/p>\n<p><span style=\"font-size: small;\"> Conclusi\u00f3n<\/span><\/p>\n<p><span style=\"font-size: small;\"> Para  terminar, quiero\u00a0naturalmente recomendar\u00a0ese libro a todos Ustedes  para que lo estudien.\u00a0\u00a0Pero debo hacer algo m<span style=\"color: #333333;\">\u00e1<\/span>s. <\/span><\/p>\n<p><span style=\"font-size: small;\"> Debemos pedir, agitar, y si todo lo  dem<span style=\"color: #333333;\">\u00e1<\/span>s falla, crear un nuevo movimiento popular que  luche for destruir de una vez por todas el sistema de castas. En verdad, es  en\u00a0nuestro inter<span style=\"color: #000080;\">\u00e9<\/span>s colectivo hacerlo. Porque la  mayor\u00eda de los eruditos, intelectuales, acad<span style=\"color: #000080;\">\u00e9<\/span>micos y  elites pol\u00edticas\u00a0de los negros est<span style=\"color: #333333;\">\u00e1<\/span>n a una  generaci\u00f3n de distancia de los getos, que para muchos de ellos ya son solo una  memoria lejana. Pero, con el\u00a0derrumbe de la econom\u00eda norteamericana, al  reducirse el sistema de protecci\u00f3n social &#8211;y cuando el estado mismo se  reduzca&#8211; \u00bfd\u00f3nde creen Ustedes los cortes van a empezar?<\/span><\/p>\n<p><span style=\"font-size: small;\"> Finalmente, nosotros sabemos que el  impacto de las leyes que privan a los delincuentes de sus derechos civiles,  especialmente de su derecho al voto, inexorablemente condujo a la elecci\u00f3n  de\u00a0George W. Bush, en 2000.\u00a0 Piensen como luciera el mundo si ese  evento pol\u00edtico no hubiera pasado.<\/span><\/p>\n<p><span style=\"font-size: small;\"> Esto es en el inter<span style=\"color: #000080;\">\u00e9<\/span>s de todos.<\/span><\/p>\n<p><span style=\"font-size: small;\">Gracias.<\/span><\/p>\n<p><span style=\"font-size: small;\"><em>Onamove!<\/em><\/span><\/p>\n<p><span style=\"font-size: small;\">Mum\u00eda Ab<span style=\"color: #333333;\">\u00fa<\/span>-Jamal, M.A. <\/span><\/p>\n<p><span style=\"font-size: small;\">Corredor de la Muerte, Pensylvania<\/span><\/p>\n<p><span style=\"font-size: small;\">*Discurso para la Conferencia, <em>&#8220;Encarcelamiento  de una Raza,&#8221;<\/em> del Centro para Estudios Africano-Norteamericanos, de la  Universidad de Princeton, Princeton, Nueva Jersey, EE.UU., del 25 de marzo, de  2011. <\/span><\/p>","protected":false},"excerpt":{"rendered":"<p>Mum\u00eda Ab\u00fa-Jamal Discurso del 25\/3\/2011* Queridos Amigos, Activistas, Acad\u00e9micos y Colegas: Ona Move! Gracias por su invitaci\u00f3n a que venga\u00a0a participar en esta Conferencia. Es un honor compartir estos breves momentos con Ustedes\u00a0 &#8212; un saludo especial a los panelistas, a muchos de los cuales conozco y admiro. El t\u00f3pico es, para decirlo de una [&hellip;]<\/p>\n","protected":false},"author":1,"featured_media":0,"comment_status":"open","ping_status":"open","sticky":false,"template":"","format":"standard","meta":{"footnotes":""},"categories":[183],"tags":[919,72,37],"class_list":["post-3063","post","type-post","status-publish","format-standard","hentry","category-blog","tag-estados-unidos","tag-mumia-abu-jamal","tag-presos-politicos"],"_links":{"self":[{"href":"https:\/\/radiozapatista.org\/index.php?rest_route=\/wp\/v2\/posts\/3063","targetHints":{"allow":["GET"]}}],"collection":[{"href":"https:\/\/radiozapatista.org\/index.php?rest_route=\/wp\/v2\/posts"}],"about":[{"href":"https:\/\/radiozapatista.org\/index.php?rest_route=\/wp\/v2\/types\/post"}],"author":[{"embeddable":true,"href":"https:\/\/radiozapatista.org\/index.php?rest_route=\/wp\/v2\/users\/1"}],"replies":[{"embeddable":true,"href":"https:\/\/radiozapatista.org\/index.php?rest_route=%2Fwp%2Fv2%2Fcomments&post=3063"}],"version-history":[{"count":0,"href":"https:\/\/radiozapatista.org\/index.php?rest_route=\/wp\/v2\/posts\/3063\/revisions"}],"wp:attachment":[{"href":"https:\/\/radiozapatista.org\/index.php?rest_route=%2Fwp%2Fv2%2Fmedia&parent=3063"}],"wp:term":[{"taxonomy":"category","embeddable":true,"href":"https:\/\/radiozapatista.org\/index.php?rest_route=%2Fwp%2Fv2%2Fcategories&post=3063"},{"taxonomy":"post_tag","embeddable":true,"href":"https:\/\/radiozapatista.org\/index.php?rest_route=%2Fwp%2Fv2%2Ftags&post=3063"}],"curies":[{"name":"wp","href":"https:\/\/api.w.org\/{rel}","templated":true}]}}