{"id":3055,"date":"2011-05-11T22:35:57","date_gmt":"2011-05-12T03:35:57","guid":{"rendered":"https:\/\/radiozapatista.org\/?p=3055"},"modified":"2011-05-19T15:31:00","modified_gmt":"2011-05-19T20:31:00","slug":"reporte-frayba-marcha-nacional-por-la-justicia-y-contra-la-impunidad","status":"publish","type":"post","link":"https:\/\/radiozapatista.org\/?p=3055","title":{"rendered":"Reporte Frayba: Marcha Nacional por la Justicia y contra la Impunidad"},"content":{"rendered":"<p>Reporte mensual del Centro de Derechos Humanos Fray Bartolom\u00e9 de Las Casas, Chiapas. [podcast]https:\/\/radiozapatista.org\/Audios\/frayba\/Frayba_2011_05.mp3[\/podcast]<br \/>\n<!--more--><br \/>\nLa nefasta guerra que ha creado el presidente de M\u00e9xico Felipe Calder\u00f3n contra la \u201cdelincuencia organizada\u201d ha dejado cerca de 40 mil v\u00edctimas en todo M\u00e9xico. Esta situaci\u00f3n se suma a los miles de casos de desaparecidos en todo M\u00e9xico desde hace 20 a\u00f1os.<\/p>\n<p>Ahora la guerra del Gobierno Federal es contra todas y todos los mexicanos, que despu\u00e9s de cuatro a\u00f1os de miedo, y el cobarde asesinato de Juan Francisco Sicilia, hijo del poeta de Javier Sicilia, del Estado de Morelos en el centro del pa\u00eds, se convoc\u00f3 en voz del poeta a manifestaciones nacionales e internacionales para detener la guerra del presidente en contra de la sociedad civil de M\u00e9xico.<\/p>\n<p>A esta convocatoria se sumaron cientos de miles de personas de toda la rep\u00fablica mexicana y al finalizar se convoc\u00f3 para principios de mayo a la gran Marcha Nacional por la justicia y contra la impunidad la cual dur\u00f3 del 5 al 8 de mayo y parti\u00f3 del estado de Morelos hasta la ciudad de M\u00e9xico. Durante esos d\u00edas millones de mexicanas y mexicanos se manifestaron en todo M\u00e9xico contra la violencia de Calder\u00f3n. <\/p>\n<p>En Chiapas, el 7 de mayo se sum\u00f3 a esta convocatoria el Ej\u00e9rcito Zapatista de Liberaci\u00f3n Nacional, que march\u00f3 en San Crist\u00f3bal de Las Casas junto con organizaciones ind\u00edgenas y campesinas, colectivos, organizaciones de derechos humanos y civiles e individuos; m\u00e1s de 20 mil personas marcharon en silencio. En la plaza parte de la Comandancia General del EZLN ley\u00f3 un comunicado en voz del Comandante David.<\/p>\n<p>En este programa escuchemos una parte del discurso de Javier Sicilia en el z\u00f3calo de la ciudad de M\u00e8xico y parte del comunicado le\u00eddo por el Comandante David del EZLN en la Plaza de la Resistencia en San Crist\u00f3bal de Las Casas.<\/p>","protected":false},"excerpt":{"rendered":"<p>Reporte mensual del Centro de Derechos Humanos Fray Bartolom\u00e9 de Las Casas, Chiapas. [podcast]https:\/\/radiozapatista.org\/Audios\/frayba\/Frayba_2011_05.mp3[\/podcast]<\/p>\n","protected":false},"author":1,"featured_media":0,"comment_status":"open","ping_status":"open","sticky":false,"template":"","format":"standard","meta":{"footnotes":""},"categories":[1,6],"tags":[926,204,221,218,116],"class_list":["post-3055","post","type-post","status-publish","format-standard","hentry","category-audio","category-chiapas","tag-ezln","tag-guerra","tag-marcha-zapatista","tag-marcha-por-justicia-y-contra-la-impunidad","tag-narcotrafico"],"_links":{"self":[{"href":"https:\/\/radiozapatista.org\/index.php?rest_route=\/wp\/v2\/posts\/3055","targetHints":{"allow":["GET"]}}],"collection":[{"href":"https:\/\/radiozapatista.org\/index.php?rest_route=\/wp\/v2\/posts"}],"about":[{"href":"https:\/\/radiozapatista.org\/index.php?rest_route=\/wp\/v2\/types\/post"}],"author":[{"embeddable":true,"href":"https:\/\/radiozapatista.org\/index.php?rest_route=\/wp\/v2\/users\/1"}],"replies":[{"embeddable":true,"href":"https:\/\/radiozapatista.org\/index.php?rest_route=%2Fwp%2Fv2%2Fcomments&post=3055"}],"version-history":[{"count":0,"href":"https:\/\/radiozapatista.org\/index.php?rest_route=\/wp\/v2\/posts\/3055\/revisions"}],"wp:attachment":[{"href":"https:\/\/radiozapatista.org\/index.php?rest_route=%2Fwp%2Fv2%2Fmedia&parent=3055"}],"wp:term":[{"taxonomy":"category","embeddable":true,"href":"https:\/\/radiozapatista.org\/index.php?rest_route=%2Fwp%2Fv2%2Fcategories&post=3055"},{"taxonomy":"post_tag","embeddable":true,"href":"https:\/\/radiozapatista.org\/index.php?rest_route=%2Fwp%2Fv2%2Ftags&post=3055"}],"curies":[{"name":"wp","href":"https:\/\/api.w.org\/{rel}","templated":true}]}}