{"id":30470,"date":"2019-02-15T23:14:05","date_gmt":"2019-02-16T05:14:05","guid":{"rendered":"https:\/\/radiozapatista.org\/?p=30470"},"modified":"2019-02-15T23:14:05","modified_gmt":"2019-02-16T05:14:05","slug":"policias-de-la-cdmx-golpean-y-detienen-a-activistas-y-migrante","status":"publish","type":"post","link":"https:\/\/radiozapatista.org\/?p=30470","title":{"rendered":"[:es]Polic\u00edas de la CDMX golpean y detienen a activistas y migrante[:]"},"content":{"rendered":"<p>[:es]<\/p>\n<p align=\"center\"><div style=\"width: 640px;\" class=\"wp-video\"><video class=\"wp-video-shortcode\" id=\"video-30470-1\" width=\"640\" height=\"360\" preload=\"metadata\" controls=\"controls\"><source type=\"video\/mp4\" src=\"https:\/\/kehuelga.net\/archivos\/lucha\/2019\/2019-02-15-represion_migrantes\/Video\/Represion_migrantes_cdmx_15feb19.mp4?_=1\" \/><a href=\"https:\/\/kehuelga.net\/archivos\/lucha\/2019\/2019-02-15-represion_migrantes\/Video\/Represion_migrantes_cdmx_15feb19.mp4\">https:\/\/kehuelga.net\/archivos\/lucha\/2019\/2019-02-15-represion_migrantes\/Video\/Represion_migrantes_cdmx_15feb19.mp4<\/a><\/video><\/div><\/p>\n<p>La Polic\u00eda del Distrito Federal acaba (a las 14:45 horas el d\u00eda 15 febrero) de GOLPEAR y de DETENER ARBITRARIAMENTE a varias personas afuera del Estadio Palillo de la Magdalena Mixhuca en la Ciudad de M\u00e9xico. Entre esas personas, golpeadas (no detenidas) est\u00e1n las defensoras de derechos humanos Andrea Gonzalez y Andrea Margarita Nu\u00f1ez Chaim, y entre los golpeados y tambi\u00e9n detenidos est\u00e1 el defensor de derechos humanos Crist\u00f3bal Sanchez Sanchez y el migrante hondure\u00f1o Denis Omar Contreras.<\/p>\n<p>A Crist\u00f3bal S\u00e1nchez y a Denis Omar Contreras lo llevan en la patrulla MX704 N2. Los polic\u00edas actuaron de forma muy violenta y arbitraria, y no se quisieron identificar.<\/p>\n<p>Urgimos a las autoridades competentes acabar con esta criminalizaci\u00f3n y caza de defensores de derechos humanos y migrantes. Urgimos tambi\u00e9n saber el paradero de Crist\u00f3bal S\u00e1nchez y Denis Omar Contreras y que se liberen junto con las dem\u00e1s personas detenidas.<\/p>\n\n\t\t<style type=\"text\/css\">\n\t\t\t#gallery-1 {\n\t\t\t\tmargin: auto;\n\t\t\t}\n\t\t\t#gallery-1 .gallery-item {\n\t\t\t\tfloat: left;\n\t\t\t\tmargin-top: 10px;\n\t\t\t\ttext-align: center;\n\t\t\t\twidth: 50%;\n\t\t\t}\n\t\t\t#gallery-1 img {\n\t\t\t\tborder: 2px solid #cfcfcf;\n\t\t\t}\n\t\t\t#gallery-1 .gallery-caption {\n\t\t\t\tmargin-left: 0;\n\t\t\t}\n\t\t\t\/* see gallery_shortcode() in wp-includes\/media.php *\/\n\t\t<\/style>\n\t\t<div id='gallery-1' class='gallery galleryid-30470 gallery-columns-2 gallery-size-large'><dl class='gallery-item'>\n\t\t\t<dt class='gallery-icon portrait'>\n\t\t\t\t<a href='https:\/\/radiozapatista.org\/wp-content\/uploads\/2019\/02\/migra1.png'><img loading=\"lazy\" decoding=\"async\" width=\"359\" height=\"640\" src=\"https:\/\/radiozapatista.org\/wp-content\/uploads\/2019\/02\/migra1.png\" class=\"attachment-large size-large\" alt=\"\" srcset=\"https:\/\/radiozapatista.org\/wp-content\/uploads\/2019\/02\/migra1.png 359w, https:\/\/radiozapatista.org\/wp-content\/uploads\/2019\/02\/migra1-168x300.png 168w\" sizes=\"auto, (max-width: 359px) 100vw, 359px\" \/><\/a>\n\t\t\t<\/dt><\/dl><dl class='gallery-item'>\n\t\t\t<dt class='gallery-icon portrait'>\n\t\t\t\t<a href='https:\/\/radiozapatista.org\/wp-content\/uploads\/2019\/02\/migra2.jpg'><img loading=\"lazy\" decoding=\"async\" width=\"368\" height=\"640\" src=\"https:\/\/radiozapatista.org\/wp-content\/uploads\/2019\/02\/migra2.jpg\" class=\"attachment-large size-large\" alt=\"\" srcset=\"https:\/\/radiozapatista.org\/wp-content\/uploads\/2019\/02\/migra2.jpg 368w, https:\/\/radiozapatista.org\/wp-content\/uploads\/2019\/02\/migra2-173x300.jpg 173w\" sizes=\"auto, (max-width: 368px) 100vw, 368px\" \/><\/a>\n\t\t\t<\/dt><\/dl><br style=\"clear: both\" \/>\n\t\t<\/div>\n\n<p><small>Foto de portada: Conexi\u00f3n migrante<\/small><\/p>\n<p>[:]<\/p>\n","protected":false},"excerpt":{"rendered":"<p>[:es] La Polic\u00eda del Distrito Federal acaba (a las 14:45 horas el d\u00eda 15 febrero) de GOLPEAR y de DETENER ARBITRARIAMENTE a varias personas afuera del Estadio Palillo de la Magdalena Mixhuca en la Ciudad de M\u00e9xico. Entre esas personas, golpeadas (no detenidas) est\u00e1n las defensoras de derechos humanos Andrea Gonzalez y Andrea Margarita Nu\u00f1ez [&hellip;]<\/p>\n","protected":false},"author":1,"featured_media":30473,"comment_status":"open","ping_status":"closed","sticky":false,"template":"","format":"standard","meta":{"footnotes":""},"categories":[1227,954,959,222],"tags":[1253,1234,30,531,87],"class_list":["post-30470","post","type-post","status-publish","format-standard","has-post-thumbnail","hentry","category-ke-huelga-radio","category-mexico","category-migracion","category-video","tag-cdmx","tag-exodo-migrante","tag-migracion","tag-policia","tag-represion"],"_links":{"self":[{"href":"https:\/\/radiozapatista.org\/index.php?rest_route=\/wp\/v2\/posts\/30470","targetHints":{"allow":["GET"]}}],"collection":[{"href":"https:\/\/radiozapatista.org\/index.php?rest_route=\/wp\/v2\/posts"}],"about":[{"href":"https:\/\/radiozapatista.org\/index.php?rest_route=\/wp\/v2\/types\/post"}],"author":[{"embeddable":true,"href":"https:\/\/radiozapatista.org\/index.php?rest_route=\/wp\/v2\/users\/1"}],"replies":[{"embeddable":true,"href":"https:\/\/radiozapatista.org\/index.php?rest_route=%2Fwp%2Fv2%2Fcomments&post=30470"}],"version-history":[{"count":1,"href":"https:\/\/radiozapatista.org\/index.php?rest_route=\/wp\/v2\/posts\/30470\/revisions"}],"predecessor-version":[{"id":30474,"href":"https:\/\/radiozapatista.org\/index.php?rest_route=\/wp\/v2\/posts\/30470\/revisions\/30474"}],"wp:featuredmedia":[{"embeddable":true,"href":"https:\/\/radiozapatista.org\/index.php?rest_route=\/wp\/v2\/media\/30473"}],"wp:attachment":[{"href":"https:\/\/radiozapatista.org\/index.php?rest_route=%2Fwp%2Fv2%2Fmedia&parent=30470"}],"wp:term":[{"taxonomy":"category","embeddable":true,"href":"https:\/\/radiozapatista.org\/index.php?rest_route=%2Fwp%2Fv2%2Fcategories&post=30470"},{"taxonomy":"post_tag","embeddable":true,"href":"https:\/\/radiozapatista.org\/index.php?rest_route=%2Fwp%2Fv2%2Ftags&post=30470"}],"curies":[{"name":"wp","href":"https:\/\/api.w.org\/{rel}","templated":true}]}}