{"id":30452,"date":"2019-02-14T06:25:39","date_gmt":"2019-02-14T12:25:39","guid":{"rendered":"https:\/\/radiozapatista.org\/?p=30452"},"modified":"2019-02-14T06:25:39","modified_gmt":"2019-02-14T12:25:39","slug":"los-yes-men-lanzan-falsa-campana-ironizando-la-xenofobia-contra-los-migrantes-centroamericanos-en-mexico-somos-el-muro","status":"publish","type":"post","link":"https:\/\/radiozapatista.org\/?p=30452","title":{"rendered":"Los Yes Men lanzan falsa campa\u00f1a ironizando la xenofobia contra los migrantes centroamericanos en M\u00e9xico: &#8220;Somos el muro&#8221;"},"content":{"rendered":"<p><\/p>\n<p align=\"center\"><iframe loading=\"lazy\" width=\"560\" height=\"315\" src=\"https:\/\/www.youtube.com\/embed\/dwuR2KLtF64\" frameborder=\"0\" allow=\"accelerometer; autoplay; encrypted-media; gyroscope; picture-in-picture\" allowfullscreen><\/iframe><\/p>\n<p>Los Yes Men, conocidos por su activismo a trav\u00e9s de la iron\u00eda y del humor, lanzaron una falsa campa\u00f1a llamada &#8220;Somos el Muro&#8221;, que desvenda la xenofobia de muchos mexicanos contra los migrantes centroamericanos. <\/p>","protected":false},"excerpt":{"rendered":"<p>Los Yes Men, conocidos por su activismo a trav\u00e9s de la iron\u00eda y del humor, lanzaron una falsa campa\u00f1a llamada &#8220;Somos el Muro&#8221;, que desvenda la xenofobia de muchos mexicanos contra los migrantes centroamericanos.<\/p>\n","protected":false},"author":1,"featured_media":30453,"comment_status":"open","ping_status":"closed","sticky":false,"template":"","format":"standard","meta":{"footnotes":""},"categories":[826,954,959,222],"tags":[1234,30],"class_list":["post-30452","post","type-post","status-publish","format-standard","has-post-thumbnail","hentry","category-medios-libres-2","category-mexico","category-migracion","category-video","tag-exodo-migrante","tag-migracion"],"_links":{"self":[{"href":"https:\/\/radiozapatista.org\/index.php?rest_route=\/wp\/v2\/posts\/30452","targetHints":{"allow":["GET"]}}],"collection":[{"href":"https:\/\/radiozapatista.org\/index.php?rest_route=\/wp\/v2\/posts"}],"about":[{"href":"https:\/\/radiozapatista.org\/index.php?rest_route=\/wp\/v2\/types\/post"}],"author":[{"embeddable":true,"href":"https:\/\/radiozapatista.org\/index.php?rest_route=\/wp\/v2\/users\/1"}],"replies":[{"embeddable":true,"href":"https:\/\/radiozapatista.org\/index.php?rest_route=%2Fwp%2Fv2%2Fcomments&post=30452"}],"version-history":[{"count":4,"href":"https:\/\/radiozapatista.org\/index.php?rest_route=\/wp\/v2\/posts\/30452\/revisions"}],"predecessor-version":[{"id":30457,"href":"https:\/\/radiozapatista.org\/index.php?rest_route=\/wp\/v2\/posts\/30452\/revisions\/30457"}],"wp:featuredmedia":[{"embeddable":true,"href":"https:\/\/radiozapatista.org\/index.php?rest_route=\/wp\/v2\/media\/30453"}],"wp:attachment":[{"href":"https:\/\/radiozapatista.org\/index.php?rest_route=%2Fwp%2Fv2%2Fmedia&parent=30452"}],"wp:term":[{"taxonomy":"category","embeddable":true,"href":"https:\/\/radiozapatista.org\/index.php?rest_route=%2Fwp%2Fv2%2Fcategories&post=30452"},{"taxonomy":"post_tag","embeddable":true,"href":"https:\/\/radiozapatista.org\/index.php?rest_route=%2Fwp%2Fv2%2Ftags&post=30452"}],"curies":[{"name":"wp","href":"https:\/\/api.w.org\/{rel}","templated":true}]}}