{"id":30448,"date":"2019-02-14T05:57:26","date_gmt":"2019-02-14T11:57:26","guid":{"rendered":"https:\/\/radiozapatista.org\/?p=30448"},"modified":"2019-02-14T06:04:14","modified_gmt":"2019-02-14T12:04:14","slug":"habla-la-luchadora-mapuche-moira-millan-judicializada-por-defender-los-derechos-indigenas","status":"publish","type":"post","link":"https:\/\/radiozapatista.org\/?p=30448","title":{"rendered":"Habla la luchadora mapuche Moira Mill\u00e1n, judicializada por defender los derechos ind\u00edgenas"},"content":{"rendered":"<p><\/p>\n<p align=\"center\"><iframe loading=\"lazy\" width=\"560\" height=\"315\" src=\"https:\/\/www.youtube.com\/embed\/-Y5Sb1sNQOc\" frameborder=\"0\" allow=\"accelerometer; autoplay; encrypted-media; gyroscope; picture-in-picture\" allowfullscreen><\/iframe><\/p>\n<p>Este pr\u00f3ximo 21 de febrero de 2019, el juicio de la weichafe Moira Ivana Mill\u00e1n se llevar\u00e1 a cabo en Argentina. Los cargos: &#8220;coacci\u00f3n agravada&#8221;, por organizar una manifestaci\u00f3n pac\u00edfica en 2017 por las violaciones a los derechos de las comunidades mapuches cometidas por la gendarmer\u00eda argentina en las redadas de septiembre de ese a\u00f1o. Dichas redadas, autorizadas por el juez federal Guido Otranto, fueron parte de la investigaci\u00f3n por la desaparici\u00f3n forzada del luchador Santiago Maldonado en agosto de 2017, y cuyo cuerpo fue hallado en octubre de ese a\u00f1o. Durante las redadas, la gendarmer\u00eda golpe\u00f3 y humill\u00f3 a la poblaci\u00f3n mapuche.<\/p>\n<p>Moira Mill\u00e1n fue absuelta de todos los cargos en septiembre de 2018 por el juez Gustavo Lleral, pero el fiscal apel\u00f3 la sentencia. De ser declarada culpable este pr\u00f3ximo 21 de febrero, Moira Mill\u00e1n podr\u00eda enfrentar de dos a cuatro a\u00f1os de prisi\u00f3n.<br \/>\n<\/p>","protected":false},"excerpt":{"rendered":"<p>Este pr\u00f3ximo 21 de febrero de 2019, el juicio de la weichafe Moira Ivana Mill\u00e1n se llevar\u00e1 a cabo en Argentina. Los cargos: &#8220;coacci\u00f3n agravada&#8221;, por organizar una manifestaci\u00f3n pac\u00edfica en 2017 por las violaciones a los derechos de las comunidades mapuches cometidas por la gendarmer\u00eda argentina en las redadas de septiembre de ese a\u00f1o. [&hellip;]<\/p>\n","protected":false},"author":1,"featured_media":30449,"comment_status":"open","ping_status":"closed","sticky":false,"template":"","format":"standard","meta":{"footnotes":""},"categories":[961,953,190,222],"tags":[1097,545],"class_list":["post-30448","post","type-post","status-publish","format-standard","has-post-thumbnail","hentry","category-mujeres","category-mundo","category-radiozapatista","category-video","tag-mapuches","tag-pueblos-indigenas"],"_links":{"self":[{"href":"https:\/\/radiozapatista.org\/index.php?rest_route=\/wp\/v2\/posts\/30448","targetHints":{"allow":["GET"]}}],"collection":[{"href":"https:\/\/radiozapatista.org\/index.php?rest_route=\/wp\/v2\/posts"}],"about":[{"href":"https:\/\/radiozapatista.org\/index.php?rest_route=\/wp\/v2\/types\/post"}],"author":[{"embeddable":true,"href":"https:\/\/radiozapatista.org\/index.php?rest_route=\/wp\/v2\/users\/1"}],"replies":[{"embeddable":true,"href":"https:\/\/radiozapatista.org\/index.php?rest_route=%2Fwp%2Fv2%2Fcomments&post=30448"}],"version-history":[{"count":2,"href":"https:\/\/radiozapatista.org\/index.php?rest_route=\/wp\/v2\/posts\/30448\/revisions"}],"predecessor-version":[{"id":30451,"href":"https:\/\/radiozapatista.org\/index.php?rest_route=\/wp\/v2\/posts\/30448\/revisions\/30451"}],"wp:featuredmedia":[{"embeddable":true,"href":"https:\/\/radiozapatista.org\/index.php?rest_route=\/wp\/v2\/media\/30449"}],"wp:attachment":[{"href":"https:\/\/radiozapatista.org\/index.php?rest_route=%2Fwp%2Fv2%2Fmedia&parent=30448"}],"wp:term":[{"taxonomy":"category","embeddable":true,"href":"https:\/\/radiozapatista.org\/index.php?rest_route=%2Fwp%2Fv2%2Fcategories&post=30448"},{"taxonomy":"post_tag","embeddable":true,"href":"https:\/\/radiozapatista.org\/index.php?rest_route=%2Fwp%2Fv2%2Ftags&post=30448"}],"curies":[{"name":"wp","href":"https:\/\/api.w.org\/{rel}","templated":true}]}}