{"id":30369,"date":"2019-02-08T13:06:58","date_gmt":"2019-02-08T19:06:58","guid":{"rendered":"https:\/\/radiozapatista.org\/?p=30369"},"modified":"2020-01-25T08:21:24","modified_gmt":"2020-01-25T14:21:24","slug":"exodo-migrante-denuncian-desaparicion-de-un-migrantes-hondureno-y-criminalizacion-de-migrantes-que-acompanan-a-las-caravanas","status":"publish","type":"post","link":"https:\/\/radiozapatista.org\/?p=30369","title":{"rendered":"\u00c9xodo migrante: Denuncian desaparici\u00f3n de un migrante hondure\u00f1o y criminalizaci\u00f3n de migrantes que acompa\u00f1an a las caravanas"},"content":{"rendered":"<p><\/p>\n<p style=\"text-align: center;\"><img loading=\"lazy\" decoding=\"async\" class=\"alignnone size-full wp-image-30370\" src=\"https:\/\/radiozapatista.org\/wp-content\/uploads\/2019\/02\/honduras-b109a.jpg\" alt=\"\" width=\"640\" height=\"480\" srcset=\"https:\/\/radiozapatista.org\/wp-content\/uploads\/2019\/02\/honduras-b109a.jpg 640w, https:\/\/radiozapatista.org\/wp-content\/uploads\/2019\/02\/honduras-b109a-350x263.jpg 350w\" sizes=\"auto, (max-width: 640px) 100vw, 640px\" \/><\/p>\n<p style=\"text-align: right;\">Chiapas, 7 de febrero de 2019<\/p>\n<p>Al Gobierno del Estado de Chiapas<br \/>\nAl Gobierno Federal<br \/>\nA las Comisiones Nacional y Estatal de Derechos Humanos A los medios de comunicaci\u00f3n<br \/>\nA la sociedad en general<\/p>\n<p>Denunciamos el hostigamiento y la criminalizaci\u00f3n hacia las personas migrantes que hemos tomado un papel de liderazgo en el acompa\u00f1amiento a nuestras hermanas y hermanos migrantes que han llegado a la frontera de M\u00e9xico en Suchiate desde mediados de enero del presente a\u00f1o hasta hoy. Nosotras y nosotros somos centroamericanos que hemos caminado anteriormente en las rutas migratorias, nos hemos organizado y nos encontramos en distintos lugares del estado de Chiapas acompa\u00f1ando y apoyando a las personas migrantes que hoy est\u00e1n transitando entre Ciudad Hidalgo, Tapachula, Huixtla, Mapastepec, Pijijiapan, Tonal\u00e1 y Arriaga.<\/p>\n<p><!--more-->Por medio de este comunicado hacemos una denuncia p\u00fablica de las detenciones y deportaciones arbitrarias que han llevado a cabo tanto la Polic\u00eda Municipal de Ciudad Hidalgo y Tapachula, como la Polic\u00eda Federal y el Instituto Nacional de Migraci\u00f3n (INM), en contra de quienes las autoridades han identificado como personas que apoyan en la coordinaci\u00f3n de quienes vienen huyendo de Centroam\u00e9rica.<\/p>\n<ul>\n<li>El d\u00eda mi\u00e9rcoles 30 de enero, la Polic\u00eda Municipal detuvo a un compa\u00f1ero hondure\u00f1o que apoyaba a las personas en el Puente Internacional, acus\u00e1ndolo de \u201calterar el orden p\u00fablico\u201d. El compa\u00f1ero logr\u00f3 ser liberado al d\u00eda siguiente.<\/li>\n<li>El d\u00eda jueves 31 de enero, agentes del INM detuvieron ilegalmente al compa\u00f1ero hondure\u00f1o Walter Coello puesto que \u00e9l cuenta con documentos para una legal estancia en M\u00e9xico y la causa de su detenci\u00f3n fue que se encontraba en estado de ebriedad. No obstante, el INM no tiene facultad para detener bajo esos motivos y menos, a quien tiene ya una regularizaci\u00f3n migratoria en M\u00e9xico. El compa\u00f1ero fue trasladado la noche del jueves a la Estaci\u00f3n Migratoria Siglo XXI en donde permaneci\u00f3 desde entonces hasta hoy en la madrugada. Fue maltratado, golpeado, se le neg\u00f3 acceso a las regaderas y alimentos. Adem\u00e1s, fue puesto en aislamiento tras presentar sus documentos mexicanos para poder iniciar su proceso para determinar su situaci\u00f3n migratoria y poder salir de la Estaci\u00f3n Siglo XXI. No obstante, el INM le quit\u00f3 su tarjeta de visitante por razones humanitarias y lo deport\u00f3 a Honduras el d\u00eda de hoy, jueves 7 de febrero de 2019.<\/li>\n<\/ul>\n<p>Hacemos una denuncia en\u00e9rgica de la desaparici\u00f3n de nuestro compa\u00f1ero Carlos David Cueva Ram\u00edrez, hondure\u00f1o, quien el pasado s\u00e1bado 2 de febrero fue hostigado por Polic\u00eda Federal y agentes del INM en el parque Miguel Hidalgo de Tapachula. David acompa\u00f1\u00f3 a las personas migrantes en el tramo Ciudad Hidalgo-Tapachula ese mismo s\u00e1bado. Posteriormente en el tramo Tapachula-Huixtla el domingo 3 y en el tramo Huixtla-Mapastepec el lunes 4. David lleg\u00f3 al albergue habilitado en la Unidad Deportiva de Mapastepec el lunes 4 a las 12 del d\u00eda, donde fue visto por \u00faltima vez, y posteriormente regres\u00f3 a la carretera para verificar que las y los compa\u00f1eros migrantes no quedasen atr\u00e1s. Desde entonces no regres\u00f3 y no se ha sabido nada de \u00e9l. Hasta ayer, mi\u00e9rcoles 6 de febrero, no se encontr\u00f3 ning\u00fan registro de detenci\u00f3n ni por parte de la PGR ni por parte del INM. Por lo que denunciamos tambi\u00e9n las notas period\u00edsticas que han salido, incluso antes de su desaparici\u00f3n, reportando que fue detenido pues claramente \u00e9stas s\u00f3lo son una forma m\u00e1s de criminalizaci\u00f3n del compa\u00f1ero.<\/p>\n<p>Estos distintos actos de criminalizaci\u00f3n por parte de las autoridades mexicanas y los medios de comunicaci\u00f3n tienen lugar en un clima general de hostilidad que se ha vivido en la frontera sur de M\u00e9xico, donde las personas migrantes han sido agredidas incluso por las poblaciones locales de Tec\u00fan Um\u00e1n y Tapachula. Adem\u00e1s de las detenciones de otros dos compa\u00f1eros que acompa\u00f1aban a las personas migrantes que ya llegaron a la frontera de Piedras Negras. Ambos fueron detenidos por la Polic\u00eda Federal, uno de ellos en San Luis Potos\u00ed y, el otro en el km 84 de la carretera M\u00e9xico-Quer\u00e9taro.<\/p>\n<p>Ante estos hechos hacemos un llamado urgente a las autoridades competentes para presentar con vida a Carlos David, y deslindar responsabilidades sobre las autoridades que realizaron las detenciones y deportaciones arbitrarias. Urgimos a la CNDH y la Comisi\u00f3n Estatal de los Derechos Humanos de Chiapas a acompa\u00f1ar y monitorear el avance de las personas migrantes y las y los defensores que caminamos con ellas. Finalmente, hacemos un llamado urgente a la solidaridad del pueblo mexicano y la prensa, tanto nacional como internacional, con las personas migrantes para apoyar a quienes caminamos hoy, en el punto m\u00e1s vulnerable de nuestras vidas, en busca de una existencia digna y de dar a conocer lo que realmente estamos viviendo.<\/p>\n<p>Responsabilizamos al gobierno estatal y federal de cualquier da\u00f1o en contra de la integridad de David y las y los dem\u00e1s compa\u00f1eros migrantes y defensores de los derechos de las personas migrantes.<\/p>\n<p>\u00a1Abajo los muros de las fronteras!<\/p>\n<p>Compa\u00f1eras y compa\u00f1eros acompa\u00f1antes de las y los migrantes centroamericanos<\/p>","protected":false},"excerpt":{"rendered":"<p>Chiapas, 7 de febrero de 2019 Al Gobierno del Estado de Chiapas Al Gobierno Federal A las Comisiones Nacional y Estatal de Derechos Humanos A los medios de comunicaci\u00f3n A la sociedad en general Denunciamos el hostigamiento y la criminalizaci\u00f3n hacia las personas migrantes que hemos tomado un papel de liderazgo en el acompa\u00f1amiento a [&hellip;]<\/p>\n","protected":false},"author":1,"featured_media":30370,"comment_status":"open","ping_status":"closed","sticky":false,"template":"","format":"standard","meta":{"footnotes":""},"categories":[6,1284,959,190],"tags":[1234,30],"class_list":["post-30369","post","type-post","status-publish","format-standard","has-post-thumbnail","hentry","category-chiapas","category-latinoamerica","category-migracion","category-radiozapatista","tag-exodo-migrante","tag-migracion"],"_links":{"self":[{"href":"https:\/\/radiozapatista.org\/index.php?rest_route=\/wp\/v2\/posts\/30369","targetHints":{"allow":["GET"]}}],"collection":[{"href":"https:\/\/radiozapatista.org\/index.php?rest_route=\/wp\/v2\/posts"}],"about":[{"href":"https:\/\/radiozapatista.org\/index.php?rest_route=\/wp\/v2\/types\/post"}],"author":[{"embeddable":true,"href":"https:\/\/radiozapatista.org\/index.php?rest_route=\/wp\/v2\/users\/1"}],"replies":[{"embeddable":true,"href":"https:\/\/radiozapatista.org\/index.php?rest_route=%2Fwp%2Fv2%2Fcomments&post=30369"}],"version-history":[{"count":2,"href":"https:\/\/radiozapatista.org\/index.php?rest_route=\/wp\/v2\/posts\/30369\/revisions"}],"predecessor-version":[{"id":30372,"href":"https:\/\/radiozapatista.org\/index.php?rest_route=\/wp\/v2\/posts\/30369\/revisions\/30372"}],"wp:featuredmedia":[{"embeddable":true,"href":"https:\/\/radiozapatista.org\/index.php?rest_route=\/wp\/v2\/media\/30370"}],"wp:attachment":[{"href":"https:\/\/radiozapatista.org\/index.php?rest_route=%2Fwp%2Fv2%2Fmedia&parent=30369"}],"wp:term":[{"taxonomy":"category","embeddable":true,"href":"https:\/\/radiozapatista.org\/index.php?rest_route=%2Fwp%2Fv2%2Fcategories&post=30369"},{"taxonomy":"post_tag","embeddable":true,"href":"https:\/\/radiozapatista.org\/index.php?rest_route=%2Fwp%2Fv2%2Ftags&post=30369"}],"curies":[{"name":"wp","href":"https:\/\/api.w.org\/{rel}","templated":true}]}}