{"id":30350,"date":"2019-02-06T12:41:12","date_gmt":"2019-02-06T18:41:12","guid":{"rendered":"https:\/\/radiozapatista.org\/?p=30350"},"modified":"2019-02-06T12:41:12","modified_gmt":"2019-02-06T18:41:12","slug":"exodo-migrante-cientos-de-personas-quedan-abandonadas-y-sin-alternativas-viables-en-la-frontera","status":"publish","type":"post","link":"https:\/\/radiozapatista.org\/?p=30350","title":{"rendered":"\u00c9xodo migrante: Cientos de personas quedan abandonadas y sin alternativas viables en la frontera"},"content":{"rendered":"<p>\n\t\t<style type=\"text\/css\">\n\t\t\t#gallery-1 {\n\t\t\t\tmargin: auto;\n\t\t\t}\n\t\t\t#gallery-1 .gallery-item {\n\t\t\t\tfloat: left;\n\t\t\t\tmargin-top: 10px;\n\t\t\t\ttext-align: center;\n\t\t\t\twidth: 33%;\n\t\t\t}\n\t\t\t#gallery-1 img {\n\t\t\t\tborder: 2px solid #cfcfcf;\n\t\t\t}\n\t\t\t#gallery-1 .gallery-caption {\n\t\t\t\tmargin-left: 0;\n\t\t\t}\n\t\t\t\/* see gallery_shortcode() in wp-includes\/media.php *\/\n\t\t<\/style>\n\t\t<div id='gallery-1' class='gallery galleryid-30350 gallery-columns-3 gallery-size-medium'><dl class='gallery-item'>\n\t\t\t<dt class='gallery-icon landscape'>\n\t\t\t\t<a href='https:\/\/radiozapatista.org\/wp-content\/uploads\/2019\/02\/photo_2019-02-06_12-31-14.jpg'><img loading=\"lazy\" decoding=\"async\" width=\"350\" height=\"197\" src=\"https:\/\/radiozapatista.org\/wp-content\/uploads\/2019\/02\/photo_2019-02-06_12-31-14-350x197.jpg\" class=\"attachment-medium size-medium\" alt=\"\" srcset=\"https:\/\/radiozapatista.org\/wp-content\/uploads\/2019\/02\/photo_2019-02-06_12-31-14-350x197.jpg 350w, https:\/\/radiozapatista.org\/wp-content\/uploads\/2019\/02\/photo_2019-02-06_12-31-14-768x432.jpg 768w, https:\/\/radiozapatista.org\/wp-content\/uploads\/2019\/02\/photo_2019-02-06_12-31-14-1024x576.jpg 1024w, https:\/\/radiozapatista.org\/wp-content\/uploads\/2019\/02\/photo_2019-02-06_12-31-14.jpg 1280w\" sizes=\"auto, (max-width: 350px) 100vw, 350px\" \/><\/a>\n\t\t\t<\/dt><\/dl><dl class='gallery-item'>\n\t\t\t<dt class='gallery-icon landscape'>\n\t\t\t\t<a href='https:\/\/radiozapatista.org\/wp-content\/uploads\/2019\/02\/photo_2019-02-06_12-31-37.jpg'><img loading=\"lazy\" decoding=\"async\" width=\"350\" height=\"197\" src=\"https:\/\/radiozapatista.org\/wp-content\/uploads\/2019\/02\/photo_2019-02-06_12-31-37-350x197.jpg\" class=\"attachment-medium size-medium\" alt=\"\" srcset=\"https:\/\/radiozapatista.org\/wp-content\/uploads\/2019\/02\/photo_2019-02-06_12-31-37-350x197.jpg 350w, https:\/\/radiozapatista.org\/wp-content\/uploads\/2019\/02\/photo_2019-02-06_12-31-37-768x432.jpg 768w, https:\/\/radiozapatista.org\/wp-content\/uploads\/2019\/02\/photo_2019-02-06_12-31-37-1024x576.jpg 1024w, https:\/\/radiozapatista.org\/wp-content\/uploads\/2019\/02\/photo_2019-02-06_12-31-37.jpg 1280w\" sizes=\"auto, (max-width: 350px) 100vw, 350px\" \/><\/a>\n\t\t\t<\/dt><\/dl><dl class='gallery-item'>\n\t\t\t<dt class='gallery-icon landscape'>\n\t\t\t\t<a href='https:\/\/radiozapatista.org\/wp-content\/uploads\/2019\/02\/photo_2019-02-06_12-31-45.jpg'><img loading=\"lazy\" decoding=\"async\" width=\"350\" height=\"197\" src=\"https:\/\/radiozapatista.org\/wp-content\/uploads\/2019\/02\/photo_2019-02-06_12-31-45-350x197.jpg\" class=\"attachment-medium size-medium\" alt=\"\" srcset=\"https:\/\/radiozapatista.org\/wp-content\/uploads\/2019\/02\/photo_2019-02-06_12-31-45-350x197.jpg 350w, https:\/\/radiozapatista.org\/wp-content\/uploads\/2019\/02\/photo_2019-02-06_12-31-45-768x432.jpg 768w, https:\/\/radiozapatista.org\/wp-content\/uploads\/2019\/02\/photo_2019-02-06_12-31-45-1024x576.jpg 1024w, https:\/\/radiozapatista.org\/wp-content\/uploads\/2019\/02\/photo_2019-02-06_12-31-45.jpg 1280w\" sizes=\"auto, (max-width: 350px) 100vw, 350px\" \/><\/a>\n\t\t\t<\/dt><\/dl><br style=\"clear: both\" \/>\n\t\t<\/div>\n<\/p>\n<ul>\n<li>En Tec\u00fan Um\u00e1n, las personas se exponen a la xenofobia y a la desprotecci\u00f3n.<\/li>\n<li>En la aduana, el INM prepara la clausura definitiva del operativo.<\/li>\n<li>Buena parte del \u00e9xodo se interna hacia el interior del pa\u00eds.<\/li>\n<\/ul>\n<h4>La situaci\u00f3n en la frontera del Suchiate<\/h4>\n<p>Los equipos que hemos monitoreado la frontera en los d\u00edas 2, 3 y 4 de febrero, observamos del lado guatemalteco, en Tec\u00fan Um\u00e1n, unas trescientas personas entre las que se encuentran numerosas familias con ni\u00f1as y ni\u00f1os, permanecen bloqueadas en condiciones humanitarias de casi total abandono. Llevan esperando entre cinco y quince d\u00edas. El INM les insiste que ya no hay cauce para obtener tarjeta de estancia en el Puente, y les disuade de permanecer en \u00e9l. Han retirado los ba\u00f1os port\u00e1tiles de la zona.<\/p>\n<p>Ayer lunes pudimos observar que agentes del INM prohibieron cruzar al puente a una camioneta que diariamente transporta agua a las personas del lado guatemalteco. Los mismos agentes insisten a las personas a \u201cque se regresen a sus pa\u00edses\u201d.<\/p>\n<p>A su vez, en Tec\u00fan Um\u00e1n las personas asentadas est\u00e1n siendo rechazadas por parte de la poblaci\u00f3n local, que les intenta confiar en el puente, exponi\u00e9ndoles a la deshidrataci\u00f3n e insolaci\u00f3n. Las personas est\u00e1n cada d\u00eda m\u00e1s desesperadas, especialmente las ni\u00f1as y ni\u00f1os.<\/p>\n<p><!--more-->En las instalaciones del INM del puente, la autoridad nos informa que el d\u00eda 11 de febrero se entregar\u00edan las \u00faltimas tarjetas de estancia por razones humanitarias. Pudimos recoger testimonios de algunas personas que, al no alcanzar la pulsera que los identifica como parte del contingente, fueron requeridos para retirarse del lugar por parte de agentes del INM. Identificamos falta de alimentos y presencia de algunos ni\u00f1os y ni\u00f1as con afectaciones de salud.<\/p>\n<p>Una vez m\u00e1s se nos report\u00f3 que los funcionarios de la COMAR est\u00e1n alarmando a las personas acerca del procedimiento de solicitud de reconocimiento de la condici\u00f3n de refugiado, al asegurar que dicho tr\u00e1mite tiene que realizarse inevitablemente en detenci\u00f3n migratoria.<\/p>\n<h4>La salida hacia el norte<\/h4>\n<p>Mientras, la mayor\u00eda de personas que han obtenido su tarjeta, y tambi\u00e9n quienes no se acogieron al procedimiento, prosiguen su camino hacia el interior del pa\u00eds.<\/p>\n<p>Observamos que en la madrugada del s\u00e1bado 2 salieron entre dos y tres mil personas desde el centro de Tapachula hacia Huixtla, Escuintla y Mapastepec en la costa de Chiapas. Estos grupos est\u00e1n siendo acompa\u00f1ados por unidades de Polic\u00eda Federal y de Protecci\u00f3n Civil.<\/p>\n<h4>Principales preocupaciones<\/h4>\n<ul>\n<li>Las personas que han quedado en el lado guatemalteco est\u00e1n abandonadas sin ayuda humanitaria, sin opciones de ingreso regular a M\u00e9xico, y expuestas a la violencia xen\u00f3foba que grupos organizados ya han desplegado en Tec\u00fan Um\u00e1n.<\/li>\n<li>Persiste la incomprensible resistencia de la autoridad mexicana de habilitar cauces para acceder al procedimiento de solicitud de refugio, eludiendo sus responsabilidades como Estado ante el derecho de asilo.<\/li>\n<li>La situaci\u00f3n humanitaria tanto en Tec\u00fan como en el propio puente internacional, y en el asentamiento de la aduana se deteriora cada d\u00eda m\u00e1s, con el abandono de la autoridad que adem\u00e1s prev\u00e9 retirarse en breve.<\/li>\n<\/ul>\n<h4 style=\"text-align: center;\">Firmamos:<\/h4>\n<p style=\"text-align: center;\"><strong>Colectivo de Observaci\u00f3n y Monitoreo de Derechos Humanos en el Sureste Mexicano<\/strong><br \/>\nAmerican Friends Service Committee (AFSC) &#8211; Oficina Latinoam\u00e9rica y el Caribe<br \/>\nCentro de Derechos Humanos Digna Ochoa<br \/>\nCentro de Derechos Humanos Fray Mat\u00edas de C\u00f3rdova<br \/>\nCentro de Derechos Humanos Tepeyac<br \/>\nCentro de Derechos de las V\u00edctimas de la Violencia Minerva Bello<br \/>\nFormaci\u00f3n y Capacitaci\u00f3n (FOCA)<br \/>\nIniciativas para el Desarrollo Humano<br \/>\nJunax<br \/>\nKaltsilaltik<br \/>\nM\u00e9dicos del Mundo \u2013 Espa\u00f1a y Francia (MdM)<br \/>\nRed Jesuita con Migrantes \u2013 Centroam\u00e9rica y Norteam\u00e9rica<br \/>\nServicio Jesuita a Refugiados (SJR)<br \/>\nUna Mano Amiga en la Lucha contra el SIDA<br \/>\nVoces Mesoamericanas \u2013 Acci\u00f3n con Pueblos Migrantes.<\/p>\n<p><\/p>","protected":false},"excerpt":{"rendered":"<p>En Tec\u00fan Um\u00e1n, las personas se exponen a la xenofobia y a la desprotecci\u00f3n. En la aduana, el INM prepara la clausura definitiva del operativo. Buena parte del \u00e9xodo se interna hacia el interior del pa\u00eds. La situaci\u00f3n en la frontera del Suchiate Los equipos que hemos monitoreado la frontera en los d\u00edas 2, 3 [&hellip;]<\/p>\n","protected":false},"author":1,"featured_media":30352,"comment_status":"open","ping_status":"closed","sticky":false,"template":"","format":"standard","meta":{"footnotes":""},"categories":[954,959,960,190],"tags":[1234,30],"class_list":["post-30350","post","type-post","status-publish","format-standard","has-post-thumbnail","hentry","category-mexico","category-migracion","category-ninxs","category-radiozapatista","tag-exodo-migrante","tag-migracion"],"_links":{"self":[{"href":"https:\/\/radiozapatista.org\/index.php?rest_route=\/wp\/v2\/posts\/30350","targetHints":{"allow":["GET"]}}],"collection":[{"href":"https:\/\/radiozapatista.org\/index.php?rest_route=\/wp\/v2\/posts"}],"about":[{"href":"https:\/\/radiozapatista.org\/index.php?rest_route=\/wp\/v2\/types\/post"}],"author":[{"embeddable":true,"href":"https:\/\/radiozapatista.org\/index.php?rest_route=\/wp\/v2\/users\/1"}],"replies":[{"embeddable":true,"href":"https:\/\/radiozapatista.org\/index.php?rest_route=%2Fwp%2Fv2%2Fcomments&post=30350"}],"version-history":[{"count":2,"href":"https:\/\/radiozapatista.org\/index.php?rest_route=\/wp\/v2\/posts\/30350\/revisions"}],"predecessor-version":[{"id":30356,"href":"https:\/\/radiozapatista.org\/index.php?rest_route=\/wp\/v2\/posts\/30350\/revisions\/30356"}],"wp:featuredmedia":[{"embeddable":true,"href":"https:\/\/radiozapatista.org\/index.php?rest_route=\/wp\/v2\/media\/30352"}],"wp:attachment":[{"href":"https:\/\/radiozapatista.org\/index.php?rest_route=%2Fwp%2Fv2%2Fmedia&parent=30350"}],"wp:term":[{"taxonomy":"category","embeddable":true,"href":"https:\/\/radiozapatista.org\/index.php?rest_route=%2Fwp%2Fv2%2Fcategories&post=30350"},{"taxonomy":"post_tag","embeddable":true,"href":"https:\/\/radiozapatista.org\/index.php?rest_route=%2Fwp%2Fv2%2Ftags&post=30350"}],"curies":[{"name":"wp","href":"https:\/\/api.w.org\/{rel}","templated":true}]}}