{"id":30312,"date":"2019-01-31T16:56:04","date_gmt":"2019-01-31T22:56:04","guid":{"rendered":"https:\/\/radiozapatista.org\/?p=30312"},"modified":"2019-01-31T16:56:44","modified_gmt":"2019-01-31T22:56:44","slug":"exodo-migrante-gobierno-mexicano-incumple-su-discurso-de-derechos-humanos","status":"publish","type":"post","link":"https:\/\/radiozapatista.org\/?p=30312","title":{"rendered":"\u00c9xodo migrante: Gobierno mexicano incumple su discurso de derechos humanos"},"content":{"rendered":"<p><\/p>\n<p style=\"text-align: center;\"><strong>EL DISCURSO DE DERECHOS HUMANOS DEL GOBIERNO MEXICANO NO SE HA REFLEJADO EN LA POL\u00cdTICA MIGRATORIA<\/strong><\/p>\n<p style=\"text-align: left;\">Fotos: Rub\u00e9n Figueroa<\/p>\n<p style=\"text-align: right;\">30 de enero de 2019. M\u00e9xico.<\/p>\n<blockquote><p>Urgimos a las autoridades a que no suspendan la recepci\u00f3n y registro de migrantes en la frontera sur, y que fortalezcan las acciones de seguridad y ayuda humanitaria, no s\u00f3lo a nivel interinstitucional, sino en coordinaci\u00f3n con las organizaciones de la sociedad civil con presencia en la zona.<\/p><\/blockquote>\n<p><strong>\u00a0La situaci\u00f3n en la frontera del Suchiate<\/strong><\/p>\n<p>En los d\u00edas lunes 28 y martes 29 de enero, las organizaciones que monitoreamos conjuntamente el \u00e9xodo centroamericano en la frontera del r\u00edo Suchiate hemos podido constatar la grave situaci\u00f3n generada ante dos hechos; por un lado, el estallido de violencia xen\u00f3foba del domingo y; por otro lado, la decisi\u00f3n de la Secretar\u00eda de Gobernaci\u00f3n y del Instituto Nacional de Migraci\u00f3n de dar por terminado lo que han denominado \u201cPrograma de Emisi\u00f3n de Tarjetas de Visitante por Razones Humanitarias\u201d.<\/p>\n<p>Tras el cierre del Puente Internacional por parte del INM, que impide el paso de personas y veh\u00edculos, han quedado en Tec\u00fan Um\u00e1n, del lado guatemalteco, varios miles de personas que no pueden ingresar a territorio mexicano para tramitar su tarjeta de estancia por razones humanitarias, ni menos para presentar una solicitud de asilo, dej\u00e1ndoles en un estado de indefensi\u00f3n.<\/p>\n<p>El INM est\u00e1 ultimando su operativo con la entrega de las tarjetas ya tramitadas, y niega al resto la posibilidad de acceso a tr\u00e1mite alguno. En palabras de una compa\u00f1era:<\/p>\n<p><!--more--><\/p>\n<blockquote><p><em>Ahora hay m\u00e1s de cinco mil personas hacinadas en las oficinas de la aduana, en donde no hay agua ni comida suficiente, y quienes a\u00fan no reciben su visa no pueden salir. De las m\u00e1s de doce mil solicitudes que hay, solo han entregado alrededor de tres mil, hoy apenas entregaron doscientas. De los 5 d\u00edas que dieron de plazo para entregarlas hay quienes ya llevan m\u00e1s de 8, y seguimos contando. Adem\u00e1s, a quienes est\u00e1n afuera de la aduana les dicen que ya se vayan \u201cporque la gente aqu\u00ed ya no los quiere\u201d, y que se muevan en grupos peque\u00f1os \u201cpara no molestar a la poblaci\u00f3n\u201d, aprovech\u00e1ndose del miedo despu\u00e9s de lo ocurrido en Tec\u00fan Um\u00e1n y aliment\u00e1ndolo, en vez de promover acciones para contrarrestarlo. Al final les est\u00e1n dando papeles para sacarlos del pa\u00eds. As\u00ed, incluso con papeles, siguen sin respetarse los derechos humanos de las personas migrantes, siguen trat\u00e1ndolos como criminales.<\/em><\/p><\/blockquote>\n<p>Las \u00faltimas personas que lograron cruzar el puente y que se encuentran en Ciudad Hidalgo contin\u00faan hacinadas en las instalaciones del INM, junto con las que ya esperaban su tr\u00e1mite. Las condiciones de higiene y el acceso al agua contin\u00faan siendo una preocupaci\u00f3n debido a que las cantidades de agua distribuidas y la informaci\u00f3n sobre el c\u00f3mo acceder al servicio, son insuficientes.<\/p>\n<p>En Tapachula, las personas asentadas en el centro urbano han decidido mayoritariamente seguir su camino o buscar refugio en los albergues, para evitar situaciones de riesgo ante posibles brotes de violencia.<\/p>\n<p><strong>La situaci\u00f3n en la ruta hacia el norte<\/strong><\/p>\n<p>M\u00e1s all\u00e1 de Tapachula por la costa de Chiapas, se observan peque\u00f1os grupos de m\u00e1ximo 50 personas, sin acompa\u00f1amiento de la autoridad ni atenci\u00f3n humanitaria, desorganizados y desprotegidos. Sabemos que m\u00e1s de dos mil personas han logrado llegar a la Ciudad de M\u00e9xico, al espacio habilitado por el gobierno de la Ciudad en el Estadio Jes\u00fas Mart\u00ednez Palillo. Las personas recorrieron todo el camino con graves carencias en materia de ayuda humanitaria y acompa\u00f1amiento.<\/p>\n<p><strong>Principales preocupaciones<\/strong><\/p>\n<p>La situaci\u00f3n humanitaria de los miles de personas implicadas en un \u00e9xodo que ya abarca desde Tec\u00fan Um\u00e1n hacia territorio mexicano, resulta insostenible. Ni las condiciones de habitabilidad, atenci\u00f3n en salud, alimentaci\u00f3n e higiene son las adecuadas en un contexto de crisis humanitaria.<\/p>\n<p>De entre los diversos grupos en especial vulnerabilidad, preocupan m\u00e1s gravemente las ni\u00f1as, ni\u00f1os y adolescentes, especialmente los no acompa\u00f1ados. Muchos contin\u00faan en detenci\u00f3n migratoria, sea en instalaciones del INM o del DIF en Tapachula, a excepci\u00f3n de quienes ya han sido deportados sin una evaluaci\u00f3n de su Inter\u00e9s Superior, ni las medidas de protecci\u00f3n que ameritan, dada la inacci\u00f3n de la Procuradur\u00eda de Protecci\u00f3n a la Ni\u00f1as, Ni\u00f1os y Adolescentes en Chiapas.<\/p>\n<p>La puesta en marcha del \u201cPrograma de Emisi\u00f3n de Tarjetas de Visitante por Razones Humanitarias\u201d del INM termina con un n\u00famero casi residual de solicitudes de reconocimiento de la condici\u00f3n de refugiadas. La autoridad se ha empe\u00f1ado en canalizar a todas las personas por el tr\u00e1mite de razones humanitarias, invisibilizando una crisis de desplazamiento forzado de proporciones colosales, y sus necesarias medidas de protecci\u00f3n internacional. Cabe resaltar que de acuerdo a las proyecciones del Alto Comisionado de Naciones Unidas para los Refugiados en M\u00e9xico, este a\u00f1o se estiman 40 mil solicitudes de asilo, un aumento del 50% respecto a 2018, frente a lo cual el Estado mexicano est\u00e1 obligado a asumir su responsabilidad internacional en materia de asilo y facilitar su acceso.<\/p>\n<p>Las causas estructurales del desplazamiento forzado en Centroam\u00e9rica siguen vigentes, los flujos de personas van a seguir llegando a territorio mexicano, y las medidas puntuales que intentan una \u201cmigraci\u00f3n ordenada, segura y regular\u201d no van a dar respuesta a las necesidades y los derechos de las personas migrantes y refugiados. As\u00ed mismo, preocupa que acciones de corto plazo y que \u00fanicamente responden a coyunturas, como el Programa de Emisi\u00f3n de Tarjetas de Visitante por Razones Humanitarias que ahora concluye, no da claridad en sobre la pol\u00edtica p\u00fablica en materia migratoria de la actual administraci\u00f3n, ni tampoco ofrece soluciones a largo plazo ya que las tarjetas que se encuentra expidiendo el gobierno \u00fanicamente tienen duraci\u00f3n de un a\u00f1o, lo cual resulta preocupante por las dificultades que ya representa renovar este tipo de estancia al no contar a\u00fan con una visi\u00f3n de la regularizaci\u00f3n migratoria como pol\u00edtica de Estado.<\/p>\n<p>En paralelo, el riesgo de crecimiento de la xenofobia y la violencia sigue presente en Tec\u00fan Um\u00e1n, en donde la hostilidad fue alentada por las propias autoridades, pero tambi\u00e9n en Tapachula y otras ciudades mexicanas, en donde las personas migrantes pueden volver a ser los chivos expiatorios de una precariedad social cuyo origen est\u00e1 en otro lado.<\/p>\n<p>Finalmente, resulta de gran preocupaci\u00f3n la situaci\u00f3n de abandono que contin\u00faa en Tijuana respecto a las personas que varadas esperando a solicitar asilo en Estados Unidos, y que la crisis humanitaria se acent\u00fae una vez que empiece a crecer la cantidad de personas obligadas a regresar por el gobierno de Estados Unidos para continuar su proceso de asilo esperando a que \u00e9ste concluya en M\u00e9xico. Frente a esto, no hay claridad sobre c\u00f3mo se piensa atender a esta situaci\u00f3n, ni c\u00f3mo se har\u00e1 frente a los brotes de xenofobia que ya se han expresado en Baja California contra la poblaci\u00f3n migrante y situaciones que les pongan en riesgo.<\/p>\n<p><strong>Desde las organizaciones firmantes, manifestamos nuestra preocupaci\u00f3n por:<\/strong><\/p>\n<ul>\n<li>La falta de claridad en las acciones que implementa el Gobierno mexicano en materia de migraci\u00f3n internacional y refugio.<\/li>\n<li>No reconocimiento de las causas del desplazamiento forzado, obviando que los problemas no han llegado ahora con los \u00e9xodos centroamericanos, y que son consecuencia de una pol\u00edtica de represi\u00f3n en los pa\u00edses de origen y que se extienden en la frontera sur y todo el territorio mexicano.<\/li>\n<li>La violencia xen\u00f3foba que resulta completamente inaceptable, por lo tanto, el Estado junto a los medios de comunicaci\u00f3n y la sociedad civil tenemos la obligaci\u00f3n de prevenirla y combatirla.<\/li>\n<\/ul>\n<p><strong>Por lo anterior, demandamos:<\/strong><\/p>\n<ul>\n<li>La elaboraci\u00f3n y puesta en marcha de una pol\u00edtica migratoria y de asilo con una mirada estructural e integral, y no soluciones improvisadas o emergentes, con participaci\u00f3n de sociedad civil y organismos internacionales.<\/li>\n<li>El dise\u00f1o de una estrategia a mediano y largo plazo que sea sostenible y tenga como prioridad el respeto a los derechos humanos de las personas migrantes y refugiadas.<\/li>\n<li>La revisi\u00f3n, modificaci\u00f3n y\/o derogaci\u00f3n de contenidos de la legislaci\u00f3n migratoria que perpet\u00faa un paradigma basado en el control, detenci\u00f3n y deportaci\u00f3n de las personas, y adoptar un modelo respetuoso de los derechos humanos.<\/li>\n<li>Manifestamos la necesidad de que el Gobierno Federal escuche a la sociedad civil y promueva espacios de trabajo conjunto en el dise\u00f1o y tr\u00e1nsito hacia una nueva pol\u00edtica migratoria en M\u00e9xico. Demandamos la efectiva integraci\u00f3n de la sociedad civil en el proceso de construcci\u00f3n de la nueva estrategia.<\/li>\n<\/ul>\n<blockquote><p>Para concluir, llamamos a la solidaridad y a la confluencia de la sociedad civil en la defensa de los derechos fundamentales de las personas migrantes y refugiadas en M\u00e9xico.<\/p><\/blockquote>\n<p>&nbsp;<\/p>\n<p><em><strong>Firmamos:<\/strong><\/em><\/p>\n<p><strong>Grupo de Trabajo de Pol\u00edtica Migratoria<\/strong><\/p>\n<p>Aldeas Infantiles SOS Me\u0301xico, I.A.P.; Alianza Americas; American Friends Services Committee; Asylum Access Me\u0301xico (AAMX) A.C.; Casa del Migrante Saltillo (Frontera con Justicia A.C.); Centro de Derechos Humanos Fray Mati\u0301as de C\u00f3rdova, A.C.; Coalici\u00f3n Pro Defensa del Migrante de Baja California; Fundaci\u00f3n Appleseed Me\u0301xico, A.C.; DHIA. Derechos Humanos Integrales en Acci\u00f3n, A.C.; FUNDAR Centro de Ana\u0301lisis e Investigaci\u00f3n, A.C.; IMUMI Instituto para las Mujeres en la Migraci\u00f3n; Iniciativa Ciudadana para la Promoci\u00f3n de la Cultura del Dia\u0301logo, A.C.; INEDIM Instituto de Estudios y Divulgaci\u00f3n sobre Migraci\u00f3n; INSYDE Instituto para la Seguridad y la Democracia; M3 Movimiento Migrante Mesoamericano; REDIM Red por los Derechos de la Infancia en Me\u0301xico; Save The Children Me\u0301xico, Sin Fronteras, IAP; SJM-SJR Me\u0301xico, Servicio Jesuita a Migrantes y Refugiados \u2013 Me\u0301xico; SMR Scalabrinianas: Misi\u00f3n para Migrantes y Refugiados; Leticia Calder\u00f3n, Analista en temas migratorios; Brenda Valde\u0301s; Elba Coria; Manuel A\u0301ngel Castillo, Investigador; IDC International Detention Coalition (Observadoras). Melissa Ve\u0301rtiz Herna\u0301ndez. Secretari\u0301a Te\u0301cnica.<\/p>\n<p><strong>Colectivo de Observaci\u00f3n y Monitoreo de Derechos Humanos en el Sureste Mexicano<\/strong><\/p>\n<p>American Friends Service Committee (AFSC) &#8211; Oficina Latinoam\u00e9rica y el Caribe, Centro de Derechos Humanos Digna Ochoa, Centro de Derechos Humanos Fray Mat\u00edas de C\u00f3rdova, Centro de Derechos Humanos Tepeyac, Centro de Derechos de las V\u00edctimas de la Violencia Minerva Bello, Formaci\u00f3n y Capacitaci\u00f3n (FOCA), Iniciativas para el Desarrollo Humano, Junax, Kaltsilaltik, M\u00e9dicos del Mundo \u2013 Espa\u00f1a y Francia (MdM), Red Jesuita con Migrantes \u2013 Centroam\u00e9rica y Norteam\u00e9rica, Servicio Jesuita a Refugiados (SJR), Una Mano Amiga en la Lucha contra el SIDA, Voces Mesoamericanas \u2013 Acci\u00f3n con Pueblos Migrantes.<\/p>\n<p>\n\t\t<style type=\"text\/css\">\n\t\t\t#gallery-1 {\n\t\t\t\tmargin: auto;\n\t\t\t}\n\t\t\t#gallery-1 .gallery-item {\n\t\t\t\tfloat: left;\n\t\t\t\tmargin-top: 10px;\n\t\t\t\ttext-align: center;\n\t\t\t\twidth: 50%;\n\t\t\t}\n\t\t\t#gallery-1 img {\n\t\t\t\tborder: 2px solid #cfcfcf;\n\t\t\t}\n\t\t\t#gallery-1 .gallery-caption {\n\t\t\t\tmargin-left: 0;\n\t\t\t}\n\t\t\t\/* see gallery_shortcode() in wp-includes\/media.php *\/\n\t\t<\/style>\n\t\t<div id='gallery-1' class='gallery galleryid-30312 gallery-columns-2 gallery-size-medium'><dl class='gallery-item'>\n\t\t\t<dt class='gallery-icon landscape'>\n\t\t\t\t<a href='https:\/\/radiozapatista.org\/wp-content\/uploads\/2019\/01\/e\u0301xodo-migrante-MMMesoamericano_2.jpg'><img loading=\"lazy\" decoding=\"async\" width=\"350\" height=\"233\" src=\"https:\/\/radiozapatista.org\/wp-content\/uploads\/2019\/01\/e\u0301xodo-migrante-MMMesoamericano_2-350x233.jpg\" class=\"attachment-medium size-medium\" alt=\"\" srcset=\"https:\/\/radiozapatista.org\/wp-content\/uploads\/2019\/01\/e\u0301xodo-migrante-MMMesoamericano_2-350x233.jpg 350w, https:\/\/radiozapatista.org\/wp-content\/uploads\/2019\/01\/e\u0301xodo-migrante-MMMesoamericano_2-768x511.jpg 768w, https:\/\/radiozapatista.org\/wp-content\/uploads\/2019\/01\/e\u0301xodo-migrante-MMMesoamericano_2-700x466.jpg 700w, https:\/\/radiozapatista.org\/wp-content\/uploads\/2019\/01\/e\u0301xodo-migrante-MMMesoamericano_2.jpg 800w\" sizes=\"auto, (max-width: 350px) 100vw, 350px\" \/><\/a>\n\t\t\t<\/dt><\/dl><dl class='gallery-item'>\n\t\t\t<dt class='gallery-icon landscape'>\n\t\t\t\t<a href='https:\/\/radiozapatista.org\/wp-content\/uploads\/2019\/01\/e\u0301xodo-migrante-MMMesoamericano_3.jpg'><img loading=\"lazy\" decoding=\"async\" width=\"350\" height=\"233\" src=\"https:\/\/radiozapatista.org\/wp-content\/uploads\/2019\/01\/e\u0301xodo-migrante-MMMesoamericano_3-350x233.jpg\" class=\"attachment-medium size-medium\" alt=\"\" srcset=\"https:\/\/radiozapatista.org\/wp-content\/uploads\/2019\/01\/e\u0301xodo-migrante-MMMesoamericano_3-350x233.jpg 350w, https:\/\/radiozapatista.org\/wp-content\/uploads\/2019\/01\/e\u0301xodo-migrante-MMMesoamericano_3-768x511.jpg 768w, https:\/\/radiozapatista.org\/wp-content\/uploads\/2019\/01\/e\u0301xodo-migrante-MMMesoamericano_3-700x466.jpg 700w, https:\/\/radiozapatista.org\/wp-content\/uploads\/2019\/01\/e\u0301xodo-migrante-MMMesoamericano_3.jpg 800w\" sizes=\"auto, (max-width: 350px) 100vw, 350px\" \/><\/a>\n\t\t\t<\/dt><\/dl><br style=\"clear: both\" \/>\n\t\t<\/div>\n<\/p>","protected":false},"excerpt":{"rendered":"<p>EL DISCURSO DE DERECHOS HUMANOS DEL GOBIERNO MEXICANO NO SE HA REFLEJADO EN LA POL\u00cdTICA MIGRATORIA Fotos: Rub\u00e9n Figueroa 30 de enero de 2019. M\u00e9xico. Urgimos a las autoridades a que no suspendan la recepci\u00f3n y registro de migrantes en la frontera sur, y que fortalezcan las acciones de seguridad y ayuda humanitaria, no s\u00f3lo [&hellip;]<\/p>\n","protected":false},"author":1,"featured_media":30313,"comment_status":"open","ping_status":"closed","sticky":false,"template":"","format":"standard","meta":{"footnotes":""},"categories":[959,190],"tags":[1234,30],"class_list":["post-30312","post","type-post","status-publish","format-standard","has-post-thumbnail","hentry","category-migracion","category-radiozapatista","tag-exodo-migrante","tag-migracion"],"_links":{"self":[{"href":"https:\/\/radiozapatista.org\/index.php?rest_route=\/wp\/v2\/posts\/30312","targetHints":{"allow":["GET"]}}],"collection":[{"href":"https:\/\/radiozapatista.org\/index.php?rest_route=\/wp\/v2\/posts"}],"about":[{"href":"https:\/\/radiozapatista.org\/index.php?rest_route=\/wp\/v2\/types\/post"}],"author":[{"embeddable":true,"href":"https:\/\/radiozapatista.org\/index.php?rest_route=\/wp\/v2\/users\/1"}],"replies":[{"embeddable":true,"href":"https:\/\/radiozapatista.org\/index.php?rest_route=%2Fwp%2Fv2%2Fcomments&post=30312"}],"version-history":[{"count":2,"href":"https:\/\/radiozapatista.org\/index.php?rest_route=\/wp\/v2\/posts\/30312\/revisions"}],"predecessor-version":[{"id":30317,"href":"https:\/\/radiozapatista.org\/index.php?rest_route=\/wp\/v2\/posts\/30312\/revisions\/30317"}],"wp:featuredmedia":[{"embeddable":true,"href":"https:\/\/radiozapatista.org\/index.php?rest_route=\/wp\/v2\/media\/30313"}],"wp:attachment":[{"href":"https:\/\/radiozapatista.org\/index.php?rest_route=%2Fwp%2Fv2%2Fmedia&parent=30312"}],"wp:term":[{"taxonomy":"category","embeddable":true,"href":"https:\/\/radiozapatista.org\/index.php?rest_route=%2Fwp%2Fv2%2Fcategories&post=30312"},{"taxonomy":"post_tag","embeddable":true,"href":"https:\/\/radiozapatista.org\/index.php?rest_route=%2Fwp%2Fv2%2Ftags&post=30312"}],"curies":[{"name":"wp","href":"https:\/\/api.w.org\/{rel}","templated":true}]}}