{"id":30208,"date":"2019-01-23T13:54:39","date_gmt":"2019-01-23T19:54:39","guid":{"rendered":"https:\/\/radiozapatista.org\/?p=30208"},"modified":"2019-01-23T13:54:39","modified_gmt":"2019-01-23T19:54:39","slug":"denuncia-de-la-comunidad-indigena-de-gui-xhi-ro-juchitan-oaxaca-ante-las-supuestas-asambleas-comunitarias-realizadas-en-su-comunidad","status":"publish","type":"post","link":"https:\/\/radiozapatista.org\/?p=30208","title":{"rendered":"Denuncia de la comunidad ind\u00edgena de Gui\u2019 Xhi\u2019 Ro\u2019 Juchit\u00e1n Oaxaca ante las supuestas asambleas comunitarias realizadas en su comunidad"},"content":{"rendered":"<p><\/p>\n<p style=\"text-align: right;\">Comunidad Ind\u00edgena de Gui\u2019 Xhi\u2019 Ro\u2019 \u2013 Alvaro Obreg\u00f3n, Juchit\u00e1n, Oaxaca<br \/>\n22 de enero de 2019<\/p>\n<p>A los pueblos ind\u00edgenas de Oaxaca, M\u00e9xico y el mundo<br \/>\nAl pueblo istme\u00f1o<br \/>\nAl Concejo de Organizaciones Oaxaque\u00f1as Aut\u00f3nomas<br \/>\nAl Congreso Nacional Ind\u00edgena<br \/>\nAl Concejo Ind\u00edgena de Gobierno<br \/>\nA la Red Nacional de Resistencia Civil<br \/>\nA los medios de comunicaci\u00f3n<br \/>\nA las organizaciones sociales<br \/>\nA la opini\u00f3n publica<\/p>\n<p>NOSOTROS, EL CONCEJO DE ANCIANOS de la comunidad ind\u00edgena Binniza de Gui\u2019 Xhi\u2019 Ro\u2019 \u2013 \u00c1lvaro Obreg\u00f3n, expresamos nuestra preocupaci\u00f3n por la forma en que el nuevo presidente municipal y su cabildo intentan abordar nuestra comunidad, el d\u00eda de ayer 21 de enero del 2019, alrededor de las 11 am al presentarse Jesus Guerra L\u00f3pez a presidir una supuesta asamblea \u201ccomunitaria\u201d frente a la Escuela Secundaria General nombrado ilegalmente por la expresidenta Gloria S\u00e1nchez Lopez, donde argumenta a los grupos presentes que se hacen llamar \u201cgrupo independiente\u201d y el grupo del Comit\u00e9 gente de H\u00e9ctor y Glor\u00eda S\u00e1nchez, ambos grupos de filiaci\u00f3n priista, se pusieran de acuerdo para nombrar al agente municipal y sacar la convocatoria. Adem\u00e1s de dar posesi\u00f3n y nombramiento a los electos; por estas promesas falsas, estos dos grupos est\u00e1n haciendo correr el rumor en nuestra comunidad que convocar\u00e1n a una Asamblea en el parque municipal el pr\u00f3ximo mi\u00e9rcoles 23 del presente mes; nosotros vemos esto como una clara provocaci\u00f3n al Cabildo Comunitario que fue nombrado el d\u00eda 16 de diciembre de 2018, con previa convocatoria realizada por el Consejo de ancianos de conformidad con nuestros usos y costumbres, los art\u00edculos 79 de la ley org\u00e1nica municipal en vigor; 1, 2 fracciones I, III y 39 de la constituci\u00f3n pol\u00edtica de los estados unidos mexicanos, 16 de la constituci\u00f3n pol\u00edtica del estado libre y soberano de Oaxaca, 17 c\u00f3digo de instituciones pol\u00edticas y procedimientos electorales de Oaxaca, 1, 4 y 8 del convenio 169 de la organizaci\u00f3n internacional del trabajo sobre los pueblos ind\u00edgenas y tribales en pa\u00edses independientes y dem\u00e1s instrumentos internacionales y nacionales aplicables, as\u00ed como internos de la misma comunidad, adem\u00e1s recordamos que los \u00fanicos que pueden convocar y reconocer seria el concejo de ancianos, con base en la resoluci\u00f3n otorgada por la Sala Regional del Tribunal Electoral del Poder Judicial de la Federaci\u00f3n, con sede en Xalapa, Veracruz, quien reconoce que el concejo de ancianos es facultado para hacer el nombramiento. Esta acci\u00f3n es una provocaci\u00f3n para lograr una confrontaci\u00f3n de est\u00e1s expresiones pol\u00edticas electorales de nuestro pueblo hac\u00eda los habitantes que hemos decidido regirnos por usos y costumbres en nuestra Asamblea Comunitaria \u00f3rgano m\u00e1ximo de toma de decisiones colectivas en consenso.<\/p>\n<p><!--more-->Somos parte de la Asamblea de los Pueblos Ind\u00edgenas del Istmo en Defensa de la Tierra y el Territorio, movimiento regional en defensa de nuestros bienes naturales y culturales que nos han heredado nuestras abuelas y abuelos, que en conjunto con las dem\u00e1s comunidades organizadas en la APIIDTT participamos en el Concejo de Organizaciones Oaxaque\u00f1as Aut\u00f3nomas (COOA), la Red Nacional de Resistencia Civil (RNRC), el Congreso Nacional Ind\u00edgena y el Concejo Ind\u00edgena de Gobierno (CNI-CIG), as\u00ed como en una Red Internacional de Defensores Comunitarios y Acad\u00e9micos comprometidos con los pueblos Originarios. Recordamos que nos levantamos para defender la barra santa teresa, que los partidos pol\u00edticos pretendieron entregar nuestras tierras a la empresa e\u00f3lica de Mare\u00f1a renovables, por eso nosotras y nosotros decidimos en asamblea comunitaria que nuestro pueblo debe regresar a tomar decisiones de manera colectiva y que no sean los pol\u00edticos del viejo r\u00e9gimen que con sus intereses propiaos lo hagan; desde el 2012 decidimos que no queremos partidos en nuestra comunidad, que nuestras tierras y nuestro mar no lo vamos a ceder a las empresas e\u00f3licas. Nosotros como concejo de ancianos, concejo de mujeres, cabildo comunitario y policia comunitar\u00eda tenemos m\u00e1s de 5 a\u00f1os trabajando por la construcci\u00f3n de nuestra autodeterminaci\u00f3n.<br \/>\nEl problema central (y de todo M\u00e9xico) son los partidos pol\u00edticos que confunden, dividen y enga\u00f1an a la gente, con sus diferentes \u201cmodus operandi\u201d, ya sea prometiendo proyectos y apoyos condicionando la participaci\u00f3n de la gente, ofreciendo cargos p\u00fablicos, amenazando a la gente o declar\u00e1ndose a favor de la comunidad, este \u00faltimo, consideramos es el m\u00e1s peligroso, puesto que dejamos abierta una ventana a la posibilidad y a la infiltraci\u00f3n y proliferaci\u00f3n de ideas partidistas-electorales, c\u00f3mo siempre la partidocracia polariza y desintegra el d\u00e9bil tejido social de los Pueblos Originarios, ya desgastado por la migraci\u00f3n, los impuestos a la canasta b\u00e1sica y el indignante precio de los productos del mar y del campo.<\/p>\n<p>Seguimos creyendo que la forma m\u00e1s digna de organizarnos, resistir y poder construir otro mundo mejor, es fuera del sistema de partidos pol\u00edticos, recuperando nuestras antiguas formas de organizarnos, llamados hoy, usos y costumbres, s\u00f3lo as\u00ed, encaminados hacia la autodeterminaci\u00f3n de los Pueblos Originarios podremos construir autogestivamente proyectos autosustentable que nos alejen de las migajas que da este Estado paternalista, por eso d\u00e9cimos; NO A LOS PARTIDOS POL\u00cdTICOS, FUERA DE NUESTRAS COMUNIDADES, hoy mas que nunca, tenemos la claridad que no son el camino. Porque bien sabemos que qui\u00e9n gane, va a estar a favor de los proyectos e\u00f3licos y extractivos de la regi\u00f3n del istmo oaxaque\u00f1o.<\/p>\n<p>El mal gobierno, es t\u00edtere de las empresas transnacionales, quienes con apetito voraz se han apropiando de nuestras riquezas naturales, despoj\u00e1ndonos de nuestros territorios y con ello de nuestro patrimonio natural y cultural. Declaramos que como pueblos y comunidades ind\u00edgenas Ikoots, binniz\u00e1, chontales y zoques del istmo de Tehuantepec, no permitiremos la instalaci\u00f3n de ning\u00fan proyecto extractivista m\u00e1s en nuestro territorio, y nos mantenemos en alerta m\u00e1xima ante las acciones de criminalizaci\u00f3n y hostigamiento que los diferentes niveles de gobierno y las empresas pretendan imponer a nuestros pueblos.<\/p>\n<p>Mandamos un fraterno saludo a los compa\u00f1eros del Ejercito Zapatista de Liberaci\u00f3n Nacional (EZLN) diciendo que no est\u00e1n solos, no estamos solos, somos muchos los que queremos construir otros mundos, y estamos enfrentando los proyectos de muerte.<\/p>\n<p style=\"text-align: center;\">\u00a1NO AL PROYECTO E\u00d3LICO!<br \/>\n\u00a1FUERA PROYECTOS MINEROS!<br \/>\n\u00a1NO A LAS ZONAS ECON\u00d3MICAS ESPECIALES!<br \/>\n\u00a1NO AL TREN TRANSISTMICO!<br \/>\n\u00a1NO AL CORREDOR INDUSTRIALES EN EL ISTMO DE TEHUANTEPEC!<br \/>\n\u00a1NO A LA IMPOSICI\u00d3N DE CONSULTAS FALSAS E ILEGALES!<br \/>\n\u00a1NUNCA M\u00c1S UN M\u00c9XICO SIN NOSOTRXS!<br \/>\n\u00a1EL MAR LA TIERRA Y EL VIENTO NO SE VENDEN SE AMAN Y SE DEFIENDEN!<\/p>\n<p style=\"text-align: center;\">ATENTAMENTE<br \/>\nASAMBLEA COMUNITARIA DE LA COMUNIDAD IND\u00cdGENA<br \/>\nDE GUI\u2019 XHI\u2019 RO\u2019<br \/>\nCONCEJO DE ANCIANOS<br \/>\nCABILDO COMUNITARIO<br \/>\nCONCEJO DE MUJERES AUT\u00d3NOMAS<br \/>\nASAMBLEA DE LOS PUEBLOS IND\u00cdGENAS DEL ISTMO EN DEFENSA DE LA TIERRA Y EL TERRITORIO<br \/>\n(APIIDTT)<\/p>\n<p><\/p>","protected":false},"excerpt":{"rendered":"<p>Comunidad Ind\u00edgena de Gui\u2019 Xhi\u2019 Ro\u2019 \u2013 Alvaro Obreg\u00f3n, Juchit\u00e1n, Oaxaca 22 de enero de 2019 A los pueblos ind\u00edgenas de Oaxaca, M\u00e9xico y el mundo Al pueblo istme\u00f1o Al Concejo de Organizaciones Oaxaque\u00f1as Aut\u00f3nomas Al Congreso Nacional Ind\u00edgena Al Concejo Ind\u00edgena de Gobierno A la Red Nacional de Resistencia Civil A los medios de [&hellip;]<\/p>\n","protected":false},"author":1,"featured_media":0,"comment_status":"open","ping_status":"closed","sticky":false,"template":"","format":"standard","meta":{"footnotes":""},"categories":[957,1024,943,958,954,961,183],"tags":[79,63,658,567,918,148],"class_list":["post-30208","post","type-post","status-publish","format-standard","hentry","category-autonomia","category-cni-temas","category-cni","category-megaproyectos","category-mexico","category-mujeres","category-blog","tag-autonomia","tag-cni","tag-eolicas","tag-megaproyectos","tag-oaxaca","tag-resistencia"],"_links":{"self":[{"href":"https:\/\/radiozapatista.org\/index.php?rest_route=\/wp\/v2\/posts\/30208","targetHints":{"allow":["GET"]}}],"collection":[{"href":"https:\/\/radiozapatista.org\/index.php?rest_route=\/wp\/v2\/posts"}],"about":[{"href":"https:\/\/radiozapatista.org\/index.php?rest_route=\/wp\/v2\/types\/post"}],"author":[{"embeddable":true,"href":"https:\/\/radiozapatista.org\/index.php?rest_route=\/wp\/v2\/users\/1"}],"replies":[{"embeddable":true,"href":"https:\/\/radiozapatista.org\/index.php?rest_route=%2Fwp%2Fv2%2Fcomments&post=30208"}],"version-history":[{"count":1,"href":"https:\/\/radiozapatista.org\/index.php?rest_route=\/wp\/v2\/posts\/30208\/revisions"}],"predecessor-version":[{"id":30209,"href":"https:\/\/radiozapatista.org\/index.php?rest_route=\/wp\/v2\/posts\/30208\/revisions\/30209"}],"wp:attachment":[{"href":"https:\/\/radiozapatista.org\/index.php?rest_route=%2Fwp%2Fv2%2Fmedia&parent=30208"}],"wp:term":[{"taxonomy":"category","embeddable":true,"href":"https:\/\/radiozapatista.org\/index.php?rest_route=%2Fwp%2Fv2%2Fcategories&post=30208"},{"taxonomy":"post_tag","embeddable":true,"href":"https:\/\/radiozapatista.org\/index.php?rest_route=%2Fwp%2Fv2%2Ftags&post=30208"}],"curies":[{"name":"wp","href":"https:\/\/api.w.org\/{rel}","templated":true}]}}