{"id":3003,"date":"2011-05-08T21:30:41","date_gmt":"2011-05-09T02:30:41","guid":{"rendered":"https:\/\/radiozapatista.org\/?p=3003"},"modified":"2011-05-08T23:02:07","modified_gmt":"2011-05-09T04:02:07","slug":"ataques-en-mitziton-durante-y-despues-de-la-marcha-del-silencio-por-la-justicia-y-contra-la-impunidad","status":"publish","type":"post","link":"https:\/\/radiozapatista.org\/?p=3003","title":{"rendered":"Ataques en Mitzit\u00f3n durante y despu\u00e9s de la Marcha del Silencio por la Justicia y contra la Impunidad"},"content":{"rendered":"<p><\/p>\n<p style=\"text-align: right;\">Comunidad de Mitzit\u00f3n, adherente a La Otra Campa\u00f1a. A 8 de mayo de 2011.<\/p>\n<p>A la Comisi\u00f3n Sexta del EZLN<br \/>\nA las Juntas de Buen Gobierno<br \/>\nAl Congreso Nacional Ind\u00edgena<br \/>\nA compa\u00f1eras y compa\u00f1eros nacionales e internacionales<br \/>\nadherentes a la Sexta Declaraci\u00f3n de la Selva Lacandona<br \/>\nA los medios libres e independientes<\/p>\n<p>Reciban  un saludo de las mujeres, hombres, ni\u00f1as, ni\u00f1os y personas mayores que  formamos este pueblo organizado de Mitzit\u00f3n adherente a La Otra Campa\u00f1a.  Queremos saludar a nuestros compa\u00f1eros y compa\u00f1eras de la otra campa\u00f1a y  a todas las personas de buen coraz\u00f3n que el d\u00eda de hoy est\u00e1n marchando  en el Distrito Federal por la paz en M\u00e9xico y tambi\u00e9n queremos  informarles hechos recientes en nuestra comunidad y pedirles que est\u00e9n  muy pendientes.<\/p>\n<p>El  d\u00eda de ayer 7 de mayo, nos sumamos a la Marcha Nacional por la Justicia  y contra la Impunidad, junto a nuestros compa\u00f1eros y compa\u00f1eras de La  Otra Campa\u00f1a, bases de apoyo de los 5 Caracoles Zapatistas, y adherentes  de las regiones, altos, selva, norte, \u00a0centro y costa. 120  hombres y mujeres nos trasladamos desde temprana hora al punto de  reuni\u00f3n en San Crist\u00f3bal de Las Casas, el resto de familias se quedaron  en la comunidad pendientes de cualquier cosa que pudiera suceder y  realizando sus trabajos cotidianos del campo.<\/p>\n<p>Aproximadamente  a la 1:00 PM unas compa\u00f1eras estaban pastando sus borregos en terrenos  que colindan con los de la 31 Zona Militar, Rancho Nuevo. Entonces les  empezaron a disparar y lograron ver a los paramilitares agresores que  eran 2, pero solo reconocieron a uno de ellos que era el hijo de Roberto  Vicente P\u00e9rez\u00a0 conocido paramilitar due\u00f1o de la camioneta  que permanece en el corral\u00f3n porque fue utilizada en el ataque que  sufrimos el d\u00eda 13 de febrero y que gracias a la impunidad y complicidad  que tienen con el mal gobierno sali\u00f3 libre, aunque hubo muchas pruebas  del ataque armado que nos hicieron y nuestro compa\u00f1ero fue gravemente  herido.<\/p>\n<p>A  las 7:28 del horario del mal gobierno, reci\u00e9n est\u00e1bamos llegando de la  marcha, cuando escuchamos 4 disparos. Luego a las 8: 46 otra vez \u00a0los  paramilitares hicieron 4 disparos. As\u00ed que ya no pudimos dormir  tranquilos sino que tuvimos que quedar pendientes. Los polic\u00edas que el  mal gobierno tiene apostados en nuestra comunidad, dec\u00edan que ya hab\u00edan  reportado con su comandante pero a nosotros nos dec\u00edan que eran cuetes. Y  nosotros conocemos muy bien la diferencia de c\u00f3mo se escucha y se ve el  cuete cuando explota y como se escucha la bala. 2 de los agresores  fueron reconocidos, sus nombres son: Andr\u00e9s Jim\u00e9nez Hern\u00e1ndez \u00a0Segundo  y Pascual Zain\u00e9 D\u00edaz Jim\u00e9nez. Alcanzamos a ver a uno m\u00e1s pero no lo  reconocimos y no sabemos si hab\u00eda otros m\u00e1s escondidos.<\/p>\n<p>A las 9:00 el Gregorio G\u00f3mez Jim\u00e9nez, \u00a0l\u00edder  de paramilitares del Ej\u00e9rcito de Dios, daba vueltas con su camioneta,  de su casa, a la carretera internacional, y se met\u00eda en la terracer\u00eda  como buscando alguien, nosotros pensamos que quer\u00edan ver si alguno de  nosotros caminaba solo por ah\u00ed para agarrarlo.\u00a0 El d\u00eda de hoy contin\u00faa la tensi\u00f3n y las amenazas.<\/p>\n<p>Sabemos que el 3 de mayo en el peri\u00f3dico cuarto poder se public\u00f3 una declaraci\u00f3n del Delegado de la\u00a0 Secretar\u00eda  de Comunicaciones y Transportes Ernesto Ja\u00faregui Asomoza diciendo que  el proyecto de la autopista San Crist\u00f3bal Palenque no est\u00e1 muerto y que  se llevar\u00e1 a cabo tal y como fue trazado.\u00a0 Ha de ser por  eso y porque ven que seguimos organizados y que no estamos solos, que  nos quieren provocar, torturar, reprimir, asesinar, para que dejemos de  defender nuestro territorio.<\/p>\n<p>El mal gobierno de Juan Sabines \u00a0y  de Felipe Calder\u00f3n han de pensar que as\u00ed nuestra mente s\u00f3lo se va  ocupar en el miedo, en defendernos de los paramilitares del Ej\u00e9rcito de  Dios, pero que tengan claro que nosotros no olvidamos los motivos de  nuestra lucha, que son los derechos que tenemos como pueblos ind\u00edgenas,  la defensa de nuestra tierra y territorio y la construcci\u00f3n de nuestra  autonom\u00eda.<\/p>\n<p>A  todas compa\u00f1eras y compa\u00f1eros les pedimos que est\u00e9n pendientes de  cualquier cosa que pueda pasar, pues vemos que el mal gobierno  r\u00e1pidamente responde a nuestra muestra de organizaci\u00f3n civil y pac\u00edfica,  de la \u00fanica manera que sabe, con la violencia hoy en manos de sus  paramilitares, ma\u00f1ana con su polic\u00eda.<\/p>\n<p>Nosotros seguiremos pendientes y no caeremos en sus provocaciones del mal gobierno.<\/p>\n<p style=\"text-align: center;\">\u00a1VIVA EL EZLN!<\/p>\n<p style=\"text-align: center;\">\u00a1VIVA LA OTRA CAMPA\u00d1A!<\/p>\n<p style=\"text-align: center;\">\u00a1VIVA EL CONGRESO NACIONAL INDIGENA!<\/p>\n<p style=\"text-align: center;\">\u00a1FUERA PARAMILITARES DE MITZIT\u00d3N!<\/p>\n<p style=\"text-align: center;\">\u00a1YA BASTA DE IMPUNIDAD: JUSTICIA!<\/p>\n<p><\/p>","protected":false},"excerpt":{"rendered":"<p>Comunidad de Mitzit\u00f3n, adherente a La Otra Campa\u00f1a. A 8 de mayo de 2011. A la Comisi\u00f3n Sexta del EZLN A las Juntas de Buen Gobierno Al Congreso Nacional Ind\u00edgena A compa\u00f1eras y compa\u00f1eros nacionales e internacionales adherentes a la Sexta Declaraci\u00f3n de la Selva Lacandona A los medios libres e independientes Reciban un saludo [&hellip;]<\/p>\n","protected":false},"author":1,"featured_media":0,"comment_status":"open","ping_status":"open","sticky":false,"template":"","format":"standard","meta":{"footnotes":""},"categories":[183],"tags":[39,22,218,54,23],"class_list":["post-3003","post","type-post","status-publish","format-standard","hentry","category-blog","tag-ejercito-de-dios","tag-mitziton","tag-marcha-por-justicia-y-contra-la-impunidad","tag-otra-campana","tag-paramilitares"],"_links":{"self":[{"href":"https:\/\/radiozapatista.org\/index.php?rest_route=\/wp\/v2\/posts\/3003","targetHints":{"allow":["GET"]}}],"collection":[{"href":"https:\/\/radiozapatista.org\/index.php?rest_route=\/wp\/v2\/posts"}],"about":[{"href":"https:\/\/radiozapatista.org\/index.php?rest_route=\/wp\/v2\/types\/post"}],"author":[{"embeddable":true,"href":"https:\/\/radiozapatista.org\/index.php?rest_route=\/wp\/v2\/users\/1"}],"replies":[{"embeddable":true,"href":"https:\/\/radiozapatista.org\/index.php?rest_route=%2Fwp%2Fv2%2Fcomments&post=3003"}],"version-history":[{"count":0,"href":"https:\/\/radiozapatista.org\/index.php?rest_route=\/wp\/v2\/posts\/3003\/revisions"}],"wp:attachment":[{"href":"https:\/\/radiozapatista.org\/index.php?rest_route=%2Fwp%2Fv2%2Fmedia&parent=3003"}],"wp:term":[{"taxonomy":"category","embeddable":true,"href":"https:\/\/radiozapatista.org\/index.php?rest_route=%2Fwp%2Fv2%2Fcategories&post=3003"},{"taxonomy":"post_tag","embeddable":true,"href":"https:\/\/radiozapatista.org\/index.php?rest_route=%2Fwp%2Fv2%2Ftags&post=3003"}],"curies":[{"name":"wp","href":"https:\/\/api.w.org\/{rel}","templated":true}]}}