{"id":29732,"date":"2018-12-23T16:28:30","date_gmt":"2018-12-23T22:28:30","guid":{"rendered":"https:\/\/radiozapatista.org\/?p=29732"},"modified":"2018-12-23T16:36:50","modified_gmt":"2018-12-23T22:36:50","slug":"entrevista-a-pedro-valtierra-a-21-anos-de-la-masacre-de-acteal","status":"publish","type":"post","link":"https:\/\/radiozapatista.org\/?p=29732","title":{"rendered":"Entrevista a Pedro Valtierra a 21 a\u00f1os de la masacre de Acteal"},"content":{"rendered":"<p>El 21 de diciembre de 2018, durante el festival cultural en conmemoraci\u00f3n a los 21 a\u00f1os de la Masacre de Acteal, entrevistamos al fot\u00f3grafo Pedro Valtierra, quien en 1996 lleg\u00f3 a Acteal pocos d\u00edas despu\u00e9s de la masacre y en los primeros d\u00edas de enero document\u00f3 el conflicto en el campamento X&#8217;Oyeb, donde se refugiaban cientos de desplazados por la violencia paramilitar, y que el ej\u00e9rcito pretend\u00eda desmantelar. Las mujeres, con el valor de la dignidad y la rabia, rodearon a los militares para impedirles el paso. Una foto en particular le ha dado la vuelta al mundo, convirti\u00e9ndose en s\u00edmbolo de la resistencia organizada ante los atropellos del poder.<\/p>\n<p>Escucha aqu\u00ed la entrevista: [podcast]https:\/\/radiozapatista.org\/wp-content\/uploads\/2018\/12\/Acteal_dic2018_EntrevistaPedroValtierra.mp3[\/podcast]<\/p>\n<p>&nbsp;<\/p>\n<div class=\"slider js_slider\">\n\t                <div class=\"frame js_frame\">\n\t                    <ul class=\"slides js_slides\"><li class=\"js_slide\"><img loading=\"lazy\" decoding=\"async\" width=\"1000\" height=\"667\" src=\"https:\/\/radiozapatista.org\/wp-content\/uploads\/2018\/12\/IMG_6852-1.jpg\" class=\"attachment- size-\" alt=\"\" srcset=\"https:\/\/radiozapatista.org\/wp-content\/uploads\/2018\/12\/IMG_6852-1.jpg 1000w, https:\/\/radiozapatista.org\/wp-content\/uploads\/2018\/12\/IMG_6852-1-350x233.jpg 350w, https:\/\/radiozapatista.org\/wp-content\/uploads\/2018\/12\/IMG_6852-1-768x512.jpg 768w, https:\/\/radiozapatista.org\/wp-content\/uploads\/2018\/12\/IMG_6852-1-700x466.jpg 700w\" sizes=\"auto, (max-width: 1000px) 100vw, 1000px\" \/><\/li><li class=\"js_slide\"><img loading=\"lazy\" decoding=\"async\" width=\"1000\" height=\"667\" src=\"https:\/\/radiozapatista.org\/wp-content\/uploads\/2018\/12\/IMG_6915.jpg\" class=\"attachment- size-\" alt=\"\" srcset=\"https:\/\/radiozapatista.org\/wp-content\/uploads\/2018\/12\/IMG_6915.jpg 1000w, https:\/\/radiozapatista.org\/wp-content\/uploads\/2018\/12\/IMG_6915-350x233.jpg 350w, https:\/\/radiozapatista.org\/wp-content\/uploads\/2018\/12\/IMG_6915-768x512.jpg 768w, https:\/\/radiozapatista.org\/wp-content\/uploads\/2018\/12\/IMG_6915-700x466.jpg 700w\" sizes=\"auto, (max-width: 1000px) 100vw, 1000px\" \/><\/li><li class=\"js_slide\"><img loading=\"lazy\" decoding=\"async\" width=\"1000\" height=\"667\" src=\"https:\/\/radiozapatista.org\/wp-content\/uploads\/2018\/12\/IMG_6913.jpg\" class=\"attachment- size-\" alt=\"\" srcset=\"https:\/\/radiozapatista.org\/wp-content\/uploads\/2018\/12\/IMG_6913.jpg 1000w, https:\/\/radiozapatista.org\/wp-content\/uploads\/2018\/12\/IMG_6913-350x233.jpg 350w, https:\/\/radiozapatista.org\/wp-content\/uploads\/2018\/12\/IMG_6913-768x512.jpg 768w, https:\/\/radiozapatista.org\/wp-content\/uploads\/2018\/12\/IMG_6913-700x466.jpg 700w\" sizes=\"auto, (max-width: 1000px) 100vw, 1000px\" \/><\/li><li class=\"js_slide\"><img loading=\"lazy\" decoding=\"async\" width=\"1000\" height=\"667\" src=\"https:\/\/radiozapatista.org\/wp-content\/uploads\/2018\/12\/IMG_6862-1.jpg\" class=\"attachment- size-\" alt=\"\" srcset=\"https:\/\/radiozapatista.org\/wp-content\/uploads\/2018\/12\/IMG_6862-1.jpg 1000w, https:\/\/radiozapatista.org\/wp-content\/uploads\/2018\/12\/IMG_6862-1-350x233.jpg 350w, https:\/\/radiozapatista.org\/wp-content\/uploads\/2018\/12\/IMG_6862-1-768x512.jpg 768w, https:\/\/radiozapatista.org\/wp-content\/uploads\/2018\/12\/IMG_6862-1-700x466.jpg 700w\" sizes=\"auto, (max-width: 1000px) 100vw, 1000px\" \/><\/li><li class=\"js_slide\"><img loading=\"lazy\" decoding=\"async\" width=\"1000\" height=\"667\" src=\"https:\/\/radiozapatista.org\/wp-content\/uploads\/2018\/12\/IMG_6920.jpg\" class=\"attachment- size-\" alt=\"\" srcset=\"https:\/\/radiozapatista.org\/wp-content\/uploads\/2018\/12\/IMG_6920.jpg 1000w, https:\/\/radiozapatista.org\/wp-content\/uploads\/2018\/12\/IMG_6920-350x233.jpg 350w, https:\/\/radiozapatista.org\/wp-content\/uploads\/2018\/12\/IMG_6920-768x512.jpg 768w, https:\/\/radiozapatista.org\/wp-content\/uploads\/2018\/12\/IMG_6920-700x466.jpg 700w\" sizes=\"auto, (max-width: 1000px) 100vw, 1000px\" \/><\/li><li class=\"js_slide\"><img loading=\"lazy\" decoding=\"async\" width=\"1000\" height=\"667\" src=\"https:\/\/radiozapatista.org\/wp-content\/uploads\/2018\/12\/IMG_6916.jpg\" class=\"attachment- size-\" alt=\"\" srcset=\"https:\/\/radiozapatista.org\/wp-content\/uploads\/2018\/12\/IMG_6916.jpg 1000w, https:\/\/radiozapatista.org\/wp-content\/uploads\/2018\/12\/IMG_6916-350x233.jpg 350w, https:\/\/radiozapatista.org\/wp-content\/uploads\/2018\/12\/IMG_6916-768x512.jpg 768w, https:\/\/radiozapatista.org\/wp-content\/uploads\/2018\/12\/IMG_6916-700x466.jpg 700w\" sizes=\"auto, (max-width: 1000px) 100vw, 1000px\" \/><\/li><li class=\"js_slide\"><img loading=\"lazy\" decoding=\"async\" width=\"1000\" height=\"667\" src=\"https:\/\/radiozapatista.org\/wp-content\/uploads\/2018\/12\/IMG_6919.jpg\" class=\"attachment- size-\" alt=\"\" srcset=\"https:\/\/radiozapatista.org\/wp-content\/uploads\/2018\/12\/IMG_6919.jpg 1000w, https:\/\/radiozapatista.org\/wp-content\/uploads\/2018\/12\/IMG_6919-350x233.jpg 350w, https:\/\/radiozapatista.org\/wp-content\/uploads\/2018\/12\/IMG_6919-768x512.jpg 768w, https:\/\/radiozapatista.org\/wp-content\/uploads\/2018\/12\/IMG_6919-700x466.jpg 700w\" sizes=\"auto, (max-width: 1000px) 100vw, 1000px\" \/><\/li><li class=\"js_slide\"><img loading=\"lazy\" decoding=\"async\" width=\"1000\" height=\"667\" src=\"https:\/\/radiozapatista.org\/wp-content\/uploads\/2018\/12\/IMG_6918.jpg\" class=\"attachment- size-\" alt=\"\" srcset=\"https:\/\/radiozapatista.org\/wp-content\/uploads\/2018\/12\/IMG_6918.jpg 1000w, https:\/\/radiozapatista.org\/wp-content\/uploads\/2018\/12\/IMG_6918-350x233.jpg 350w, https:\/\/radiozapatista.org\/wp-content\/uploads\/2018\/12\/IMG_6918-768x512.jpg 768w, https:\/\/radiozapatista.org\/wp-content\/uploads\/2018\/12\/IMG_6918-700x466.jpg 700w\" sizes=\"auto, (max-width: 1000px) 100vw, 1000px\" \/><\/li><li class=\"js_slide\"><img loading=\"lazy\" decoding=\"async\" width=\"627\" height=\"363\" src=\"https:\/\/radiozapatista.org\/wp-content\/uploads\/2018\/12\/pedrovaltierra.jpg\" class=\"attachment- size-\" alt=\"\" srcset=\"https:\/\/radiozapatista.org\/wp-content\/uploads\/2018\/12\/pedrovaltierra.jpg 627w, https:\/\/radiozapatista.org\/wp-content\/uploads\/2018\/12\/pedrovaltierra-350x203.jpg 350w\" sizes=\"auto, (max-width: 627px) 100vw, 627px\" \/><\/li>\t<\/ul>\n\t                <\/div>\n\t\t\t\t\t<span class=\"js_prev rz_slider_nav\"><svg xmlns='http:\/\/www.w3.org\/2000\/svg' viewBox='0 0 40 70'>\n\t<line x1='37' y1='3' x2='3' y2='36' style='stroke:white;stroke-width:5px' \/>\n\t<line x1='3' y1='34' x2='37' y2='67' style='stroke:white;stroke-width:5px' \/>\n<\/svg><\/span>\n\t\t\t\t\t<span class=\"js_next rz_slider_nav\"><svg xmlns='http:\/\/www.w3.org\/2000\/svg' viewBox='0 0 40 70'>\n\t<line x1='3' y1='3' x2='35' y2='36' style='stroke:white;stroke-width:5px' \/>\n\t<line x1='35' y1='34' x2='3' y2='67' style='stroke:white;stroke-width:5px' \/>\n<\/svg><\/span><\/div><script>\n\t'use strict';\n\n\tif(!window.slideshowCodeAlreadyRun) {\n\t\twindow.slideshowCodeAlreadyRun = true;\n\t\tdocument.addEventListener('DOMContentLoaded', function(){\n\t\t\tvar slidersMarkup = document.querySelectorAll('.js_slider'),\n\t\t\t\tsliders = [];\n\n\t        Array.prototype.slice.call(slidersMarkup).forEach(function (element, index) {\n\t            sliders.push( lory(element, {\n\t\t\t\t    \tinfinite: 1\n\t\t            })\n\t\t\t\t);\n\t\t\t\t\/\/ console.log(sliders);\n\t        });\n\n\t\t\t\/\/ reset sliders. firefox bug?\n\t\t\t\/\/ setTimeout(function () {\n\t\t\t\/\/ \tsliders.forEach(function(slider){\n\t\t\t\/\/ \t\tconsole.log(slider);\n\t\t\t\/\/ \t\tslider.reset(); \n\t\t\t\/\/ \t\t\/\/ slider.slideTo(1);\n\t\t\t\/\/ \t});\n\t\t\t\/\/ }, 100);\n\t\n\t\t}); \n\t}\n\t<\/script>\n<p>&nbsp;<\/p>\n<p><\/p>","protected":false},"excerpt":{"rendered":"<p>El 21 de diciembre de 2018, durante el festival cultural en conmemoraci\u00f3n a los 21 a\u00f1os de la Masacre de Acteal, entrevistamos al fot\u00f3grafo Pedro Valtierra, quien en 1996 lleg\u00f3 a Acteal pocos d\u00edas despu\u00e9s de la masacre y en los primeros d\u00edas de enero document\u00f3 el conflicto en el campamento X&#8217;Oyeb, donde se refugiaban [&hellip;]<\/p>\n","protected":false},"author":1,"featured_media":29738,"comment_status":"open","ping_status":"closed","sticky":false,"template":"","format":"standard","meta":{"footnotes":""},"categories":[190],"tags":[100,1139,1223,233],"class_list":["post-29732","post","type-post","status-publish","format-standard","has-post-thumbnail","hentry","category-radiozapatista","tag-acteal","tag-artes","tag-fotografia","tag-masacre-de-acteal"],"_links":{"self":[{"href":"https:\/\/radiozapatista.org\/index.php?rest_route=\/wp\/v2\/posts\/29732","targetHints":{"allow":["GET"]}}],"collection":[{"href":"https:\/\/radiozapatista.org\/index.php?rest_route=\/wp\/v2\/posts"}],"about":[{"href":"https:\/\/radiozapatista.org\/index.php?rest_route=\/wp\/v2\/types\/post"}],"author":[{"embeddable":true,"href":"https:\/\/radiozapatista.org\/index.php?rest_route=\/wp\/v2\/users\/1"}],"replies":[{"embeddable":true,"href":"https:\/\/radiozapatista.org\/index.php?rest_route=%2Fwp%2Fv2%2Fcomments&post=29732"}],"version-history":[{"count":4,"href":"https:\/\/radiozapatista.org\/index.php?rest_route=\/wp\/v2\/posts\/29732\/revisions"}],"predecessor-version":[{"id":29805,"href":"https:\/\/radiozapatista.org\/index.php?rest_route=\/wp\/v2\/posts\/29732\/revisions\/29805"}],"wp:featuredmedia":[{"embeddable":true,"href":"https:\/\/radiozapatista.org\/index.php?rest_route=\/wp\/v2\/media\/29738"}],"wp:attachment":[{"href":"https:\/\/radiozapatista.org\/index.php?rest_route=%2Fwp%2Fv2%2Fmedia&parent=29732"}],"wp:term":[{"taxonomy":"category","embeddable":true,"href":"https:\/\/radiozapatista.org\/index.php?rest_route=%2Fwp%2Fv2%2Fcategories&post=29732"},{"taxonomy":"post_tag","embeddable":true,"href":"https:\/\/radiozapatista.org\/index.php?rest_route=%2Fwp%2Fv2%2Ftags&post=29732"}],"curies":[{"name":"wp","href":"https:\/\/api.w.org\/{rel}","templated":true}]}}