{"id":29682,"date":"2018-12-12T13:19:09","date_gmt":"2018-12-12T19:19:09","guid":{"rendered":"https:\/\/radiozapatista.org\/?p=29682"},"modified":"2018-12-12T13:19:44","modified_gmt":"2018-12-12T19:19:44","slug":"proyeccion-del-documental-mujer-se-va-la-vida-companera-de-mariana-rivera-y-josue-vergara-y-concierto-de-leon-chavez-teixeiro-y-lxs-profugxs-del-manicomio","status":"publish","type":"post","link":"https:\/\/radiozapatista.org\/?p=29682","title":{"rendered":"Proyecci\u00f3n del documental \u201cMujer. Se va la vida, compa\u00f1era\u201d de Mariana Rivera y Josu\u00e9 Vergara y Concierto de Le\u00f3n Ch\u00e1vez Teixeiro y Lxs pr\u00f3fugxs del manicomio."},"content":{"rendered":"<p><\/p>\n<p style=\"text-align: center;\">Mujer. Se va la vida, compa\u00f1era.<\/p>\n<p style=\"text-align: center;\">Para seguir acompa\u00f1ando los pasos del Congreso Nacional Ind\u00edgena y del Concejo Ind\u00edgena de Gobierno (CNI-CIG), invitamos a:<\/p>\n<p style=\"text-align: center;\">Proyecci\u00f3n del documental<\/p>\n<p style=\"text-align: center;\">Mujer. Se va la vida, compa\u00f1era.<\/p>\n<p style=\"text-align: center;\">de Mariana Rivera y Josu\u00e9 Vergara<\/p>\n<p style=\"text-align: center;\">y<\/p>\n<p style=\"text-align: center;\">Concierto de<\/p>\n<p style=\"text-align: center;\">Le\u00f3n Ch\u00e1vez Teixeiro y Lxs pr\u00f3fugxs del manicomio.<\/p>\n<p style=\"text-align: center;\">Que se realizar\u00e1 el pr\u00f3ximo s\u00e1bado 15 de diciembre, a partir de las 19:00hrs., en Dr. Carmona y Valle #32, Col. Doctores, Cuauht\u00e9moc, Ciudad de M\u00e9xico.<\/p>\n<p style=\"text-align: center;\">Entrada $50<\/p>\n<p style=\"text-align: center;\">Entrada m\u00e1s fotograf\u00eda del colectivo COTRIC $100<\/p>\n<p style=\"text-align: center;\">Boletos en la taquilla el d\u00eda del evento o al 5526907936<\/p>\n<p style=\"text-align: center;\">M\u00e1s informaci\u00f3n: https:\/\/bit.ly\/2QLglLt<\/p>\n<p style=\"text-align: center;\"><img loading=\"lazy\" decoding=\"async\" class=\"alignnone size-medium\" src=\"http:\/\/enlacezapatista.ezln.org.mx\/wp-content\/uploads\/2018\/12\/seVa.jpg\" width=\"741\" height=\"960\" \/><\/p>\n<p><\/p>","protected":false},"excerpt":{"rendered":"<p>Mujer. Se va la vida, compa\u00f1era. Para seguir acompa\u00f1ando los pasos del Congreso Nacional Ind\u00edgena y del Concejo Ind\u00edgena de Gobierno (CNI-CIG), invitamos a: Proyecci\u00f3n del documental Mujer. Se va la vida, compa\u00f1era. de Mariana Rivera y Josu\u00e9 Vergara y Concierto de Le\u00f3n Ch\u00e1vez Teixeiro y Lxs pr\u00f3fugxs del manicomio. Que se realizar\u00e1 el pr\u00f3ximo [&hellip;]<\/p>\n","protected":false},"author":1,"featured_media":0,"comment_status":"open","ping_status":"closed","sticky":false,"template":"","format":"standard","meta":{"footnotes":""},"categories":[954,961,183],"tags":[1139,1151,41],"class_list":["post-29682","post","type-post","status-publish","format-standard","hentry","category-mexico","category-mujeres","category-blog","tag-artes","tag-cig","tag-mujeres"],"_links":{"self":[{"href":"https:\/\/radiozapatista.org\/index.php?rest_route=\/wp\/v2\/posts\/29682","targetHints":{"allow":["GET"]}}],"collection":[{"href":"https:\/\/radiozapatista.org\/index.php?rest_route=\/wp\/v2\/posts"}],"about":[{"href":"https:\/\/radiozapatista.org\/index.php?rest_route=\/wp\/v2\/types\/post"}],"author":[{"embeddable":true,"href":"https:\/\/radiozapatista.org\/index.php?rest_route=\/wp\/v2\/users\/1"}],"replies":[{"embeddable":true,"href":"https:\/\/radiozapatista.org\/index.php?rest_route=%2Fwp%2Fv2%2Fcomments&post=29682"}],"version-history":[{"count":1,"href":"https:\/\/radiozapatista.org\/index.php?rest_route=\/wp\/v2\/posts\/29682\/revisions"}],"predecessor-version":[{"id":29683,"href":"https:\/\/radiozapatista.org\/index.php?rest_route=\/wp\/v2\/posts\/29682\/revisions\/29683"}],"wp:attachment":[{"href":"https:\/\/radiozapatista.org\/index.php?rest_route=%2Fwp%2Fv2%2Fmedia&parent=29682"}],"wp:term":[{"taxonomy":"category","embeddable":true,"href":"https:\/\/radiozapatista.org\/index.php?rest_route=%2Fwp%2Fv2%2Fcategories&post=29682"},{"taxonomy":"post_tag","embeddable":true,"href":"https:\/\/radiozapatista.org\/index.php?rest_route=%2Fwp%2Fv2%2Ftags&post=29682"}],"curies":[{"name":"wp","href":"https:\/\/api.w.org\/{rel}","templated":true}]}}