{"id":29227,"date":"2018-11-09T11:49:00","date_gmt":"2018-11-09T17:49:00","guid":{"rendered":"https:\/\/radiozapatista.org\/?p=29227"},"modified":"2018-11-09T11:53:11","modified_gmt":"2018-11-09T17:53:11","slug":"dia-8-del-festival-de-cine-puy-ta-cuxlejaltic-8-de-noviembre-caracol-de-oventic","status":"publish","type":"post","link":"https:\/\/radiozapatista.org\/?p=29227","title":{"rendered":"[:es]D\u00eda 8 del Festival de cine Puy ta Cuxlejaltic &#8211; 8 de noviembre, Caracol de Oventic[:]"},"content":{"rendered":"<p>[:es]Este 8 de noviembre, el pen\u00faltimo d\u00eda del Festival de cine Puy ta Cuxlejaltic (Caracol de nuestra vida), inici\u00f3 con la proyecci\u00f3n de <i>Les r\u00e9volt\u00e9s: Images et paroles de mai 1968<\/i> (<i>Los rebeldes: Im\u00e1genes y palabras de mayo de 1968<\/i>), de de Michel Andrieu y Jacques Kebadian. Se trata de un documental que nos lleva al coraz\u00f3n del levantamiento popular de 1968 en Francia, a la rabia de obreros, estudiantes y j\u00f3venes que se oponen al moralismo y al poder de la \u00e9poca.<\/p>\n<p><a href=\"http:\/\/www.allocine.fr\/film\/fichefilm_gen_cfilm=269286.html\" target=\"_blank\" rel=\"noopener\">Ve el trailer aqu\u00ed<\/a>.<\/p>\n<p>El tema de la desaparici\u00f3n forzada estuvo presente con el cortometraje de 5 minutos <i>Nos faltan<\/i>, de Luc\u00eda Gaj\u00e1 y Emilio Ramos, una conmovedora alegor\u00eda sobre los 43 normalistas desaparecidos de la Escuela Normal Rural Ra\u00fal Isidro Burgos de Ayotzinapa.<br \/>\n<!--more--><\/p>\n<p align=\"center\"><iframe loading=\"lazy\" src=\"https:\/\/player.vimeo.com\/video\/203648613\" width=\"640\" height=\"360\" frameborder=\"0\" allowfullscreen=\"allowfullscreen\"><\/iframe><\/p>\n<p>Ayotzinapa es tambi\u00e9n el tema de <i>El paso de la tortuga<\/i>, documental de 80 minutos del director Enrique Garc\u00eda Meza, que reconstruye los hechos del 26 y 27 de septiembre de 2014. En la pel\u00edcula, padres, madres, compa\u00f1eros de los normalistas desaparecidos y sobrevivientes de los hechos denuncian la injusticia, la impunidad y la complicidad del Estado.<\/p>\n<p align=\"center\"><iframe loading=\"lazy\" src=\"https:\/\/www.youtube.com\/embed\/Zq8RGk3VfrE\" width=\"560\" height=\"315\" frameborder=\"0\" allowfullscreen=\"allowfullscreen\"><\/iframe><\/p>\n<p>El documental <i>El ma\u00edz en tiempos de guerra<\/i>, de Alberto Cort\u00e9s, sigue el curso anual de cuatro milpas ind\u00edgenas en distintas regiones de M\u00e9xico. El largometraje ilustra el excepcional proceso del ma\u00edz, la delicadeza para seleccionar la semilla y preparar la tierra que va a recibirla, la tenacidad de sus cuidados, la cosecha al cabo de los meses y los usos vitales de sus frutos. La historia del ma\u00edz corre paralela a la historia de los pueblos originarios, que se llaman a s\u00ed mismos pueblos de ma\u00edz, hombres y mujeres de ma\u00edz. El cuidado que las comunidades han puesto en el ma\u00edz es entra\u00f1able en M\u00e9xico, que es la cuna del ma\u00edz, su centro de origen y diversificaci\u00f3n. Una familia wix\u00e1rika (huichola) en el norte de Jalisco, otra m\u00e1s ayuuk (mixe) en Oaxaca, y dos familias tseltales en la selva de Chiapas nos hablan desde sus milpas, los caminos y sus casas, de la importancia de la siembra, de los conocimientos pr\u00e1cticos que permiten la epopeya del ma\u00edz, de los peligros que lo acechan, de la necesidad contempor\u00e1nea de conservar los territorios que dan continuidad a la milpa y a la vida de millones de mexicanos. (<a href=\"http:\/\/elmaizentiemposdeguerra.org\/\" rel=\"noopener\" target=\"_blank\">M\u00e1s informaci\u00f3n aqu\u00ed<\/a>.)<\/p>\n<p>Trailer:<\/p>\n<p align=\"center\"><iframe loading=\"lazy\" width=\"560\" height=\"315\" src=\"https:\/\/www.youtube.com\/embed\/WEU1A7qjID4\" frameborder=\"0\" allow=\"accelerometer; autoplay; encrypted-media; gyroscope; picture-in-picture\" allowfullscreen><\/iframe><\/p>\n<p>Entrevista:<\/p>\n<p align=\"center\"><iframe loading=\"lazy\" width=\"560\" height=\"315\" src=\"https:\/\/www.youtube.com\/embed\/i8ZC_ixB440\" frameborder=\"0\" allow=\"accelerometer; autoplay; encrypted-media; gyroscope; picture-in-picture\" allowfullscreen><\/iframe><\/p>\n<p>El largometraje <i>Diarios de motocicleta<\/i>, de Walter Salles, est\u00e1 basado en los diarios de viaje del Che Guevara (cuando era a\u00fan estudiante de medicina) y Alberto Granado (protagonizados por Gael Garc\u00eda Bernal y Rodrigo de la Serna, respectivamente), en su traves\u00eda por Sudam\u00e9rica en 1952. En el trayecto, el Che se ve transformado al comprender la violencia, explotaci\u00f3n y miseria de los pueblos de Am\u00e9rica Latina. &#8220;Yo ya no soy no&#8221;, escribe el Che en su diario. <\/p>\n<p>Pel\u00edcula completa:<\/p>\n<p align=\"center\"><iframe loading=\"lazy\" width=\"560\" height=\"315\" src=\"https:\/\/www.youtube.com\/embed\/IHTXLOnt-Aw\" frameborder=\"0\" allow=\"accelerometer; autoplay; encrypted-media; gyroscope; picture-in-picture\" allowfullscreen><\/iframe><\/p>\n<p>Finalmente, la jornada termin\u00f3 con la proyecci\u00f3n de <i>El laberinto del fauno<\/i>, de Guillermo del Toro: una pel\u00edcula fant\u00e1stica que es una alegor\u00eda de la Guerra Civil espa\u00f1ola. La pel\u00edcula se desarrolla en 1944, cinco a\u00f1os despu\u00e9s del fin de la guerra, y cuenta la historia de Ofelia, una ni\u00f1a de 13 a\u00f1os que llega con su madre Carmen a un pueblo de los Pirineos, donde se encuentra con su padrastro, un capit\u00e1n de la polic\u00eda franquista con la misi\u00f3n de eliminar a los \u00faltimos rebeldes republicanos en los montes aleda\u00f1os. Ofelia descubre las ruinas de un laberinto, donde encuentra a un fauno &#8211;una criatura con pies y cuernos de cabra&#8211;. \u00c8l revela que ella en realidad es la hija de los reyes de un reino subterr\u00e1neo. Despu\u00e9s de subir a la superficie para conocer el mundo humano, la princesa perdi\u00f3 la memoria y termin\u00f3 muriendo. Pero su padre estaba seguro de que su alma segu\u00eda existiendo aunque no recordara su reino. Para poder regresar, Ofelia tiene que superar tres pruebas antes de la luna llena. <\/p>\n<p>Pel\u00edcula completa:<\/p>\n<p align=\"center\"><iframe loading=\"lazy\" width=\"560\" height=\"315\" src=\"https:\/\/www.youtube.com\/embed\/CdyCI5YQLlo\" frameborder=\"0\" allow=\"accelerometer; autoplay; encrypted-media; gyroscope; picture-in-picture\" allowfullscreen><\/iframe><\/p>\n<p>[:]<\/p>\n","protected":false},"excerpt":{"rendered":"<p>[:es]Este 8 de noviembre, el pen\u00faltimo d\u00eda del Festival de cine Puy ta Cuxlejaltic (Caracol de nuestra vida), inici\u00f3 con la proyecci\u00f3n de Les r\u00e9volt\u00e9s: Images et paroles de mai 1968 (Los rebeldes: Im\u00e1genes y palabras de mayo de 1968), de de Michel Andrieu y Jacques Kebadian. Se trata de un documental que nos lleva [&hellip;]<\/p>\n","protected":false},"author":1,"featured_media":29154,"comment_status":"open","ping_status":"closed","sticky":false,"template":"","format":"standard","meta":{"footnotes":""},"categories":[6,955,190,222],"tags":[1139,1231,56,926,1236,215],"class_list":["post-29227","post","type-post","status-publish","format-standard","has-post-thumbnail","hentry","category-chiapas","category-ezln-temas","category-radiozapatista","category-video","tag-artes","tag-cine","tag-encuentros","tag-ezln","tag-festival-puy-ta-cuxlejaltic","tag-oventic"],"_links":{"self":[{"href":"https:\/\/radiozapatista.org\/index.php?rest_route=\/wp\/v2\/posts\/29227","targetHints":{"allow":["GET"]}}],"collection":[{"href":"https:\/\/radiozapatista.org\/index.php?rest_route=\/wp\/v2\/posts"}],"about":[{"href":"https:\/\/radiozapatista.org\/index.php?rest_route=\/wp\/v2\/types\/post"}],"author":[{"embeddable":true,"href":"https:\/\/radiozapatista.org\/index.php?rest_route=\/wp\/v2\/users\/1"}],"replies":[{"embeddable":true,"href":"https:\/\/radiozapatista.org\/index.php?rest_route=%2Fwp%2Fv2%2Fcomments&post=29227"}],"version-history":[{"count":5,"href":"https:\/\/radiozapatista.org\/index.php?rest_route=\/wp\/v2\/posts\/29227\/revisions"}],"predecessor-version":[{"id":29282,"href":"https:\/\/radiozapatista.org\/index.php?rest_route=\/wp\/v2\/posts\/29227\/revisions\/29282"}],"wp:featuredmedia":[{"embeddable":true,"href":"https:\/\/radiozapatista.org\/index.php?rest_route=\/wp\/v2\/media\/29154"}],"wp:attachment":[{"href":"https:\/\/radiozapatista.org\/index.php?rest_route=%2Fwp%2Fv2%2Fmedia&parent=29227"}],"wp:term":[{"taxonomy":"category","embeddable":true,"href":"https:\/\/radiozapatista.org\/index.php?rest_route=%2Fwp%2Fv2%2Fcategories&post=29227"},{"taxonomy":"post_tag","embeddable":true,"href":"https:\/\/radiozapatista.org\/index.php?rest_route=%2Fwp%2Fv2%2Ftags&post=29227"}],"curies":[{"name":"wp","href":"https:\/\/api.w.org\/{rel}","templated":true}]}}