{"id":292,"date":"2010-01-19T13:05:51","date_gmt":"2010-01-19T19:05:51","guid":{"rendered":"https:\/\/radiozapatista.org\/wp\/?p=292"},"modified":"2015-11-26T13:08:51","modified_gmt":"2015-11-26T19:08:51","slug":"amenaza-de-ejecucion-de-pena-de-muerte-a-mumia-abu-jamal","status":"publish","type":"post","link":"https:\/\/radiozapatista.org\/?p=292","title":{"rendered":"Amenaza de ejecuci\u00f3n de pena de muerte a Mumia Abu-Jamal"},"content":{"rendered":"<p>La Suprema Corte de Justicia de Estados Unidos decidir\u00e1 hoy sobre la petici\u00f3n de la fiscal\u00eda de Filadelfia de ejecutar al \tprisionero pol\u00edtico, periodista y ex militante del Partido Panteras Negras sin audiencia.<\/p>","protected":false},"excerpt":{"rendered":"<p>La Suprema Corte de Justicia de Estados Unidos decidir\u00e1 hoy sobre la petici\u00f3n de la fiscal\u00eda de Filadelfia de ejecutar al prisionero pol\u00edtico, periodista y ex militante del Partido Panteras Negras sin audiencia.<\/p>\n","protected":false},"author":1,"featured_media":0,"comment_status":"open","ping_status":"open","sticky":false,"template":"","format":"standard","meta":{"footnotes":""},"categories":[953,962],"tags":[53,72],"class_list":["post-292","post","type-post","status-publish","format-standard","hentry","category-mundo","category-presos","tag-justicia","tag-mumia-abu-jamal"],"_links":{"self":[{"href":"https:\/\/radiozapatista.org\/index.php?rest_route=\/wp\/v2\/posts\/292","targetHints":{"allow":["GET"]}}],"collection":[{"href":"https:\/\/radiozapatista.org\/index.php?rest_route=\/wp\/v2\/posts"}],"about":[{"href":"https:\/\/radiozapatista.org\/index.php?rest_route=\/wp\/v2\/types\/post"}],"author":[{"embeddable":true,"href":"https:\/\/radiozapatista.org\/index.php?rest_route=\/wp\/v2\/users\/1"}],"replies":[{"embeddable":true,"href":"https:\/\/radiozapatista.org\/index.php?rest_route=%2Fwp%2Fv2%2Fcomments&post=292"}],"version-history":[{"count":0,"href":"https:\/\/radiozapatista.org\/index.php?rest_route=\/wp\/v2\/posts\/292\/revisions"}],"wp:attachment":[{"href":"https:\/\/radiozapatista.org\/index.php?rest_route=%2Fwp%2Fv2%2Fmedia&parent=292"}],"wp:term":[{"taxonomy":"category","embeddable":true,"href":"https:\/\/radiozapatista.org\/index.php?rest_route=%2Fwp%2Fv2%2Fcategories&post=292"},{"taxonomy":"post_tag","embeddable":true,"href":"https:\/\/radiozapatista.org\/index.php?rest_route=%2Fwp%2Fv2%2Ftags&post=292"}],"curies":[{"name":"wp","href":"https:\/\/api.w.org\/{rel}","templated":true}]}}