{"id":29141,"date":"2018-11-06T10:46:54","date_gmt":"2018-11-06T16:46:54","guid":{"rendered":"https:\/\/radiozapatista.org\/?p=29141"},"modified":"2018-11-06T16:20:59","modified_gmt":"2018-11-06T22:20:59","slug":"comunicadodesaparicion-de-migrantes-aclaraciones-de-la-mision-de-observacion-del-exodo-migrante-veracruz","status":"publish","type":"post","link":"https:\/\/radiozapatista.org\/?p=29141","title":{"rendered":"[Comunicado]DESAPARICI\u00d3N DE MIGRANTES. Aclaraciones de la Misi\u00f3n de Observaci\u00f3n del \u00c9xodo Migrante-Veracruz"},"content":{"rendered":"<p><\/p>\n<p style=\"text-align: right;\"><span class=\"fontstyle0\">5 de noviembre de 2018. 23:00 horas. Xalapa, Veracruz.<\/span><\/p>\n<p>Este lunes 5 de noviembre salieron de Veracruz hacia Puebla y CDMX los m\u00e1s de 2 mil migrantes rezagados que se quedaron hasta la noche del domingo albergados en la ciudad de C\u00f3rdoba, en el centro del estado, luego de 3 d\u00edas en la entidad y 25 de traves\u00eda desde Honduras, Guatemala y El Salvador, de donde partieron la gran mayor\u00eda el 12 de octubre pasado.<\/p>\n<p>Acompa\u00f1ar su tr\u00e1nsito en el territorio veracruzano implic\u00f3 un enorme esfuerzo solidario de entre 50 y 100 personas de colectivos de defensa de Derechos Humanos de todo el estado, comunidades religiosas y sociales que integramos la Misi\u00f3n, as\u00ed como de algunas autoridades locales y miles de personas que, por el m\u00e1s b\u00e1sico sentido de humanidad, se organizaron o salieron espont\u00e1neamente a su encuentro para ofrecer a los ni\u00f1os centroamericanos, mujeres, hombres, enfermos o familias enteras, todo lo que tuvieron a su alcance.<\/p>\n<p>Como denunciamos desde el primer d\u00eda (s\u00e1bado 3 de noviembre), la dispersi\u00f3n de la caravana-\u00e9xodo migrante en los 300 kil\u00f3metros de la ruta Veracruz fue producto de la frustraci\u00f3n, el desconcierto y la desesperaci\u00f3n provocada por el gobernador Miguel \u00c1ngel Yunes Linares, al ofrecer un apoyo que retir\u00f3 tres horas despu\u00e9s excus\u00e1ndose en la falta de agua en CDMX. Un doblez cruel, inicuo y contradictorio que no s\u00f3lo dej\u00f3 en la indefensi\u00f3n a m\u00e1s de 5 mil personas en la entidad que encabeza las estad\u00edsticas nacionales de violencia contra migrantes, sino que, insistimos, los vulner\u00f3 a\u00fan m\u00e1s. An\u00edmicamente, los devast\u00f3.<\/p>\n<p><!--more-->El miedo y la desesperaci\u00f3n de los hermanos centroamericanos no eran latentes; eran patentes, manifiestos, expl\u00edcitos. Si los migrantes hicieron a un lado la unidad que era su fuerza en el momento en que m\u00e1s la necesitaban; si caminaron 70 kil\u00f3metros de Sayula a Isla con llagas en los pies, insolaci\u00f3n, hambre o sed, con todo y sus hijos de la mano o en los brazos; si se treparon desesperadamente en los camiones de carga y camionetas en la cuenca del Papaloapan; si viajaron a la intemperie, hacinados o encerrados bajo candado; si arriesgaron su vida sobre las llantas de refacci\u00f3n de los trailers o colgados de las redilas; si pagaron 50, 100 o 200 pesos a los taxis y transportes locales; si desoyeron incluso las advertencias de la Misi\u00f3n humanitaria por el alto riesgo que todo eso implicaba, fue en gran parte porque entendieron que ten\u00edan que salir cuanto ante del territorio de la muerte y la impunidad, de las fosas clandestinas y del infierno patrocinado por el Estado. Porque sab\u00edan o fueron descubriendo r\u00e1pidamente lo que significaba atravesar por Veracruz.<\/p>\n<p>Conocemos la inquietud y el revuelo de alcance internacional que ha provocado la denuncia p\u00fablica de la desaparici\u00f3n de 100 migrantes en Veracruz, realizada por la Defensor\u00eda de los Derechos Humanos del Pueblo de Oaxaca (DDHPO). Puesto que observamos como ellos las condiciones en que transit\u00f3 el \u00e9xodo por nuestro estado precisamos lo siguiente:<\/p>\n<ul>\n<li><span class=\"fontstyle0\">Para quienes integramos la Misi\u00f3n Veracruz fue IMPOSIBLE registrar y acompa\u00f1ar a cada uno de los miles de veh\u00edculos que los migrantes abordaban SIMULT\u00c1NEAMENTE en los 300 kil\u00f3metros del trayecto en que se disgreg\u00f3 la caravana en la entidad.<\/span><\/li>\n<li><span class=\"fontstyle0\">Los d\u00edas 3 y 4 de noviembre \u2013en los poblados de Isla, Loma Bonita y Tierra Blanca- registramos 3 reportes de hermanos centroamericanos que en el caos de los traslados perdieron contacto con algun integrante de su familia (c\u00f3nyuges), lo cual reportamos colectivamente a fin de ayudarlos en su b\u00fasqueda.<\/span><\/li>\n<li><span class=\"fontstyle0\">Debido a la enorme cantidad y acelerada movilidad de los migrantes (en la esperanza de encontrar a sus familiares en el siguiente punto de la ruta), y por el caos provocado por los motivos que ya expusimos, no nos fue posible corroborar si las separaciones de familias eran temporales o sostenidas.<\/span><\/li>\n<li><span class=\"fontstyle0\">El 4 de noviembre, por la noche, desmentimos en un comunicado la desaparici\u00f3n de los camiones que hasta entonces era un rumor, luego de confirmar con el sacerdote que recibi\u00f3 a los migrantes en Puebla -Gustavo Rodr\u00edguez Z\u00e1rate, de la Parroquia de Asunci\u00f3n- que a excepci\u00f3n de algunos retrasos, no hab\u00eda reportes de la desaparici\u00f3n de familiares y\/o camiones en ese punto. Tampoco los hab\u00eda en los que nosotros cubrimos, a excepci\u00f3n de las tres personas ya mencionadas.<\/span><\/li>\n<li><span class=\"fontstyle0\">Hasta el domingo 4 la Misi\u00f3n de Observaci\u00f3n segu\u00eda en Veracruz, incluyendo a la DDHPO. Por tanto, no ten\u00edamos modo de confirmar si los familiares extraviados hab\u00edan llegado a Puebla o a CDMX o estaban en tr\u00e1nsito, pues el arribo descontrolado y ca\u00f3tico a ambas ciudades desbordaba las capacidades de registro, atenci\u00f3n y\/o seguimiento.<\/span><\/li>\n<li><span class=\"fontstyle0\">Como Misi\u00f3n de observaci\u00f3n del \u00e9xodo migrante- Veracruz NO TENEMOS CERTEZA DE LA DESAPARICI\u00d3N DE CIEN MIGRANTES en Isla, Veracruz, pues nadie en absoluto pudo tener registro de todos y cada uno de los centroamericanos que abordaron veh\u00edculos en el trayecto, ni de corroborar su llegada. Muchos de ellos en sucesivos transbordes.<\/span><\/li>\n<li><span class=\"fontstyle0\">Eso de ninguna manera significa que no haya ocurrido. Sabemos que los migrantes se han convertido en un bot\u00edn y conocemos de sobra el negocio criminal que se ha desarrollado a sus expensas en los \u00faltimos a\u00f1os: robos, secuestros, extorsiones, trata, desaparici\u00f3n forzada, asesinatos y vejaciones de todo tipo, sobre todo en Veracruz. Es posible, es probable, desgraciadamente no podemos descartar<br \/>\nque haya sucedido.<\/span><\/li>\n<li><span class=\"fontstyle0\">Por tanto, RESPALDAMOS LAS DECLARACIONES DE LOS COMPA\u00d1EROS OAXAQUE\u00d1OS que desde la DDHPO han alertado sobre los indicios que ellos tienen de la desaparici\u00f3n, dado que tuvieron la informaci\u00f3n de primera mano y oportunidad de confirmar en Puebla con los propios migrantes que les presentaron sus denuncias y\/o testimonios a su llegada.<\/span><\/li>\n<li><span class=\"fontstyle0\">Afirmamos categ\u00f3ricamente que de haber subido en Sayula a los camiones que Yunes prometi\u00f3, entonces tendr\u00edamos certeza de la integridad de m\u00e1s de 5 mil migrantes, entre ellos aproximadamente 2 mil menores. No la hay. Ning\u00fan censo fue posible en la improvisaci\u00f3n del apoyo a la contingencia en la que no hubo mecanismos de intervenci\u00f3n institucional reales y efectivos para ofecer la ayuda humanitaria que el gobernador de Veracruz, en su primer mensaje de twitter, hac\u00eda parecer \u201cuna obviedad\u201d.<\/span><\/li>\n<li><span class=\"fontstyle0\">Por el contrario, algunos integrantes de la Misi\u00f3n Veracruz fueron amenazados y amedrentados por agentes de seguridad del Estado (polic\u00eda y migraci\u00f3n), como denunciamos el 3 de noviembre, en un intento claro de criminalizaci\u00f3n de la asistencia humanitaria.<\/span><\/li>\n<li><span class=\"fontstyle0\">Respaldamos la decisi\u00f3n de la DDHPO de lanzar una alerta generalizada a todas las instancias, y hacemos eco de su denuncia, que lejos de desestimar las voces de los hermanos centroamericanos advierte de la alta probabilidad de un dolo eventual e irreparable.<\/span><\/li>\n<li><span class=\"fontstyle0\">Exigimos al Estado mexicano realizar una investigaci\u00f3n exhaustiva para confirmar o desmentir estos delitos, y a los tres niveles de gobierno, entender la movilidad humana como un derecho humano ante la b\u00fasqueda de mejores condiciones de vida, puesto que estamos ante una situaci\u00f3n de emergencia que pone en riesgo la integridad de miles de hombres, mujeres y ni\u00f1os.<\/span><\/li>\n<li><span class=\"fontstyle0\">Por \u00faltimo, exhortamos a los pueblos en la ruta migrante a hacer presente su acci\u00f3n solidaria en apoyo de los hermanos migrantes, sin xenofobia, racismo ni clasismo, como lo han hecho los pueblos en el camino hasta el d\u00eda de hoy. Humanidad y solidaridad, es lo que pedimos a nombre de las personas que viajan buscando para ellos y para sus hijos una oportunidad de vivir.<\/span><\/li>\n<\/ul>\n<p style=\"text-align: center;\"><span class=\"fontstyle3\">Misi\u00f3n de Observaci\u00f3n de Derechos Humanos del \u00c9xodo Migrante-Veracruz<br \/>\n<\/span><span class=\"fontstyle0\">Centro de Derechos Humanos de los Pueblos del Sur de Veracruz Bety Cari\u00f1o A.C.<br \/>\nCentro de Derechos Humanos Toaltepeyolotl<br \/>\nRed Unidos por los Derechos Humanos (RUDH)<br \/>\nPastoral Social de Paraje y de Amatl\u00e1n de los Reyes-Veracruz<br \/>\nColectivo Vive Migrante de Amatl\u00e1n de los Reyes<br \/>\nKolpin-Cordoba<br \/>\nRedes de Resistencia y Rebeld\u00eda (R3) de Xalapa, Veracruz, Grandes Monta\u00f1as y Sur.<\/span><\/p>\n<p>&nbsp;<\/p>\n<p>Fotograf\u00eda: Misi\u00f3n de Observaci\u00f3n \u00c9xodo Migrante en Veracruz<\/p>","protected":false},"excerpt":{"rendered":"<p>5 de noviembre de 2018. 23:00 horas. Xalapa, Veracruz. Este lunes 5 de noviembre salieron de Veracruz hacia Puebla y CDMX los m\u00e1s de 2 mil migrantes rezagados que se quedaron hasta la noche del domingo albergados en la ciudad de C\u00f3rdoba, en el centro del estado, luego de 3 d\u00edas en la entidad y [&hellip;]<\/p>\n","protected":false},"author":20,"featured_media":29142,"comment_status":"open","ping_status":"closed","sticky":false,"template":"","format":"standard","meta":{"footnotes":""},"categories":[954,959,961,960],"tags":[58,1234,1131,30],"class_list":["post-29141","post","type-post","status-publish","format-standard","has-post-thumbnail","hentry","category-mexico","category-migracion","category-mujeres","category-ninxs","tag-derechos-humanos","tag-exodo-migrante","tag-mexico","tag-migracion"],"_links":{"self":[{"href":"https:\/\/radiozapatista.org\/index.php?rest_route=\/wp\/v2\/posts\/29141","targetHints":{"allow":["GET"]}}],"collection":[{"href":"https:\/\/radiozapatista.org\/index.php?rest_route=\/wp\/v2\/posts"}],"about":[{"href":"https:\/\/radiozapatista.org\/index.php?rest_route=\/wp\/v2\/types\/post"}],"author":[{"embeddable":true,"href":"https:\/\/radiozapatista.org\/index.php?rest_route=\/wp\/v2\/users\/20"}],"replies":[{"embeddable":true,"href":"https:\/\/radiozapatista.org\/index.php?rest_route=%2Fwp%2Fv2%2Fcomments&post=29141"}],"version-history":[{"count":3,"href":"https:\/\/radiozapatista.org\/index.php?rest_route=\/wp\/v2\/posts\/29141\/revisions"}],"predecessor-version":[{"id":29180,"href":"https:\/\/radiozapatista.org\/index.php?rest_route=\/wp\/v2\/posts\/29141\/revisions\/29180"}],"wp:featuredmedia":[{"embeddable":true,"href":"https:\/\/radiozapatista.org\/index.php?rest_route=\/wp\/v2\/media\/29142"}],"wp:attachment":[{"href":"https:\/\/radiozapatista.org\/index.php?rest_route=%2Fwp%2Fv2%2Fmedia&parent=29141"}],"wp:term":[{"taxonomy":"category","embeddable":true,"href":"https:\/\/radiozapatista.org\/index.php?rest_route=%2Fwp%2Fv2%2Fcategories&post=29141"},{"taxonomy":"post_tag","embeddable":true,"href":"https:\/\/radiozapatista.org\/index.php?rest_route=%2Fwp%2Fv2%2Ftags&post=29141"}],"curies":[{"name":"wp","href":"https:\/\/api.w.org\/{rel}","templated":true}]}}