{"id":29115,"date":"2018-11-04T13:55:10","date_gmt":"2018-11-04T19:55:10","guid":{"rendered":"https:\/\/radiozapatista.org\/?p=29115"},"modified":"2018-12-10T13:24:57","modified_gmt":"2018-12-10T19:24:57","slug":"dia-3-del-festival-de-cine-puy-ta-cuxlejaltic-caracol-de-oventic","status":"publish","type":"post","link":"https:\/\/radiozapatista.org\/?p=29115","title":{"rendered":"D\u00eda 3 del Festival de cine &#8220;Puy ta Cuxlejaltic&#8221; &#8211; Caracol de Oventic"},"content":{"rendered":"<p>El Festival de cine &#8220;Puy ta Cuxlejaltic&#8221; (&#8220;Caracol de nuestra vida&#8221;) continu\u00f3 el 3 de noviembre en el Caracol de Oventic, Los Altos de Chiapas, con un nutrido p\u00fablico de zapatistas, adem\u00e1s de los invitados especiales y asistentes.<\/p>\n<p>La sesi\u00f3n de la ma\u00f1ana comenz\u00f3 con la proyecci\u00f3n de <i><a href=\"https:\/\/www.aljazeera.com\/programmes\/latin-america-investigates\/2016\/12\/mexico-land-impunity-161208072936383.html\" rel=\"noopener\" target=\"_blank\">Tierra de impunidad<\/a><\/i>, del mexicano Diego Osorno y el peruano Luciano Gorriti. El documental explora la \u00edntima relaci\u00f3n entre el Estado y el crimen organizado en M\u00e9xico.<\/p>\n<p align=\"center\"><iframe src='https:\/\/players.brightcove.net\/665003303001\/SJg0bzqkZ_default\/index.html?videoId=5238312538001&#038;usrPersonaAds=false' allowfullscreen frameborder=0><\/iframe><\/p>\n<p><!--more--><\/p>\n<p>La sesi\u00f3n continu\u00f3 con el film <i>A Desalambrar con Daniel Viglietti<\/i>, con direcci\u00f3n de Jorge Denti, que retrata la vida de Daniel Viglietti, uno de los cantantes m\u00e1s importantes de Uruguay, quien con m\u00fasica protest\u00f3 contra las represiones hacia los movimientos que se opon\u00edan a las dictaduras en Am\u00e9rica Latina. <\/p>\n<p align=\"center\"><iframe loading=\"lazy\" width=\"560\" height=\"315\" src=\"https:\/\/www.youtube.com\/embed\/Yk84EHhMnBY\" frameborder=\"0\" allow=\"accelerometer; autoplay; encrypted-media; gyroscope; picture-in-picture\" allowfullscreen><\/iframe><\/p>\n<p>A seguir, se present\u00f3 el documental <i>Koltavanej<\/i>, con direcci\u00f3n de Concepci\u00f3n Su\u00e1rez Aguilar. Rosa L\u00f3pez D\u00edaz, mujer tsotsil torturada durante el embarazo para que se autoinculpara de un crimen del que se hab\u00eda declarado inocente, conoci\u00f3 distintas caras de la violencia contra las mujeres mucho antes de ir a prisi\u00f3n. Desde el Centro de Rehabilitaci\u00f3n Social n\u00famero 5, en San Crist\u00f3bal de Las Casas, Chiapas, su voz rompe los muros y nos muestra su dignidad.<\/p>\n<p align=\"center\"><iframe loading=\"lazy\" src=\"https:\/\/player.vimeo.com\/video\/64648541\" width=\"640\" height=\"360\" frameborder=\"0\" webkitallowfullscreen mozallowfullscreen allowfullscreen><\/iframe><\/p>\n<p>El documental <i>El hilo de la memoria<\/i>, de Mariana Rivera Garza, es el resultado de un recorrido por M\u00e9xico de la exposici\u00f3n &#8220;Tejer con el Hilo de la Memoria: puntadas de dignidad en medio de la guerra&#8221;, donde se mostr\u00f3 el trabajo de un colectivo de tejedoras colombianas, conformado por mujeres sobrevivientes del conflicto armado. A trav\u00e9s del tejido han contado sus historias, denunciando las injusticias y la violencia que han sufrido. La exposici\u00f3n fue compartida con grupos de tejedoras de la Ciudad de M\u00e9xico, Guerrero y Chiapas, a la par se impartieron talleres de tejido y memoria y se realiz\u00f3 una muestra audiovisual. <i>El hilo de la memoria<\/i> muestra el recorrido de la exposici\u00f3n en su cruce por M\u00e9xico, reflexiona sobre los puentes que se tejen entre la creaci\u00f3n colectiva, la creatividad y el potencial transformador de la realidad que tienen los espacios compartidos para contar y tejer.<\/p>\n<p align=\"center\"><iframe loading=\"lazy\" src=\"https:\/\/player.vimeo.com\/video\/151735928\" width=\"640\" height=\"360\" frameborder=\"0\" webkitallowfullscreen mozallowfullscreen allowfullscreen><\/iframe><\/p>\n<p>Las canciones de Le\u00f3n Ch\u00e1vez Teixeiro han acompa\u00f1ado y retratado las luchas populares de la Ciudad de M\u00e9xico las \u00faltimas cinco d\u00e9cadas. En <i>Mujeres. Se va la vida, compa\u00f1era<\/i>, el m\u00e1s reciente documental de Mariana Rivera (2018), Le\u00f3n Ch\u00e1vez Teixeiro y su m\u00fasica nos revelan la historia de tres mujeres que participan en distintos movimientos sociales y que nos invitan a reflexionar sobre los valores de la lucha organizada y preguntarnos sobre el futuro de nuestra sociedad.<\/p>\n<p align=\"center\"><iframe loading=\"lazy\" width=\"560\" height=\"315\" src=\"https:\/\/www.youtube.com\/embed\/RRJDL0oDjl0\" frameborder=\"0\" allow=\"accelerometer; autoplay; encrypted-media; gyroscope; picture-in-picture\" allowfullscreen><\/iframe><\/p>\n<p>La sesi\u00f3n de la tarde dio inicio con el el preestreno del film <i>Bayoneta<\/i>, de Kyzza Terrazas. La pel\u00edcula es una dura cr\u00edtica y una aproximaci\u00f3n al universo del boxeo &#8211;y al de la migraci\u00f3n&#8211;, acompa\u00f1ando la vida de un boxeador tijuanense que emigra a Finlandia, donde se convierte en entrenador de box. Filmado en M\u00e9xico y Finlandia, el film estrenar\u00e1 en cines este pr\u00f3ximo 9 de noviembre (el \u00faltimo d\u00eda del festival Puy ta Cuxlejaltic).<\/p>\n<p align=\"center\"><iframe loading=\"lazy\" width=\"560\" height=\"315\" src=\"https:\/\/www.youtube.com\/embed\/19iR-oS_ios\" frameborder=\"0\" allow=\"accelerometer; autoplay; encrypted-media; gyroscope; picture-in-picture\" allowfullscreen><\/iframe><\/p>\n<p>Despu\u00e9s se present\u00f3 <i>Rudo y cursi<\/i>, de Carlos Cuar\u00f3n, con Gael Garc\u00eda y Diego Luna. La pel\u00edcula gira alrededor de los hermanos Verdusco: Beto, que sue\u00f1a con ser jugador de futbol profesional, y Tato, que quiere ser cantante de norte\u00f1as. Pero, sobre todo, ambos quieren construir una casa a su mam\u00e1. Con mucho humor, la pel\u00edcula es a la vez una cr\u00edtica social y un comentario sobre las vicisitudes de la amistad.<\/p>\n<p align=\"center\"><iframe loading=\"lazy\" width=\"560\" height=\"315\" src=\"https:\/\/www.youtube.com\/embed\/Z-cR_zvLRF0\" frameborder=\"0\" allow=\"accelerometer; autoplay; encrypted-media; gyroscope; picture-in-picture\" allowfullscreen><\/iframe><\/p>\n<p>Al final de la jornada, como los d\u00edas anteriores, se entregaron reconocimientos a los cineastas presentes.<br \/>\n<\/p>","protected":false},"excerpt":{"rendered":"<p>El Festival de cine &#8220;Puy ta Cuxlejaltic&#8221; (&#8220;Caracol de nuestra vida&#8221;) continu\u00f3 el 3 de noviembre en el Caracol de Oventic, Los Altos de Chiapas, con un nutrido p\u00fablico de zapatistas, adem\u00e1s de los invitados especiales y asistentes. La sesi\u00f3n de la ma\u00f1ana comenz\u00f3 con la proyecci\u00f3n de Tierra de impunidad, del mexicano Diego Osorno [&hellip;]<\/p>\n","protected":false},"author":1,"featured_media":29029,"comment_status":"open","ping_status":"closed","sticky":false,"template":"","format":"standard","meta":{"footnotes":""},"categories":[6,955,190],"tags":[1139,1231,56,926,1236],"class_list":["post-29115","post","type-post","status-publish","format-standard","has-post-thumbnail","hentry","category-chiapas","category-ezln-temas","category-radiozapatista","tag-artes","tag-cine","tag-encuentros","tag-ezln","tag-festival-puy-ta-cuxlejaltic"],"_links":{"self":[{"href":"https:\/\/radiozapatista.org\/index.php?rest_route=\/wp\/v2\/posts\/29115","targetHints":{"allow":["GET"]}}],"collection":[{"href":"https:\/\/radiozapatista.org\/index.php?rest_route=\/wp\/v2\/posts"}],"about":[{"href":"https:\/\/radiozapatista.org\/index.php?rest_route=\/wp\/v2\/types\/post"}],"author":[{"embeddable":true,"href":"https:\/\/radiozapatista.org\/index.php?rest_route=\/wp\/v2\/users\/1"}],"replies":[{"embeddable":true,"href":"https:\/\/radiozapatista.org\/index.php?rest_route=%2Fwp%2Fv2%2Fcomments&post=29115"}],"version-history":[{"count":4,"href":"https:\/\/radiozapatista.org\/index.php?rest_route=\/wp\/v2\/posts\/29115\/revisions"}],"predecessor-version":[{"id":29182,"href":"https:\/\/radiozapatista.org\/index.php?rest_route=\/wp\/v2\/posts\/29115\/revisions\/29182"}],"wp:featuredmedia":[{"embeddable":true,"href":"https:\/\/radiozapatista.org\/index.php?rest_route=\/wp\/v2\/media\/29029"}],"wp:attachment":[{"href":"https:\/\/radiozapatista.org\/index.php?rest_route=%2Fwp%2Fv2%2Fmedia&parent=29115"}],"wp:term":[{"taxonomy":"category","embeddable":true,"href":"https:\/\/radiozapatista.org\/index.php?rest_route=%2Fwp%2Fv2%2Fcategories&post=29115"},{"taxonomy":"post_tag","embeddable":true,"href":"https:\/\/radiozapatista.org\/index.php?rest_route=%2Fwp%2Fv2%2Ftags&post=29115"}],"curies":[{"name":"wp","href":"https:\/\/api.w.org\/{rel}","templated":true}]}}