{"id":28966,"date":"2018-10-31T08:02:02","date_gmt":"2018-10-31T14:02:02","guid":{"rendered":"https:\/\/radiozapatista.org\/?p=28966"},"modified":"2018-10-31T08:09:10","modified_gmt":"2018-10-31T14:09:10","slug":"festival-de-cine-puy-ta-cuxlejaltic-programa-general","status":"publish","type":"post","link":"https:\/\/radiozapatista.org\/?p=28966","title":{"rendered":"Festival de cine \u201cPuy ta Cuxlejaltic\u201d. Programa General."},"content":{"rendered":"<p><small>Fuente: <a href=\"http:\/\/enlacezapatista.ezln.org.mx\/2018\/10\/30\/festival-de-cine-puy-ta-cuxlejaltic-programa-general\/\" rel=\"noopener\" target=\"_blank\">Enlace Zapatista<\/a><\/small><\/p>\n<p style=\"text-align: center;\"><strong>Comisi\u00f3n Sexta del EZLN.<br \/>\n<\/strong><strong>M\u00e9xico.<\/strong><\/p>\n<p style=\"text-align: center;\">Octubre del 2018.<\/p>\n<p style=\"text-align: center;\"><strong>Programa de exhibiciones en el festival de cine \u201cPuy ta Cuxlejaltic\u201d<\/strong><\/p>\n<p>Atenci\u00f3n: Por causas de fuerza menor, las fechas de este primer festival se extienden hasta el 9 de noviembre inclusive.<\/p>\n<p>Se exhibir\u00e1n los siguientes filmes (en su categor\u00eda respectiva):<\/p>\n<p>&nbsp;<\/p>\n<p style=\"text-align: center;\">Categor\u00eda <strong>Ah, \u00bfte cae?<\/strong><\/p>\n<p style=\"text-align: center;\">Secci\u00f3n Especial: \u201c<em>Una colonia ciudadana en las monta\u00f1as del sureste mexicano<\/em>\u201d.<\/p>\n<p style=\"text-align: center;\"><strong><em>Roma<\/em><\/strong>. Direcci\u00f3n: Alfonso Cuar\u00f3n.<\/p>\n<p style=\"text-align: center;\">\n<p style=\"text-align: center;\">Categor\u00eda <strong>Caer y levantarse<\/strong>:<\/p>\n<p style=\"text-align: center;\"><strong><em>Bayoneta<\/em><\/strong>. Direcci\u00f3n: Kyzza Terrazas.<\/p>\n<p style=\"text-align: center;\"><strong><em>Rudo y Cursi<\/em><\/strong>. Direcci\u00f3n: Carlos Cuar\u00f3n.<\/p>\n<p style=\"text-align: center;\"><strong><em>Batallas \u00cdntimas<\/em><\/strong>. Direcci\u00f3n: Luc\u00eda Gaj\u00e1.<\/p>\n<p style=\"text-align: center;\"><strong><em>No les pedimos un viaje a la luna<\/em><\/strong>. Direcci\u00f3n: Mar\u00eda del Carmen de Lara.<\/p>\n<p style=\"text-align: center;\">\n<p style=\"text-align: center;\"><!--more-->Categor\u00eda <strong>So\u00f1ar la Realidad<em>:<\/em><\/strong><\/p>\n<p style=\"text-align: center;\"><strong><em>\u00c9rase una vez<\/em><\/strong>. Direcci\u00f3n: Juan Carlos Rulfo.<\/p>\n<p style=\"text-align: center;\"><strong><em>Ana y Bruno<\/em><\/strong>.\u00a0Direcci\u00f3n: Carlos Carrera.<\/p>\n<p style=\"text-align: center;\"><strong><em>Tob\u00edas<\/em><\/strong>. Direcci\u00f3n: Francisca D\u00b4Acosta y Ramiro E.\u00a0Pedraza.<\/p>\n<p style=\"text-align: center;\"><strong><em>Carrizos<\/em><\/strong>. Direcci\u00f3n: Dinazar Urbina.<\/p>\n<p style=\"text-align: center;\"><strong><em>Ni\u00f1os H\u00e9roes<\/em><\/strong>. Direcci\u00f3n: Itzel Mart\u00ednez.<\/p>\n<p style=\"text-align: center;\"><strong><em>El Laberinto del Fauno<\/em><\/strong>. Direcci\u00f3n: Guillermo del Toro.<\/p>\n<p style=\"text-align: center;\"><strong><em>El Patio de mi casa<\/em><\/strong>. Direcci\u00f3n: Carlos Hagerman.<\/p>\n<p style=\"text-align: center;\"><strong><em>Future Past<\/em><\/strong>; <strong><em>Fin de, <\/em><\/strong><strong><em>Coapan sin tiempo<\/em> <\/strong><strong>y\u00a0<em>Carnaval<\/em><\/strong>. Direcci\u00f3n: Federico Cuatlacuatl.<\/p>\n<p style=\"text-align: center;\"><strong><em>Aqu\u00ed sigo<\/em><\/strong>. Direcci\u00f3n: Lorenzo Hagerman.<\/p>\n<p style=\"text-align: center;\"><strong><em>El sonar de las olas<\/em><\/strong><strong><em>.\u00a0<\/em><\/strong>Direcci\u00f3n: Vanessa Ortega C.<\/p>\n<p style=\"text-align: center;\"><strong><em>Amor, nuestra prisi\u00f3n<\/em><\/strong>. Direcci\u00f3n: Carolina Corral.<\/p>\n<p style=\"text-align: center;\">\n<p style=\"text-align: center;\"><u>Secci\u00f3n Especial: Correspondencia Infantil.<\/u><\/p>\n<p style=\"text-align: center;\"><strong><em>Ni\u00f1@s del llano encantado<\/em>.<\/strong><strong> Colectivo Ojo de Agua Comunicaci\u00f3n.<\/strong><\/p>\n<p style=\"text-align: center;\"><strong><em>Saludos desde San\u00a0Juan Evangelista Analco<\/em>. <\/strong><strong> La Cal\u00e9ndula Audiovisual y Ojo de Agua Comunicaci\u00f3n.<\/strong><\/p>\n<p style=\"text-align: center;\"><strong><em>Ololetic Ya Vits Tan<\/em><\/strong>. Direcci\u00f3n: Mar\u00eda Sojob.<\/p>\n<p style=\"text-align: center;\"><strong><em>Video carta desde Chicahuaxtla<\/em><\/strong>. Colectivo Ojo de Agua.<\/p>\n<p style=\"text-align: center;\">\n<p style=\"text-align: center;\">Categor\u00eda <strong>La tormenta<\/strong>:<\/p>\n<p style=\"text-align: center;\"><strong><em>No sucumbi\u00f3 la eternidad<\/em><\/strong>. Direcci\u00f3n: Daniela Rea.<\/p>\n<p style=\"text-align: center;\"><strong><em>Hasta los dientes<\/em><\/strong>.\u00a0Direcci\u00f3n: Alberto Arnaut.<\/p>\n<p style=\"text-align: center;\"><strong><em>Artemio<\/em><\/strong>. Direcci\u00f3n:\u00a0Sandra Luz.<\/p>\n<p style=\"text-align: center;\"><strong><em>Rush Hour<\/em><\/strong>. Direcci\u00f3n: Luciana Kaplan.<\/p>\n<p style=\"text-align: center;\"><strong><em>Tierra de Impunidad<\/em><\/strong>. Direcci\u00f3n: Diego Osorno y Luciano Gorriti.<\/p>\n<p style=\"text-align: center;\"><strong><em>La Tempestad<\/em><\/strong>. Direcci\u00f3n: Tatiana Huezo.<\/p>\n<p style=\"text-align: center;\"><strong><em>Silvestre<\/em><\/strong>. Direcci\u00f3n: Santiago Mohar Volkow.<\/p>\n<p style=\"text-align: center;\"><strong><em>Los reyes del\u00a0pueblo que no existe<\/em>. <\/strong>Betzab\u00e9 Garc\u00eda.<\/p>\n<p style=\"text-align: center;\"><strong><em>Los d\u00e9biles<\/em><\/strong>. Direcci\u00f3n: Ra\u00fal Rico y Eduardo Giralt.<\/p>\n<p style=\"text-align: center;\"><strong><em>El futuro en\u00a0nuestras manos<\/em><\/strong><strong>. <\/strong>Direcci\u00f3n: Sara Oliveros.<\/p>\n<p style=\"text-align: center;\">\n<p style=\"text-align: center;\">Categor\u00eda <strong>El Ayer, Hoy<\/strong>:<\/p>\n<p style=\"text-align: center;\"><strong><em>Reed, M\u00e9xico Insurgente<\/em><\/strong> (restaurado). Direcci\u00f3n: Paul Leduc.<\/p>\n<p style=\"text-align: center;\"><strong><em>El Grito<\/em><\/strong><em> (<\/em>restaurado<em>). <\/em>Direcci\u00f3n:\u00a0Leobardo L\u00f3pez Aretche.<\/p>\n<p style=\"text-align: center;\"><strong><em>Diarios en Motocicleta<\/em><\/strong>. Direcci\u00f3n: Walter Salles.<\/p>\n<p style=\"text-align: center;\">\n<p style=\"text-align: center;\">Categor\u00eda <strong>Resistencia y Rebeld\u00eda<\/strong>:<\/p>\n<p style=\"text-align: center;\"><strong><em>Juban Wajin<\/em><\/strong>. Colectivo Tlachinollan y La Sand\u00eda Digital.<\/p>\n<p style=\"text-align: center;\"><strong><em>El secreto de la belleza<\/em><\/strong>. Direcci\u00f3n: N\u00e9stor Jim\u00e9nez.<\/p>\n<p style=\"text-align: center;\"><strong><em>El Desaf\u00edo Ind\u00edgena<\/em><\/strong>. Direcci\u00f3n: Inti Cordera.<\/p>\n<p style=\"text-align: center;\"><strong><em>El Ma\u00edz en Tiempos de Guerra<\/em><\/strong>. Direcci\u00f3n: Alberto Cort\u00e9s.<\/p>\n<p style=\"text-align: center;\"><strong><em>Del Oriente \/ Laboratorio Experimental de Cine<\/em><\/strong>. Faro Oriente y Faro Arag\u00f3n.<\/p>\n<p style=\"text-align: center;\"><strong><em>Cher\u00e1n. Tila y Ostula<\/em><\/strong>. SubVersiones.<\/p>\n<p style=\"text-align: center;\"><strong><em>Yoo\u00b4oram luturia<\/em><\/strong> y <strong><em>Comcaac quih yaza quih iicp c\u00f6ismatoomlam quih<\/em><\/strong><em>.<\/em><\/p>\n<p style=\"text-align: center;\">La Marabunta Filmadora. Yoemem * Comcaac * Raramuri.<\/p>\n<p style=\"text-align: center;\"><strong><em>La Tercera Ra\u00edz<\/em><\/strong>. Direcci\u00f3n: Camilo Nu.<\/p>\n<p style=\"text-align: center;\"><strong><em>Los hijos del jaguar<\/em><\/strong>. Direcci\u00f3n: Eriberto Benedicto Gualinga Montalvo.<\/p>\n<p style=\"text-align: center;\"><strong><em>La Antigua: Sangre que nutre<\/em><\/strong>. Espora Kolectivo.<\/p>\n<p style=\"text-align: center;\"><strong><em>La Fr\u00e1gil Armada<\/em><\/strong><strong>. Direcci\u00f3n: Jacques Kebadian y Joani Hocquenghem.<\/strong><\/p>\n<p style=\"text-align: center;\"><strong><em>Los rebeldes<\/em><\/strong><strong>. Direcci\u00f3n: Jacques Kebadian y Michel Andrieux.<\/strong><\/p>\n<p style=\"text-align: center;\"><strong><em>Petites historias das criancas<\/em><\/strong>. Direcci\u00f3n: Gabriele Salvadores<strong>. Guido Lazzarini, Fabio Scamoni.<\/strong><\/p>\n<p style=\"text-align: center;\"><strong><em>Slikebal: el comienzo.<\/em><\/strong><strong> Direcci\u00f3n: Bernardino L\u00f3pez.<\/strong><\/p>\n<p style=\"text-align: center;\">\n<p style=\"text-align: center;\"><u>Secci\u00f3n Especial: <strong><em>Ixmucan\u00e9<\/em><\/strong>.<\/u><\/p>\n<p style=\"text-align: center;\"><strong><em>500 a\u00f1os<\/em><\/strong>. Direcci\u00f3n:\u00a0Pamela Yates.<\/p>\n<p style=\"text-align: center;\"><strong><em>Mujer. Se va la vida compa\u00f1era<\/em><\/strong>. Direcci\u00f3n: Mariana Rivera.<\/p>\n<p style=\"text-align: center;\"><strong><em>Koltavanej<\/em><\/strong><em>.\u00a0<\/em>Direcci\u00f3n: Concepci\u00f3n Su\u00e1rez.<\/p>\n<p style=\"text-align: center;\"><strong><em>Mujeres que Luchan<\/em><\/strong>. Koman Ilel.<\/p>\n<p style=\"text-align: center;\"><strong><em>La Candidata Imposible<\/em><\/strong><strong>. Direcci\u00f3n: Rodrigo Hern\u00e1ndez y Elpida Nikou.<\/strong><\/p>\n<p style=\"text-align: center;\"><strong><em>Gira<\/em>. <\/strong><strong>Videoastas de la Frontera Sur.<\/strong><\/p>\n<p style=\"text-align: center;\"><strong><em>Las mujeres que luchan<\/em><\/strong>. Direcci\u00f3n: Roc\u00edo Mart\u00ednez Ts\u00b4ujul.<\/p>\n<p style=\"text-align: center;\"><strong>\u00a0<\/strong><strong><em>Hilo de la memoria<\/em><\/strong>. Direcci\u00f3n: Mariana Rivera.<\/p>\n<p style=\"text-align: center;\"><strong>\u00a0<\/strong><strong><em>Semillas de Guamuchil<\/em><\/strong>. Direcci\u00f3n: Carolina Corral.<\/p>\n<p style=\"text-align: center;\">\n<p style=\"text-align: center;\">Categor\u00eda <strong>Canta, Teje,\u00a0Baila, Juega, Cuenta esa memoria<\/strong>:<\/p>\n<p style=\"text-align: center;\"><strong><em>A morir a los desiertos<\/em><\/strong>. Direcci\u00f3n: Marta Ferrer.<\/p>\n<p style=\"text-align: center;\"><strong><em>Nuestra m\u00fasica<\/em><\/strong>. Direcci\u00f3n: Humberto G\u00f3mez P\u00e9rez.<\/p>\n<p style=\"text-align: center;\"><strong><em>Inocencia<\/em><\/strong> y <strong><em>Latzi\u00a0Duu<\/em><\/strong>. Campamento Audiovisual Itinerante.<\/p>\n<p style=\"text-align: center;\"><strong><em>La Comunidad del O\u00eddo Atento<\/em><\/strong>.\u00a0Direcci\u00f3n: Gabriela Dom\u00ednguez Ruvalcaba.<\/p>\n<p style=\"text-align: center;\"><strong><em>Oscar Ch\u00e1vez, Chiapas<\/em><\/strong>. Direcci\u00f3n: Modesto L\u00f3pez.<\/p>\n<p style=\"text-align: center;\">\n<p style=\"text-align: center;\">Categor\u00eda <strong>Mientras tanto, all\u00e1 arriba\u2026:<\/strong><\/p>\n<p style=\"text-align: center;\"><u>Secci\u00f3n Especial: La Cuarta Transformaci\u00f3n\u2026\u00a0de una pel\u00edcula.<\/u><\/p>\n<p style=\"text-align: center;\">El secretario: <em>Sonr\u00eda, se\u00f1or Licenciado, ya le traje su nueva chaqueta y es un <\/em>PRIMOR.<\/p>\n<p style=\"text-align: center;\">El\u00a0se\u00f1or licenciado: <em>\u00bfY ahora cu\u00e1l color toca?<\/em><\/p>\n<p style=\"text-align: center;\"><strong><em>La Ley de Herodes<\/em><\/strong>. Direcci\u00f3n: Luis Estrada.<\/p>\n<p style=\"text-align: center;\"><strong><em>Un mundo maravilloso<\/em><\/strong>. Direcci\u00f3n: Luis Estrada.<\/p>\n<p style=\"text-align: center;\"><strong><em>El Infierno<\/em><\/strong>. Direcci\u00f3n: Luis Estrada.<\/p>\n<p style=\"text-align: center;\"><strong><em>La Dictadura Perfecta. <\/em><\/strong>Direcci\u00f3n: Luis Estrada.<\/p>\n<p style=\"text-align: center;\">\n<p style=\"text-align: center;\"><u>Secci\u00f3n Especial: L@s Ric@s tambi\u00e9n deben.<\/u><\/p>\n<p style=\"text-align: center;\"><strong><em>Las Ni\u00f1as Bien<\/em><\/strong>. Direcci\u00f3n: Alejandra M\u00e1rquez.<\/p>\n<p style=\"text-align: center;\">\n<p style=\"text-align: center;\"><u>Secci\u00f3n Especial: Ladr\u00f3n que roba a Ladr\u00f3n.<\/u><\/p>\n<p style=\"text-align: center;\"><strong><em>La piedra ausente<\/em><\/strong>. Direcci\u00f3n: Sandra Rozental y Jesse Lerner.<\/p>\n<p style=\"text-align: center;\"><strong><em>Museo<\/em><\/strong>. Direcci\u00f3n: Alonso Ruizpalacios.<\/p>\n<p style=\"text-align: center;\">\n<p style=\"text-align: center;\">Categor\u00eda: <strong>Ni perd\u00f3n, ni olvido.<\/strong><\/p>\n<p style=\"text-align: center;\"><u>Secci\u00f3n Especial: Una herida llamada Ayotzinapa.<\/u><\/p>\n<p style=\"text-align: center;\"><strong><em>El paso de la Tortuga<\/em><\/strong>. Direcci\u00f3n: Enrique Garc\u00eda Meza.<\/p>\n<p style=\"text-align: center;\"><strong><em>Nos faltan<\/em><\/strong>. Direcci\u00f3n: Luc\u00eda Gaj\u00e1 y Emilio Ramos.<\/p>\n<p style=\"text-align: center;\">\n<p style=\"text-align: center;\">Categor\u00eda: \u201c<strong>Te saludamos, siempre<\/strong>\u201d<\/p>\n<p style=\"text-align: center;\"><strong><em>A Desalambrar con Daniel Viglietti<\/em><\/strong>.\u00a0Direcci\u00f3n: Jorge Denti.<\/p>\n<p style=\"text-align: center;\">\n<p style=\"text-align: center;\">Categor\u00eda <strong>Mirarse en\u00a0\u00a0 el Espejo<\/strong>:<\/p>\n<p style=\"text-align: center;\"><strong><em>Spajel Cuxlejalil<\/em><\/strong> (Comparando Vidas).<\/p>\n<p style=\"text-align: center;\">Documental en lengua Tzeltal, con subt\u00edtulos en espa\u00f1ol. Los Tercios Compas.<\/p>\n<p style=\"text-align: center;\"><strong><em>Lak Tatucho\u2019b yi\u2019k\u2019oty lak chuchu\u00b4tyi finca<\/em><\/strong> (Los abuelos y abuelas en las fincas).<\/p>\n<p style=\"text-align: center;\">Documental en lengua\u00a0Chol, con subt\u00edtulos en espa\u00f1ol. Los\u00a0Tercios Compas.<\/p>\n<p style=\"text-align: center;\"><strong><em>Muku Sh\u00e4mbal<\/em><\/strong> (Caminar en silencio).<\/p>\n<p style=\"text-align: center;\">Documental en lengua Chol, con subt\u00edtulos en espa\u00f1ol. Los\u00a0Tercios Compas.<\/p>\n<p style=\"text-align: center;\"><strong><em>Yoyal xkuxlej stuk jteklum xchi\u00b4uk xkuxlejik sviniktak chopol\u00a0ajualil<\/em><\/strong><em>.<\/em> (El pilar de la autonom\u00eda y la vida de los partidistas). Documental en lengua Tzotzil y Espa\u00f1ol. Los Tercios Compas.<\/p>\n<p>&nbsp;<\/p>\n<p style=\"text-align: center;\"><strong>-*-<\/strong><\/p>\n<p>&nbsp;<\/p>\n<p>NOTA IMPORTANTE: Este Primer Festival de Cine \u201c<strong><em>Puy Ta Cuxlejaltic<\/em><\/strong>\u201d (\u201cCaracol de Nuestra Vida\u201d) est\u00e1 ideado FUNDAMENTALMENTE para los pueblos originarios zapatistas, para su mirada y la mirada de las personas, que trabajan en o en torno al cine ficci\u00f3n y el cine documental, que han sido invitadas. Por lo mismo, los asientos en las salas de cine: \u201cCinema Infantil Emiliano Zapata 3D\u201d (o sea 3 direcciones; o sea que tiene 3 pantallas ah\u00ed mismo, pero una mira para un lado y otras miran para otro lado), con 1800 asientos; y la \u201cSala de Cine Comandanta Ramona\u201d -DCP con Sonido Dolby- (no, yo tampoco s\u00e9 qu\u00e9 quiere decir, pero nos dijeron que se mira y se escucha bien la pel\u00edcula; el aparato lo prestaron el equipo de producci\u00f3n, el equipo t\u00e9cnico y Alfonso Cuar\u00f3n, tod@s del filme \u201cRoma\u201d, y s\u00f3lo es para los d\u00edas que dura el festival), con 2000 asientos; estos asientos son preferenciales para las mujeres, hombres, ni\u00f1os y ancianos zapatistas; y para las personas invitadas. O sea que entran los compas primero, junto con invitados, y ya si hay lugar, pues entran los dem\u00e1s (lo que, sinceramente,\u00a0parece dif\u00edcil porque, al menos para los primeros d\u00edas, se espera un p\u00fablico zapatista de, al menos, 4 mil encapuchad@s).<\/p>\n<p>Pero no ponerse tristes. Tambi\u00e9n tenemos el \u201cPie Cinema Maya\u201d (no se admiten autos), que es al aire libre y tiene un cupo de m\u00e1s de 10 mil aficionados al cine. Claro, las exhibiciones ah\u00ed dependen de si llueve o no, y deben ser cuando ya oscurece. Por esto es que esa mega sala s\u00f3lo se usar\u00e1 para algunas exhibiciones de las 1800 horas en adelante.<\/p>\n<p>Tambi\u00e9n habr\u00e1, gracias al apoyo de artistas ciudadan@s, actividades musicales, teatro, danza, exposici\u00f3n fotogr\u00e1fica y cuenta cuentos, en pabellones instalados alrededor del \u201cPie Cinema Maya\u201d.<\/p>\n<p>Ya con esto, usted puede decidir si se da una vuelta o prefiere esperar las proyecciones que se realizar\u00e1n en el CIDECI-UniTierra de San Crist\u00f3bal de las Casas, Chiapas, de acuerdo a su programa.<\/p>\n<p>El acceso al caracol de Oventik durante el festival, s\u00f3lo ser\u00e1 para invitad@s y asistentes registrados. Al CIDECI ser\u00e1 con<br \/>\nregistro.<\/p>\n<p>Para registrarse como asistente, por favor enviar sus datos al correo:<\/p>\n<p style=\"text-align: center;\"><a href=\"mailto:festivalcine@enlacezapatista.org.mx\">festivalcine@enlacezapatista.org.mx<\/a><\/p>\n<p style=\"text-align: center;\">Desde el \u201c<em>Piecinema<\/em> <strong>Maya<\/strong> (no se admiten autos)\u201d (la cancha de baloncesto pues)<br \/>\nPor la Comisi\u00f3n Sexta del EZLN.<\/p>\n<p style=\"text-align: center;\">El Sup Galeano en modo \u201cat\u00e1squense que hay lodo\u201d con un tambo de palomitas.<br \/>\n\u00bfEh? Pues por si se acaban a la mera hora, mejor de una vez.<br \/>\nAdem\u00e1s, estoy bravo porque no pusieron \u201cLa Nave de los Monstruos\u201d, haiga cosa, \u00a1Aj\u00faa!<br \/>\nM\u00e9xico, Octubre del 2018.<\/p>\n<p>&nbsp;<\/p>\n<hr \/>\n<p style=\"text-align: center;\"><iframe loading=\"lazy\" src=\"https:\/\/www.youtube.com\/embed\/dTzyL80IfYQ\" width=\"560\" height=\"315\" frameborder=\"0\" allowfullscreen=\"allowfullscreen\"><\/iframe><\/p>\n<p>Snow-White. Blanca nieves. Dave Fleischer. 1933. 7 min. Direcci\u00f3n Animaci\u00f3n de Roland C. Crandall. T\u00e9cnica de Rotoscopio. Voces protagonistas de Mae Questel y Cab Calloway.<\/p>\n<p style=\"text-align: center;\"><iframe loading=\"lazy\" src=\"https:\/\/www.youtube.com\/embed\/bUER0q9IDXw\" width=\"560\" height=\"315\" frameborder=\"0\" allowfullscreen=\"allowfullscreen\"><\/iframe><\/p>\n<p>\u201cRear Window\u201d. Alfred Hitchcock. 1954. Primeros 7 min. Con James Stewart, Grace Kelly, Wendell Corey y Thelma Ritter. Gui\u00f3n: John Michael Hayes. Director de fotograf\u00eda: Robert Burks. Edici\u00f3n: George Tomassini. Vestuario: Edith Head. Maquillaje:\u00a0 Wally Westmore. Sonido: Harry Lindgren y John Cope. Direcci\u00f3n de arte: Hal Pereira y Joshep MacMillan Jhonson. Escenograf\u00eda:<br \/>\nSam Comer y Ray Moyer. Asistente de Direcci\u00f3n: Herbert Coleman. M\u00fasica: Franz Waxman.<\/p>\n<p style=\"text-align: center;\"><iframe loading=\"lazy\" src=\"https:\/\/www.youtube.com\/embed\/_vXFJpXLk_c\" width=\"560\" height=\"315\" frameborder=\"0\" allowfullscreen=\"allowfullscreen\"><\/iframe><\/p>\n<p>Collage de carteles de \u201cLa Nave de los Monstruos\u201d. Rogelio A. Gonz\u00e1lez. 1960. Un cl\u00e1sico internacional del cine de ciencia ficci\u00f3n. Pel\u00edcula de culto. Con Eulalio Gonz\u00e1lez El Piporro, Ana Bertha Lepe y Lorena Vel\u00e1zquez.<\/p>","protected":false},"excerpt":{"rendered":"<p>Fuente: Enlace Zapatista Comisi\u00f3n Sexta del EZLN. M\u00e9xico. Octubre del 2018. Programa de exhibiciones en el festival de cine \u201cPuy ta Cuxlejaltic\u201d Atenci\u00f3n: Por causas de fuerza menor, las fechas de este primer festival se extienden hasta el 9 de noviembre inclusive. Se exhibir\u00e1n los siguientes filmes (en su categor\u00eda respectiva): &nbsp; Categor\u00eda Ah, \u00bfte [&hellip;]<\/p>\n","protected":false},"author":1,"featured_media":28404,"comment_status":"open","ping_status":"closed","sticky":false,"template":"","format":"standard","meta":{"footnotes":""},"categories":[6,118,955,222],"tags":[1139,1231,644,926],"class_list":["post-28966","post","type-post","status-publish","format-standard","has-post-thumbnail","hentry","category-chiapas","category-ezln","category-ezln-temas","category-video","tag-artes","tag-cine","tag-comunicados-ezln","tag-ezln"],"_links":{"self":[{"href":"https:\/\/radiozapatista.org\/index.php?rest_route=\/wp\/v2\/posts\/28966","targetHints":{"allow":["GET"]}}],"collection":[{"href":"https:\/\/radiozapatista.org\/index.php?rest_route=\/wp\/v2\/posts"}],"about":[{"href":"https:\/\/radiozapatista.org\/index.php?rest_route=\/wp\/v2\/types\/post"}],"author":[{"embeddable":true,"href":"https:\/\/radiozapatista.org\/index.php?rest_route=\/wp\/v2\/users\/1"}],"replies":[{"embeddable":true,"href":"https:\/\/radiozapatista.org\/index.php?rest_route=%2Fwp%2Fv2%2Fcomments&post=28966"}],"version-history":[{"count":2,"href":"https:\/\/radiozapatista.org\/index.php?rest_route=\/wp\/v2\/posts\/28966\/revisions"}],"predecessor-version":[{"id":28968,"href":"https:\/\/radiozapatista.org\/index.php?rest_route=\/wp\/v2\/posts\/28966\/revisions\/28968"}],"wp:featuredmedia":[{"embeddable":true,"href":"https:\/\/radiozapatista.org\/index.php?rest_route=\/wp\/v2\/media\/28404"}],"wp:attachment":[{"href":"https:\/\/radiozapatista.org\/index.php?rest_route=%2Fwp%2Fv2%2Fmedia&parent=28966"}],"wp:term":[{"taxonomy":"category","embeddable":true,"href":"https:\/\/radiozapatista.org\/index.php?rest_route=%2Fwp%2Fv2%2Fcategories&post=28966"},{"taxonomy":"post_tag","embeddable":true,"href":"https:\/\/radiozapatista.org\/index.php?rest_route=%2Fwp%2Fv2%2Ftags&post=28966"}],"curies":[{"name":"wp","href":"https:\/\/api.w.org\/{rel}","templated":true}]}}