{"id":28309,"date":"2018-09-27T10:59:04","date_gmt":"2018-09-27T15:59:04","guid":{"rendered":"https:\/\/radiozapatista.org\/?p=28309"},"modified":"2018-09-27T11:04:18","modified_gmt":"2018-09-27T16:04:18","slug":"carlos-mejia-godoy-escribe-cancion-para-las-madres-y-familiares-de-los-43-de-ayotzinapa","status":"publish","type":"post","link":"https:\/\/radiozapatista.org\/?p=28309","title":{"rendered":"Carlos Mej\u00eda Godoy escribe canci\u00f3n para las madres y familiares de los 43 de Ayotzinapa"},"content":{"rendered":"<p>El cantautor Carlos Mej\u00eda Godoy escribi\u00f3 esta canci\u00f3n in\u00e9dita para las madres y familiares de los 43 normalistas desaparecidos de Ayotzinapa. En sus palabras: &#8220;Mi rola solidaria con las madres de Ayotzinapa, con un abrazo especial para ellas con toda mi devoci\u00f3n y respeto\u201d.<\/p>\n<p>[podcast]https:\/\/radiozapatista.org\/wp-content\/uploads\/2018\/09\/AUD-20180926-WA0009.mp3[\/podcast]<\/p>","protected":false},"excerpt":{"rendered":"<p>El cantautor Carlos Mej\u00eda Godoy escribi\u00f3 esta canci\u00f3n in\u00e9dita para las madres y familiares de los 43 normalistas desaparecidos de Ayotzinapa. En sus palabras: &#8220;Mi rola solidaria con las madres de Ayotzinapa, con un abrazo especial para ellas con toda mi devoci\u00f3n y respeto\u201d. [podcast]https:\/\/radiozapatista.org\/wp-content\/uploads\/2018\/09\/AUD-20180926-WA0009.mp3[\/podcast]<\/p>\n","protected":false},"author":1,"featured_media":28312,"comment_status":"open","ping_status":"closed","sticky":false,"template":"","format":"standard","meta":{"footnotes":""},"categories":[1,954,953],"tags":[1139,929,244,1230],"class_list":["post-28309","post","type-post","status-publish","format-standard","has-post-thumbnail","hentry","category-audio","category-mexico","category-mundo","tag-artes","tag-ayotzinapa","tag-desaparecidos","tag-musica"],"_links":{"self":[{"href":"https:\/\/radiozapatista.org\/index.php?rest_route=\/wp\/v2\/posts\/28309","targetHints":{"allow":["GET"]}}],"collection":[{"href":"https:\/\/radiozapatista.org\/index.php?rest_route=\/wp\/v2\/posts"}],"about":[{"href":"https:\/\/radiozapatista.org\/index.php?rest_route=\/wp\/v2\/types\/post"}],"author":[{"embeddable":true,"href":"https:\/\/radiozapatista.org\/index.php?rest_route=\/wp\/v2\/users\/1"}],"replies":[{"embeddable":true,"href":"https:\/\/radiozapatista.org\/index.php?rest_route=%2Fwp%2Fv2%2Fcomments&post=28309"}],"version-history":[{"count":1,"href":"https:\/\/radiozapatista.org\/index.php?rest_route=\/wp\/v2\/posts\/28309\/revisions"}],"predecessor-version":[{"id":28313,"href":"https:\/\/radiozapatista.org\/index.php?rest_route=\/wp\/v2\/posts\/28309\/revisions\/28313"}],"wp:featuredmedia":[{"embeddable":true,"href":"https:\/\/radiozapatista.org\/index.php?rest_route=\/wp\/v2\/media\/28312"}],"wp:attachment":[{"href":"https:\/\/radiozapatista.org\/index.php?rest_route=%2Fwp%2Fv2%2Fmedia&parent=28309"}],"wp:term":[{"taxonomy":"category","embeddable":true,"href":"https:\/\/radiozapatista.org\/index.php?rest_route=%2Fwp%2Fv2%2Fcategories&post=28309"},{"taxonomy":"post_tag","embeddable":true,"href":"https:\/\/radiozapatista.org\/index.php?rest_route=%2Fwp%2Fv2%2Ftags&post=28309"}],"curies":[{"name":"wp","href":"https:\/\/api.w.org\/{rel}","templated":true}]}}