{"id":28121,"date":"2018-08-19T10:31:10","date_gmt":"2018-08-19T15:31:10","guid":{"rendered":"https:\/\/radiozapatista.org\/?p=28121"},"modified":"2018-08-19T10:31:10","modified_gmt":"2018-08-19T15:31:10","slug":"mensaje-de-mumia-en-apoyo-a-la-y-los-presos-politicos-de-san-pedro-tlanixco","status":"publish","type":"post","link":"https:\/\/radiozapatista.org\/?p=28121","title":{"rendered":"[:es]Mensaje de Mumia en apoyo a la y los presos pol\u00edticos de San Pedro Tlanixco[:]"},"content":{"rendered":"<p>[:es]Desde las monta\u00f1as ind\u00edgenas de M\u00e9xico<br \/>\npor Mumia Abu-Jamal.<\/p>\n<div class=\"text_exposed_show\">\n<p>\u00c9sta es una vieja historia, no s\u00f3lo porque se inici\u00f3 hace m\u00e1s de una d\u00e9cada y media y se arreci\u00f3 en 2003, sino porque involucra los descendientes de un pueblo antiguo de los pueblos ind\u00edgenas de las Am\u00e9ricas.<\/p>\n<p>En las monta\u00f1as a pocas horas en coche al oeste de la Ciudad de M\u00e9xico, se encuentra San Pedro Tlanixco, un pueblo ind\u00edgena nahua.<\/p>\n<p>Durante a\u00f1os la gente del pueblo se dedicaba a cuidar los bosques, a la siembra, y al trueque de hongos m\u00e1gicos.<br \/>\nAntes del a\u00f1o 2000, varias grandes empresas flor\u00edcolas intentaron acapararse toda el agua del pueblo. La comunidad se rebel\u00f3 y como un acto de protesta, hizo un gran bloqueo de carretera.<\/p>\n<p>La clase adinerada convoc\u00f3 a sus asesinos a sueldo y en un abrir y cerrar de ojos, la violencia cay\u00f3 sobre San Pedro Tlanixco. Media docena de personas, cinco hombres y una mujer, fueron acusados de asesinar al representante de las empresas flor\u00edcolas, Isaac Basso. Seg\u00fan la palabra de los pobladores, Basso se resbal\u00f3 \u00e9l mismo y se cay\u00f3 en una barranca.<\/p>\n<p>Pero poco import\u00f3 esto a las autoridades. Seis integrantes del Comit\u00e9 de Agua de Tlanixco, quienes se hab\u00edan organizado para resistir la confiscaci\u00f3n del agua por las empresas flor\u00edcolas, ser\u00edan castigados. Ella y ellos recibieron sentencias de m\u00e1s de 50 a\u00f1os por defender el agua.<\/p>\n<p>Son Dominga Gonz\u00e1lez Mart\u00ednez, Lorenzo S\u00e1nchez Berrioz\u00e1bal, Marco Antonio P\u00e9rez Gonz\u00e1lez, Pedro S\u00e1nchez Berrioz\u00e1bal, R\u00f3mulo Arias M\u00edreles and Te\u00f3filo P\u00e9rez Gonz\u00e1lez.<\/p>\n<p>Son seis presos pol\u00edticos ind\u00edgenas del Estado liberal y neoliberal en M\u00e9xico. Otros compa\u00f1eros han sido acusados del supuesto delito, pero no capturados.<\/p>\n<p>\u00a1Ap\u00f3yenlos en su lucha justa por el agua que fluye en las monta\u00f1as!<\/p>\n<p>Desde la naci\u00f3n encarcelada, soy Mumia Abu-Jamal.<\/p>\n<p>\u2013\u00a9\u201918 MAJ<br \/>\n16 de agosto de 2018<br \/>\nAudio grabado por Noelle Hanrahan: <a href=\"https:\/\/l.facebook.com\/l.php?u=http%3A%2F%2Fwww.prisonradio.org%2Fmedia%2Faudio%2Fmumia%2Fmessage-mexicos-indigenous-mountains-214-mumia-abu-jamal&amp;h=AT2jiO6o321bph-WDZLuCWeHjgxL4NfC-30vmVKbELKN55umEKZmt1O2myj1Qj4niO8n4qK_S-1BKLtt7L_n0c-mJfF9uD0jOs4tcK-5bYKmU1WtHO7B6ANegBrq5tApNupdEYmCGsEYV2VmOXbQ8VrBY3v2BuAehRgrxkngkY4IltsUzptvJWjxG7DYeaTk-YYJdfwBjqAmPMzmhcp8GgWzo5id4orVDAQ-5dRY3I080ogze74tMMwDyJAhm5eGXPAQd5MfitiHAFyrX52fstL7ccX7kpr6D9HOylYK7HCOM1iuDcHZaJNifdelcQFyN7weBe4G2s7N6tgFQiOcso8WmT_uNPT3X8U2h3I\" target=\"_blank\" rel=\"noopener nofollow\" data-ft=\"{&quot;tn&quot;:&quot;-U&quot;}\" data-lynx-mode=\"async\">http:\/\/www.prisonradio.org\/\u2026\/message-mexicos-indigenous-mou\u2026<\/a><br \/>\nTexto circulado por Fatirah Litestar01@aol.com<br \/>\nTraducci\u00f3n Amig@s de Mumia, M\u00e9xico<\/p>\n<\/div>\n<p>[:]<\/p>\n","protected":false},"excerpt":{"rendered":"<p>[:es]Desde las monta\u00f1as ind\u00edgenas de M\u00e9xico por Mumia Abu-Jamal. \u00c9sta es una vieja historia, no s\u00f3lo porque se inici\u00f3 hace m\u00e1s de una d\u00e9cada y media y se arreci\u00f3 en 2003, sino porque involucra los descendientes de un pueblo antiguo de los pueblos ind\u00edgenas de las Am\u00e9ricas. En las monta\u00f1as a pocas horas en coche [&hellip;]<\/p>\n","protected":false},"author":1,"featured_media":0,"comment_status":"open","ping_status":"closed","sticky":false,"template":"","format":"standard","meta":{"footnotes":""},"categories":[1024,826,953,183,962],"tags":[579,473,567,72,951],"class_list":["post-28121","post","type-post","status-publish","format-standard","hentry","category-cni-temas","category-medios-libres-2","category-mundo","category-blog","category-presos","tag-agua","tag-ecologia","tag-megaproyectos","tag-mumia-abu-jamal","tag-tlanixco"],"_links":{"self":[{"href":"https:\/\/radiozapatista.org\/index.php?rest_route=\/wp\/v2\/posts\/28121","targetHints":{"allow":["GET"]}}],"collection":[{"href":"https:\/\/radiozapatista.org\/index.php?rest_route=\/wp\/v2\/posts"}],"about":[{"href":"https:\/\/radiozapatista.org\/index.php?rest_route=\/wp\/v2\/types\/post"}],"author":[{"embeddable":true,"href":"https:\/\/radiozapatista.org\/index.php?rest_route=\/wp\/v2\/users\/1"}],"replies":[{"embeddable":true,"href":"https:\/\/radiozapatista.org\/index.php?rest_route=%2Fwp%2Fv2%2Fcomments&post=28121"}],"version-history":[{"count":1,"href":"https:\/\/radiozapatista.org\/index.php?rest_route=\/wp\/v2\/posts\/28121\/revisions"}],"predecessor-version":[{"id":28122,"href":"https:\/\/radiozapatista.org\/index.php?rest_route=\/wp\/v2\/posts\/28121\/revisions\/28122"}],"wp:attachment":[{"href":"https:\/\/radiozapatista.org\/index.php?rest_route=%2Fwp%2Fv2%2Fmedia&parent=28121"}],"wp:term":[{"taxonomy":"category","embeddable":true,"href":"https:\/\/radiozapatista.org\/index.php?rest_route=%2Fwp%2Fv2%2Fcategories&post=28121"},{"taxonomy":"post_tag","embeddable":true,"href":"https:\/\/radiozapatista.org\/index.php?rest_route=%2Fwp%2Fv2%2Ftags&post=28121"}],"curies":[{"name":"wp","href":"https:\/\/api.w.org\/{rel}","templated":true}]}}