{"id":28119,"date":"2018-08-17T15:47:46","date_gmt":"2018-08-17T20:47:46","guid":{"rendered":"https:\/\/radiozapatista.org\/?p=28119"},"modified":"2018-08-17T15:47:46","modified_gmt":"2018-08-17T20:47:46","slug":"solidaridad-con-familias-desplazadas-de-chalchihuitan-chiapas","status":"publish","type":"post","link":"https:\/\/radiozapatista.org\/?p=28119","title":{"rendered":"[:es]Solidaridad con familias desplazadas de Chalchihuit\u00e1n, Chiapas[:]"},"content":{"rendered":"<p>[:es]<\/p>\n<p style=\"text-align: center;\"><img loading=\"lazy\" decoding=\"async\" class=\"alignnone size-medium\" src=\"https:\/\/2.bp.blogspot.com\/--L_5SpXRI20\/W3b2MjuEMpI\/AAAAAAAAKps\/hYfVpDTgnmccNnjTssxmwgaOIzv-xw9uwCLcBGAs\/s320\/desplazadas.jpg\" width=\"320\" height=\"240\" \/><\/p>\n<p style=\"text-align: right;\">Di\u00f3cesis de San Crist\u00f3bal de las Casas; Chiapas, M\u00e9xico<br \/>\n15 de agosto 2018<\/p>\n<p>A los Hombres y las mujeres de Buena Voluntad, creyentes y no creyentes.<\/p>\n<p>El presente documento propone visibilizar el problema social ocasionado por los desplazamientos forzados de que han sido objeto personas de las parroquias de San Pablo Chalchihuit\u00e1n y San Andr\u00e9s Larrainzar. El problema se acentu\u00f3 debido a que toda la Regi\u00f3n de los Altos de Chiapas ha sido el escenario de m\u00faltiples episodios de violencia y conflictividad permanente por razones territoriales con intervenciones de paramilitares. En diciembre 1997, ocurri\u00f3 la masacre de 45 personas en la comunidad de Acteal.<\/p>\n<p>Estos asesinatos y otros incidentes de naturaleza pol\u00edtico-territorial son el antecedente que facilit\u00f3 que en 2017 grupos civiles armados encontraran poca resistencia para provocar que m\u00e1s de 5,000 personas de Chalchihuitan y Chenalho huyeran de sus hogares y se refugiaran en las monta\u00f1as y en 2018 habitantes de Aldama y Chenalho vivieran la misma situaci\u00f3n de desplazamiento.<\/p>\n<h4>Actualidad<\/h4>\n<p>El conflicto ha escalado hasta el punto en el que al d\u00eda de hoy 15 de agosto de 2018 a\u00fan existen cerca de 1,450 personas desplazadas, unas 4000 personas retornadas, pero que a\u00fan no han podido regresar a su vida normal y los desplazados est\u00e1n organizados en 10 campamentos que requieren de servicios b\u00e1sicos, alimentaci\u00f3n, refugio, salud y art\u00edculos de higiene personal para subsistir en espera de una resoluci\u00f3n.<\/p>\n<p>Quienes han tratado de volver a sus hogares, no lo han logrado debido a que son objeto de disparos disuasivos y amenazas que los obligan en \u00faltima instancia a regresar a los campamentos, se puede decir con seguridad que la poblaci\u00f3n actual de los campos de desplazados est\u00e1 formada principalmente por ancianos, mujeres, adolescentes y ni\u00f1os peque\u00f1os.<!--more--><\/p>\n<p>Poblaci\u00f3n de los municipios de Chalchihuit\u00e1n, Aldama y Chenalho atraviesa por una situaci\u00f3n general de desabasto de ma\u00edz debido no pudieron sembrar la torna-milpa como acostumbran hacerlo en los meses de octubre, noviembre y diciembre y existen reportes de que las parcelas de los desplazados ya son ocupadas por quienes los desplazaron.<\/p>\n<p>Los da\u00f1os al modo de vida de estas personas podr\u00edan ser permanentes, hoy no tienen acceso a sus campos de cultivo, y en consecuencia, no pueden trabajar y generar ingresos para sus familias, as\u00ed que los problemas de salud y nutrici\u00f3n son ya una lastimosa parte de su realidad diaria.<\/p>\n<p>Esto tambi\u00e9n pone presi\u00f3n sobre el ya de por s\u00ed empobrecido tejido social estos municipios; las condiciones de las personas desplazadas, sus necesidades y sus limitaciones econ\u00f3micas provocan que incluso quienes no fueron desplazados han sido afectados.<\/p>\n<p>Se requiere de apoyo para fortalecer los procesos resilientes que est\u00e1 viviendo la poblaci\u00f3n desplazada y retornada. Concepto de resiliencia (A\u00fan en las peores condiciones las personas tenemos la posibilidad de superar situaciones no s\u00f3lo para sobrevivir sino tambi\u00e9n para prosperar).<\/p>\n<p>El esfuerzo de recuperaci\u00f3n de la vida familiar y comunitaria, est\u00e1 siendo acompa\u00f1ado por la PASTORAL SOCIAL, CARITAS DE LA DIOCESIS DE SAN CRISTOBAL DE LAS CASAS Y ORGANIZACI\u00d3NES DE LA SOCIEDAD CIVIL; comprometidas con la paz, motivadas por la solidaridad y con una relaci\u00f3n de cercan\u00eda con la poblaci\u00f3n afectada construida a trav\u00e9s de a\u00f1os de acompa\u00f1amiento y b\u00fasqueda de alternativas para el crecimiento comunitario.<\/p>\n<p>\u201cLa violencia en M\u00e9xico es un problema sist\u00e9mico, que empieza en el momento en que somos indiferentes ante ella\u201d.<br \/>\n\u201cLa solidaridad y la cooperaci\u00f3n son actitudes clave para resolver los problemas que la violencia ocasiona\u201d.<br \/>\n\u201cTodos podemos revertir este estado de violencia, si decidimos actuar\u201d.<\/p>\n<p>Apoya &#8211; Conoce &#8211; Comparte &#8211; Concientiza &#8211; Dona &#8211; Presiona<\/p>\n<p>Descripci\u00f3n de la Metodolog\u00eda<\/p>\n<p>1. Las familias desplazadas o retornadas que necesitan ma\u00edz, se organizan por comunidad, hacen una lista con nombre del jefe o jefa de familia y la cantidad de ma\u00edz que necesitan de manera mensual seg\u00fan los miembros de las mismas.<br \/>\n2. Juntan un % de dinero que acuerden por comunidad.<br \/>\n3. Presentan la solicitud de manera comunitaria.<br \/>\n4. Se organiza la compra con campesinos locales y se entrega el ma\u00edz en cada comunidad.<br \/>\n5. Con \u00e9l dinero recaudado se hace una siguiente compra y entrega de ma\u00edz, as\u00ed hasta que se supere la necesidad o termine el recurso.<br \/>\n6. Se eval\u00faa de manera mensual para corregir errores a tiempo.<br \/>\nReflexionemos El ma\u00edz es el alimento b\u00e1sico para estos pueblos originarios, con ellos elaboran: tortillas, tamales, tostadas, bebidas fr\u00edas y calientes.<\/p>\n<p>\u00bfSabes que s\u00f3lo necesitamos $10.00 pesos para comparar un kilo de ma\u00edz? Y apoyar a familias desplazadas y retornadas de Los Altos de Chiapas<\/p>\n<p>\u00a1Hay un camino para resolver este problema de alimentaci\u00f3n! \u00bfNos quieres ayudar?<\/p>\n<p>Lo puedes hacer de dos maneras:<\/p>\n<p>Primero: ayudando a difundir esta informaci\u00f3n en redes sociales, con tus conocidos, amigos y familiares; necesitamos que el mundo sepa que en M\u00e9xico hay desplazados.<br \/>\nSegundo: si puedes, ay\u00fadanos tambi\u00e9n donando en la cuenta bancaria de C\u00e1ritas de la Di\u00f3cesis de San Crist\u00f3bal de Las Casas A.C.<br \/>\nBANORTE<br \/>\nN\u00famero de cuenta: 0642624985<br \/>\nClave interbancaria: 072130006426249855<br \/>\nTITULAR: CARITAS DE SAN CRISTOBAL DE LAS CASAS A.C.<\/p>\n<p>Por favor env\u00edanos tus datos fiscales para la comprobaci\u00f3n necesaria a: caritas@caritasancristobal.org y caritasancristobalchiapas@gmail.com<\/p>\n<p>&#8221;Toda persona tiene derecho a la alimentaci\u00f3n nutritiva, suficiente y de calidad. El Estado lo debe garantizar.\u201d Los art\u00edculos 4\u00b0 y 27\u00b0 de la Constituci\u00f3n Pol\u00edtica de los Estados Unidos Mexicanos reconoce este derecho a la alimentaci\u00f3n.<\/p>\n<p>F R A T E R N A L M E N T E<\/p>\n<p>Norma Medina Sandoval<br \/>\nDirectora de Caritas de la Di\u00f3cesis<br \/>\nde San Crist\u00f3bal de las Casas<\/p>\n<p>Pbro. Marcelo P\u00e9rez P\u00e9rez<br \/>\nCoordinador de la Pastoral Social Diocesana y Provincial[:]<\/p>\n","protected":false},"excerpt":{"rendered":"<p>[:es] Di\u00f3cesis de San Crist\u00f3bal de las Casas; Chiapas, M\u00e9xico 15 de agosto 2018 A los Hombres y las mujeres de Buena Voluntad, creyentes y no creyentes. El presente documento propone visibilizar el problema social ocasionado por los desplazamientos forzados de que han sido objeto personas de las parroquias de San Pablo Chalchihuit\u00e1n y San [&hellip;]<\/p>\n","protected":false},"author":1,"featured_media":0,"comment_status":"open","ping_status":"closed","sticky":false,"template":"","format":"standard","meta":{"footnotes":""},"categories":[6,55,183],"tags":[1168,572,782,912,23],"class_list":["post-28119","post","type-post","status-publish","format-standard","hentry","category-chiapas","category-frayba","category-blog","tag-chalchihuitan","tag-desplazados","tag-desplazamiento-forzado","tag-narcoestado","tag-paramilitares"],"_links":{"self":[{"href":"https:\/\/radiozapatista.org\/index.php?rest_route=\/wp\/v2\/posts\/28119","targetHints":{"allow":["GET"]}}],"collection":[{"href":"https:\/\/radiozapatista.org\/index.php?rest_route=\/wp\/v2\/posts"}],"about":[{"href":"https:\/\/radiozapatista.org\/index.php?rest_route=\/wp\/v2\/types\/post"}],"author":[{"embeddable":true,"href":"https:\/\/radiozapatista.org\/index.php?rest_route=\/wp\/v2\/users\/1"}],"replies":[{"embeddable":true,"href":"https:\/\/radiozapatista.org\/index.php?rest_route=%2Fwp%2Fv2%2Fcomments&post=28119"}],"version-history":[{"count":1,"href":"https:\/\/radiozapatista.org\/index.php?rest_route=\/wp\/v2\/posts\/28119\/revisions"}],"predecessor-version":[{"id":28120,"href":"https:\/\/radiozapatista.org\/index.php?rest_route=\/wp\/v2\/posts\/28119\/revisions\/28120"}],"wp:attachment":[{"href":"https:\/\/radiozapatista.org\/index.php?rest_route=%2Fwp%2Fv2%2Fmedia&parent=28119"}],"wp:term":[{"taxonomy":"category","embeddable":true,"href":"https:\/\/radiozapatista.org\/index.php?rest_route=%2Fwp%2Fv2%2Fcategories&post=28119"},{"taxonomy":"post_tag","embeddable":true,"href":"https:\/\/radiozapatista.org\/index.php?rest_route=%2Fwp%2Fv2%2Ftags&post=28119"}],"curies":[{"name":"wp","href":"https:\/\/api.w.org\/{rel}","templated":true}]}}