{"id":27733,"date":"2018-08-12T16:54:46","date_gmt":"2018-08-12T21:54:46","guid":{"rendered":"https:\/\/radiozapatista.org\/?p=27733"},"modified":"2018-08-15T09:35:28","modified_gmt":"2018-08-15T14:35:28","slug":"desde-el-festival-comparte-zapatista-un-llamado-a-tods-los-que-se-rebelan-en-todos-los-rincones-del-mundo","status":"publish","type":"post","link":"https:\/\/radiozapatista.org\/?p=27733","title":{"rendered":"Desde el Festival CompArte Zapatista: \u201cUn llamado a tod@s los que se rebelan en todos los rincones del mundo\u201d"},"content":{"rendered":"<p>Altamirano Chiapas. 6 de agosto. Inicia en el caracol zapatista de \u201cMorelia\u201d, el festival: CompARTE POR LA VIDA Y LA LIBERTAD \u201c, P\u00edntale caracolitos a los malos gobiernos pasados, presentes y futuros\u201d, convocado por las Bases de Apoyo del EZLN.<\/p>\n<p>Del 6 al 9 de agosto, en el caracol ubicado en el municipio de Altamirano, se podr\u00e1n apreciar a musiquer@s, teatrer@s, bailador@s, pintor@s, escultor@s, declamador@s, etceter@s, de las comunidades zapatistas en resistencia y rebeld\u00eda, comunic\u00f3 la Comisi\u00f3n Sexta del EZ. De igual forma se presentar\u00e1n manifestaciones art\u00edsticas de asistentes nacionales e internacionales.<\/p>\n<p>Este 6 de agosto, en el templete principal del Caracol de Morelia, se estar\u00e1n presentando del caracol zapatista de Oventic, regi\u00f3n Altos, las obras de teatro: \u201cLos siete principios del Mandar Obedeciendo\u201d; \u201cla destrucci\u00f3n Ambiental y social\u201d y \u201cLa nueva forma de Autogobernarnos\u201d.<\/p>\n<p>Del caracol zapatista de Roberto Barrios, amenizar\u00e1n con m\u00fasica de mariachi los grupos: Las cinco estrellas; Orgullo Zapatista; La Voz del Pueblo; J\u00f3venes Rebeldes y Renacimiento Maya Chol. Tambi\u00e9n se presentar\u00e1n l@s solistas Ch\u00e1ntee; El Rebelde; Roy Ser; Voz de las Mujeres; Valero y Mi Ra\u00edz. La m\u00fasica de tr\u00edo no puede hacer falta por lo que este lunes se escuchar\u00e1n a los grupos: La flor y Semilla de la libertad. En este inicio del festival se podr\u00e1 disfrutar del duo \u201cCamino de la vida\u201d y de l@s int\u00e9rpretes de m\u00fasica Rap: Por la vida y estoy Aqu\u00ed.<\/p>\n<p>Otra obra de teatro que invita a la reflexi\u00f3n es la que presentar\u00e1n J\u00f3venes y J\u00f3venas del caracol anfitri\u00f3n, denominada: \u201cTrabajar para vivir o Trabajar para Morir?.<\/p>\n<p>Del Caracol de la Realidad, se podr\u00e1 disfrutar de la m\u00fasica de grupos como: Luchadores del Pueblo; Cro Eleazar; Los Bamex; Cro Manayer; T\u00f3came si puedes capitalista; Creadores Rebeldes del Sur; D\u00fac Rebelde; Tr\u00edo Rebelde; Los Primos; Cro Yorch; Hijos del Pueblo; Colibr\u00ed del sur; Juventud rebelde y Seguidores de la Lucha.<\/p>\n<p>Previo al inicio del festival, la tarde de este domingo cinco de agosto, al t\u00e9rmino del Encuentro de redes de apoyo al Concejo Ind\u00edgena de Gobierno (CIG), del Congreso Nacional Ind\u00edgena (CNI), el Subcomandante Mois\u00e9s al dirigirse a l@s asistentes, reiter\u00f3 la lectura que como zapatistas dan al contexto nacional e internacional actual. El vocero zapatista fue tajante al decir que no hay \u201cpatr\u00f3n bueno\u201d, en referencia a las diferentes formas de la explotaci\u00f3n y despojo capitalista y sus representantes, a los que equipar\u00f3 como \u201cCapataces\u201d (presidentes), \u201cMayordomos\u201d (gobernadores) y \u201cCaporal\u201d (presidentes municipales).<\/p>\n<p>Por su parte el subcomandante Galeano, siguiendo las palabras del subcomandante Mois\u00e9s, indic\u00f3 que cualquier capataz \u201cva ser enfrentado\u201d, esto al ver que el capitalismo est\u00e1 volviendo a los m\u00e9todos que le dieron origen, \u201cla guerra de conquista de nuevos territorios\u201d. Al darle prioridad al consumo la econom\u00eda mundial predadora, \u201cdestruir\u00e1 lo m\u00e1s que pueda\u201d, alert\u00f3 Galeano. Tambi\u00e9n se\u00f1al\u00f3 que las nuevas \u201cmercanc\u00edas\u201d del capitalismo, est\u00e1n en territorio de los pueblos originarios y son: el agua, la tierra, el aire, entre otros. Ante las crisis que produce el sistema como la migraci\u00f3n y cat\u00e1strofes naturales, \u201cel capitalismo est\u00e1 ensayando un repliegue hacia dentro como una antiglobalizaci\u00f3n para poder defenderse\u201d, expuso el vocero zapatista. Diferentes muros van a seguir levant\u00e1ndose y van a proliferar como archipi\u00e9lagos para separar a los ricos de los pobres, a\u00f1adi\u00f3.<\/p>\n<p>Galeano tambi\u00e9n destac\u00f3 el papel de los diferentes colectivos que trabajaron en apoyo al CIG y su vocera Mar\u00eda de Jes\u00fas Patricio Mart\u00ednez, en la recolecci\u00f3n de firmas para que \u201cMarichuy\u201d, lograra su registro como candidata a la presidencia de la rep\u00fablica. \u201cCon todo en contra, los colectivos y vocera, denunciaron al sistema depredador\u201d, expres\u00f3 el insurgente, que pese a que el registro oficial no se logr\u00f3, extern\u00f3 que junto con el congreso Nacional Ind\u00edgena (CNI) y los grupos de apoyo, ahora consultar\u00e1n hacer m\u00e1s grade el Concejo, esto para que esta iniciativa \u201cno absorba y anule las diferencias; sino que las potencie\u201d, a nivel internacional. \u201cNuestro llamado no es solo a los originarios, sino a tod@s los que se rebelan en todos los rincones del mundo\u201d, comparti\u00f3 el rebelde chiapaneco.<\/p>\n<p>COBERTURA DEL FESTIVAL COMPARTE:\u00a0<a href=\"https:\/\/www.facebook.com\/EnlaceZap\/?hc_ref=ARQyLElgcLeOImLsA3GuE2NDoPY2lEpyipbCkLY_e0Gd2Z6Iy9-uQ7NoBu2uXZJXjnA&amp;fref=nf\" target=\"_blank\" rel=\"noopener\">https:\/\/www.facebook.com\/EnlaceZap\/?hc_ref=ARQyLElgcLeOImLsA3GuE2NDoPY2lEpyipbCkLY_e0Gd2Z6Iy9-uQ7NoBu2uXZJXjnA&amp;fref=nf<\/a><\/p>\n<p>AUDIO DE LA CLAUSURA DEL ENCUENTRO DE REDES EN APOYO AL CIG:\u00a0<a href=\"https:\/\/archive.org\/details\/ezln_5ago2018_morelia\" target=\"_blank\" rel=\"noopener\">https:\/\/archive.org\/details\/ezln_5ago2018_morelia<\/a><\/p>\n<p>Texto e im\u00e1genes tomadas de <a href=\"http:\/\/www.pozol.org\/?p=16654\">Radio Pozol<\/a><\/p>","protected":false},"excerpt":{"rendered":"<p>Altamirano Chiapas. 6 de agosto. Inicia en el caracol zapatista de \u201cMorelia\u201d, el festival: CompARTE POR LA VIDA Y LA LIBERTAD \u201c, P\u00edntale caracolitos a los malos gobiernos pasados, presentes y futuros\u201d, convocado por las Bases de Apoyo del EZLN. Del 6 al 9 de agosto, en el caracol ubicado en el municipio de Altamirano, [&hellip;]<\/p>\n","protected":false},"author":14,"featured_media":27738,"comment_status":"open","ping_status":"closed","sticky":false,"template":"","format":"standard","meta":{"footnotes":""},"categories":[6,955,196],"tags":[1139,1151,63,992,644,56,148],"class_list":["post-27733","post","type-post","status-publish","format-standard","has-post-thumbnail","hentry","category-chiapas","category-ezln-temas","category-radio-pozol","tag-artes","tag-cig","tag-cni","tag-comparte","tag-comunicados-ezln","tag-encuentros","tag-resistencia"],"_links":{"self":[{"href":"https:\/\/radiozapatista.org\/index.php?rest_route=\/wp\/v2\/posts\/27733","targetHints":{"allow":["GET"]}}],"collection":[{"href":"https:\/\/radiozapatista.org\/index.php?rest_route=\/wp\/v2\/posts"}],"about":[{"href":"https:\/\/radiozapatista.org\/index.php?rest_route=\/wp\/v2\/types\/post"}],"author":[{"embeddable":true,"href":"https:\/\/radiozapatista.org\/index.php?rest_route=\/wp\/v2\/users\/14"}],"replies":[{"embeddable":true,"href":"https:\/\/radiozapatista.org\/index.php?rest_route=%2Fwp%2Fv2%2Fcomments&post=27733"}],"version-history":[{"count":2,"href":"https:\/\/radiozapatista.org\/index.php?rest_route=\/wp\/v2\/posts\/27733\/revisions"}],"predecessor-version":[{"id":27739,"href":"https:\/\/radiozapatista.org\/index.php?rest_route=\/wp\/v2\/posts\/27733\/revisions\/27739"}],"wp:featuredmedia":[{"embeddable":true,"href":"https:\/\/radiozapatista.org\/index.php?rest_route=\/wp\/v2\/media\/27738"}],"wp:attachment":[{"href":"https:\/\/radiozapatista.org\/index.php?rest_route=%2Fwp%2Fv2%2Fmedia&parent=27733"}],"wp:term":[{"taxonomy":"category","embeddable":true,"href":"https:\/\/radiozapatista.org\/index.php?rest_route=%2Fwp%2Fv2%2Fcategories&post=27733"},{"taxonomy":"post_tag","embeddable":true,"href":"https:\/\/radiozapatista.org\/index.php?rest_route=%2Fwp%2Fv2%2Ftags&post=27733"}],"curies":[{"name":"wp","href":"https:\/\/api.w.org\/{rel}","templated":true}]}}