{"id":27642,"date":"2018-07-17T08:51:57","date_gmt":"2018-07-17T13:51:57","guid":{"rendered":"https:\/\/radiozapatista.org\/?p=27642"},"modified":"2018-07-17T08:51:57","modified_gmt":"2018-07-17T13:51:57","slug":"notifrayba-libertad-para-alfredo-vidal-cordoba","status":"publish","type":"post","link":"https:\/\/radiozapatista.org\/?p=27642","title":{"rendered":"[:es]NotiFrayba: Libertad para Alfredo Vidal C\u00f3rdoba[:]"},"content":{"rendered":"<p>[:es]A 4 a\u00f1os de la injusta prisi\u00f3n de Alfredo Vidal C\u00f3rdoba, su familia mantiene la exigencia de su libertad y la lucha por la justicia.<\/p>\n<p><iframe loading=\"lazy\" width=\"100%\" height=\"300\" scrolling=\"no\" frameborder=\"no\" allow=\"autoplay\" src=\"https:\/\/w.soundcloud.com\/player\/?url=https%3A\/\/api.soundcloud.com\/tracks\/472597134&#038;color=%23ff5500&#038;auto_play=false&#038;hide_related=false&#038;show_comments=true&#038;show_user=true&#038;show_reposts=false&#038;show_teaser=true&#038;visual=true\"><\/iframe>[:]<\/p>\n","protected":false},"excerpt":{"rendered":"<p>[:es]A 4 a\u00f1os de la injusta prisi\u00f3n de Alfredo Vidal C\u00f3rdoba, su familia mantiene la exigencia de su libertad y la lucha por la justicia. [:]<\/p>\n","protected":false},"author":1,"featured_media":27643,"comment_status":"open","ping_status":"closed","sticky":false,"template":"","format":"standard","meta":{"footnotes":""},"categories":[1,6,962],"tags":[948,187],"class_list":["post-27642","post","type-post","status-publish","format-standard","has-post-thumbnail","hentry","category-audio","category-chiapas","category-presos","tag-presos","tag-tortura"],"_links":{"self":[{"href":"https:\/\/radiozapatista.org\/index.php?rest_route=\/wp\/v2\/posts\/27642","targetHints":{"allow":["GET"]}}],"collection":[{"href":"https:\/\/radiozapatista.org\/index.php?rest_route=\/wp\/v2\/posts"}],"about":[{"href":"https:\/\/radiozapatista.org\/index.php?rest_route=\/wp\/v2\/types\/post"}],"author":[{"embeddable":true,"href":"https:\/\/radiozapatista.org\/index.php?rest_route=\/wp\/v2\/users\/1"}],"replies":[{"embeddable":true,"href":"https:\/\/radiozapatista.org\/index.php?rest_route=%2Fwp%2Fv2%2Fcomments&post=27642"}],"version-history":[{"count":1,"href":"https:\/\/radiozapatista.org\/index.php?rest_route=\/wp\/v2\/posts\/27642\/revisions"}],"predecessor-version":[{"id":27644,"href":"https:\/\/radiozapatista.org\/index.php?rest_route=\/wp\/v2\/posts\/27642\/revisions\/27644"}],"wp:featuredmedia":[{"embeddable":true,"href":"https:\/\/radiozapatista.org\/index.php?rest_route=\/wp\/v2\/media\/27643"}],"wp:attachment":[{"href":"https:\/\/radiozapatista.org\/index.php?rest_route=%2Fwp%2Fv2%2Fmedia&parent=27642"}],"wp:term":[{"taxonomy":"category","embeddable":true,"href":"https:\/\/radiozapatista.org\/index.php?rest_route=%2Fwp%2Fv2%2Fcategories&post=27642"},{"taxonomy":"post_tag","embeddable":true,"href":"https:\/\/radiozapatista.org\/index.php?rest_route=%2Fwp%2Fv2%2Ftags&post=27642"}],"curies":[{"name":"wp","href":"https:\/\/api.w.org\/{rel}","templated":true}]}}