{"id":27553,"date":"2018-06-27T19:29:07","date_gmt":"2018-06-28T00:29:07","guid":{"rendered":"https:\/\/radiozapatista.org\/?p=27553"},"modified":"2018-06-27T19:29:07","modified_gmt":"2018-06-28T00:29:07","slug":"xitara-titsaya-nda-ya-kata-bitjoni-desde-eloxochitlan-al-planton-de-avenida-aztecas-215","status":"publish","type":"post","link":"https:\/\/radiozapatista.org\/?p=27553","title":{"rendered":"\u00a1XIT\u0100\u2019RA TITSAYA ND\u0100 YA KATA BITJONI! Desde Eloxochitl\u00e1n al planton de Avenida Aztecas #215"},"content":{"rendered":"<p><img loading=\"lazy\" decoding=\"async\" class=\"aligncenter\" title=\"IMG_6044\" src=\"http:\/\/esp.voicesinmovement.org\/wp-content\/uploads\/2018\/06\/IMG_6044-678x381.jpg\" alt=\"\" width=\"507\" height=\"285\" \/><\/p>\n<p>El pasado 22 de junio de 2018, familiares y compa\u00f1erxs de los presos pol\u00edticos de Eloxochitl\u00e1n de Flores Mag\u00f3n comunidad ind\u00edgena mazateca del estado de Oaxaca estuvieron presentes en el plant\u00f3n en Defensa del Agua, en Avenida Aztecas # 215 de la Ciudad de M\u00e9xico, ah\u00ed compartieron sus experiencias de resistencia y lucha. Compartieron con los asistentes, reflexiones sobre los efectos que han tenido la evasi\u00f3n de la justicia y la represi\u00f3n por parte de aquellos que concentran el poder en su comunidad y por parte de los representantes de la justicia en el Estado de Oaxaca. Finalmente dieron a conocer la situaci\u00f3n jur\u00eddica actual de los compa\u00f1eros encarcelados injustificadamente en diferentes penales del Estado. \u00a1Xit\u0101\u2019ra titsaya nd\u0101 ya kata bitjoni! \u00a1Presos pol\u00edticos libertad!<\/p>\n<p><a href=\"http:\/\/esp.voicesinmovement.org\/audios-xitara-titsaya-nda-ya-kata-bitjoni-desde-eloxochitlan-al-planton-de-avenida-aztecas-215\/\"><em><strong>(Sigue este link para escuchar los audios de este encuentro)<\/strong><\/em><\/a><\/p>\n<div class=\"wp-playlist wp-audio-playlist wp-playlist-light\">\n<div class=\"wp-playlist-current-item\"><\/div>\n<\/div>\n<div class=\"wp-playlist-tracks\">\n<div class=\"wp-playlist-item\">\n<div class=\"wp-playlist-item-length\"><\/div>\n<\/div>\n<\/div>\n<p><\/p>","protected":false},"excerpt":{"rendered":"<p>El pasado 22 de junio de 2018, familiares y compa\u00f1erxs de los presos pol\u00edticos de Eloxochitl\u00e1n de Flores Mag\u00f3n comunidad ind\u00edgena mazateca del estado de Oaxaca estuvieron presentes en el plant\u00f3n en Defensa del Agua, en Avenida Aztecas # 215 de la Ciudad de M\u00e9xico, ah\u00ed compartieron sus experiencias de resistencia y lucha. Compartieron con [&hellip;]<\/p>\n","protected":false},"author":13,"featured_media":0,"comment_status":"open","ping_status":"closed","sticky":false,"template":"","format":"standard","meta":{"footnotes":""},"categories":[51,826,954,183,962,935],"tags":[],"class_list":["post-27553","post","type-post","status-publish","format-standard","hentry","category-autor","category-medios-libres-2","category-mexico","category-blog","category-presos","category-temas"],"_links":{"self":[{"href":"https:\/\/radiozapatista.org\/index.php?rest_route=\/wp\/v2\/posts\/27553","targetHints":{"allow":["GET"]}}],"collection":[{"href":"https:\/\/radiozapatista.org\/index.php?rest_route=\/wp\/v2\/posts"}],"about":[{"href":"https:\/\/radiozapatista.org\/index.php?rest_route=\/wp\/v2\/types\/post"}],"author":[{"embeddable":true,"href":"https:\/\/radiozapatista.org\/index.php?rest_route=\/wp\/v2\/users\/13"}],"replies":[{"embeddable":true,"href":"https:\/\/radiozapatista.org\/index.php?rest_route=%2Fwp%2Fv2%2Fcomments&post=27553"}],"version-history":[{"count":2,"href":"https:\/\/radiozapatista.org\/index.php?rest_route=\/wp\/v2\/posts\/27553\/revisions"}],"predecessor-version":[{"id":27555,"href":"https:\/\/radiozapatista.org\/index.php?rest_route=\/wp\/v2\/posts\/27553\/revisions\/27555"}],"wp:attachment":[{"href":"https:\/\/radiozapatista.org\/index.php?rest_route=%2Fwp%2Fv2%2Fmedia&parent=27553"}],"wp:term":[{"taxonomy":"category","embeddable":true,"href":"https:\/\/radiozapatista.org\/index.php?rest_route=%2Fwp%2Fv2%2Fcategories&post=27553"},{"taxonomy":"post_tag","embeddable":true,"href":"https:\/\/radiozapatista.org\/index.php?rest_route=%2Fwp%2Fv2%2Ftags&post=27553"}],"curies":[{"name":"wp","href":"https:\/\/api.w.org\/{rel}","templated":true}]}}