{"id":27345,"date":"2018-05-20T20:06:07","date_gmt":"2018-05-21T01:06:07","guid":{"rendered":"https:\/\/radiozapatista.org\/?p=27345"},"modified":"2018-05-20T20:12:21","modified_gmt":"2018-05-21T01:12:21","slug":"ii-encuentro-metropolitano-de-redes-colectivos-organizaciones-individus-y-adherentes-a-la-sexta-en-apoyo-al-cig-y-su-vocera-marichuy","status":"publish","type":"post","link":"https:\/\/radiozapatista.org\/?p=27345","title":{"rendered":"II Encuentro Metropolitano de Redes, Colectivos, Organizaciones, Individu@s y Adherentes a la Sexta en apoyo al CIG y su vocera Marichuy."},"content":{"rendered":"<p>El pasado 19 de mayo se llev\u00f3\u00a0 a cabo el II Encuentro Metropolitano de Redes, Colectivos, Organizaciones, Individu@s y Adherentes a la Sexta en apoyo al CIG y su vocera Marichuy en la Escuela Nacional de Antropolog\u00eda e Historia (ENAH).<\/p>\n<div class=\"slider js_slider\">\n\t                <div class=\"frame js_frame\">\n\t                    <ul class=\"slides js_slides\"><li class=\"js_slide\"><img loading=\"lazy\" decoding=\"async\" width=\"1243\" height=\"1800\" src=\"https:\/\/radiozapatista.org\/wp-content\/uploads\/2018\/05\/DSC05583.jpg\" class=\"attachment- size-\" alt=\"\" srcset=\"https:\/\/radiozapatista.org\/wp-content\/uploads\/2018\/05\/DSC05583.jpg 1243w, https:\/\/radiozapatista.org\/wp-content\/uploads\/2018\/05\/DSC05583-207x300.jpg 207w, https:\/\/radiozapatista.org\/wp-content\/uploads\/2018\/05\/DSC05583-768x1112.jpg 768w, https:\/\/radiozapatista.org\/wp-content\/uploads\/2018\/05\/DSC05583-707x1024.jpg 707w\" sizes=\"auto, (max-width: 1243px) 100vw, 1243px\" \/><\/li><li class=\"js_slide\"><img loading=\"lazy\" decoding=\"async\" width=\"1200\" height=\"797\" src=\"https:\/\/radiozapatista.org\/wp-content\/uploads\/2018\/05\/Copia-de-DSC05568.jpg\" class=\"attachment- size-\" alt=\"\" srcset=\"https:\/\/radiozapatista.org\/wp-content\/uploads\/2018\/05\/Copia-de-DSC05568.jpg 1200w, https:\/\/radiozapatista.org\/wp-content\/uploads\/2018\/05\/Copia-de-DSC05568-350x232.jpg 350w, https:\/\/radiozapatista.org\/wp-content\/uploads\/2018\/05\/Copia-de-DSC05568-768x510.jpg 768w, https:\/\/radiozapatista.org\/wp-content\/uploads\/2018\/05\/Copia-de-DSC05568-1024x680.jpg 1024w, https:\/\/radiozapatista.org\/wp-content\/uploads\/2018\/05\/Copia-de-DSC05568-700x466.jpg 700w\" sizes=\"auto, (max-width: 1200px) 100vw, 1200px\" \/><\/li><li class=\"js_slide\"><img loading=\"lazy\" decoding=\"async\" width=\"1200\" height=\"797\" src=\"https:\/\/radiozapatista.org\/wp-content\/uploads\/2018\/05\/Copia-de-DSC05538.jpg\" class=\"attachment- size-\" alt=\"\" srcset=\"https:\/\/radiozapatista.org\/wp-content\/uploads\/2018\/05\/Copia-de-DSC05538.jpg 1200w, https:\/\/radiozapatista.org\/wp-content\/uploads\/2018\/05\/Copia-de-DSC05538-350x232.jpg 350w, https:\/\/radiozapatista.org\/wp-content\/uploads\/2018\/05\/Copia-de-DSC05538-768x510.jpg 768w, https:\/\/radiozapatista.org\/wp-content\/uploads\/2018\/05\/Copia-de-DSC05538-1024x680.jpg 1024w, https:\/\/radiozapatista.org\/wp-content\/uploads\/2018\/05\/Copia-de-DSC05538-700x466.jpg 700w\" sizes=\"auto, (max-width: 1200px) 100vw, 1200px\" \/><\/li><li class=\"js_slide\"><img loading=\"lazy\" decoding=\"async\" width=\"1200\" height=\"797\" src=\"https:\/\/radiozapatista.org\/wp-content\/uploads\/2018\/05\/Copia-de-DSC05508.jpg\" class=\"attachment- size-\" alt=\"\" srcset=\"https:\/\/radiozapatista.org\/wp-content\/uploads\/2018\/05\/Copia-de-DSC05508.jpg 1200w, https:\/\/radiozapatista.org\/wp-content\/uploads\/2018\/05\/Copia-de-DSC05508-350x232.jpg 350w, https:\/\/radiozapatista.org\/wp-content\/uploads\/2018\/05\/Copia-de-DSC05508-768x510.jpg 768w, https:\/\/radiozapatista.org\/wp-content\/uploads\/2018\/05\/Copia-de-DSC05508-1024x680.jpg 1024w, https:\/\/radiozapatista.org\/wp-content\/uploads\/2018\/05\/Copia-de-DSC05508-700x466.jpg 700w\" sizes=\"auto, (max-width: 1200px) 100vw, 1200px\" \/><\/li><li class=\"js_slide\"><img loading=\"lazy\" decoding=\"async\" width=\"1200\" height=\"797\" src=\"https:\/\/radiozapatista.org\/wp-content\/uploads\/2018\/05\/Copia-de-DSC05498.jpg\" class=\"attachment- size-\" alt=\"\" srcset=\"https:\/\/radiozapatista.org\/wp-content\/uploads\/2018\/05\/Copia-de-DSC05498.jpg 1200w, https:\/\/radiozapatista.org\/wp-content\/uploads\/2018\/05\/Copia-de-DSC05498-350x232.jpg 350w, https:\/\/radiozapatista.org\/wp-content\/uploads\/2018\/05\/Copia-de-DSC05498-768x510.jpg 768w, https:\/\/radiozapatista.org\/wp-content\/uploads\/2018\/05\/Copia-de-DSC05498-1024x680.jpg 1024w, https:\/\/radiozapatista.org\/wp-content\/uploads\/2018\/05\/Copia-de-DSC05498-700x466.jpg 700w\" sizes=\"auto, (max-width: 1200px) 100vw, 1200px\" \/><\/li><li class=\"js_slide\"><img loading=\"lazy\" decoding=\"async\" width=\"1200\" height=\"797\" src=\"https:\/\/radiozapatista.org\/wp-content\/uploads\/2018\/05\/Copia-de-DSC05497.jpg\" class=\"attachment- size-\" alt=\"\" srcset=\"https:\/\/radiozapatista.org\/wp-content\/uploads\/2018\/05\/Copia-de-DSC05497.jpg 1200w, https:\/\/radiozapatista.org\/wp-content\/uploads\/2018\/05\/Copia-de-DSC05497-350x232.jpg 350w, https:\/\/radiozapatista.org\/wp-content\/uploads\/2018\/05\/Copia-de-DSC05497-768x510.jpg 768w, https:\/\/radiozapatista.org\/wp-content\/uploads\/2018\/05\/Copia-de-DSC05497-1024x680.jpg 1024w, https:\/\/radiozapatista.org\/wp-content\/uploads\/2018\/05\/Copia-de-DSC05497-700x466.jpg 700w\" sizes=\"auto, (max-width: 1200px) 100vw, 1200px\" \/><\/li><li class=\"js_slide\"><img loading=\"lazy\" decoding=\"async\" width=\"1200\" height=\"797\" src=\"https:\/\/radiozapatista.org\/wp-content\/uploads\/2018\/05\/Copia-de-DSC05495.jpg\" class=\"attachment- size-\" alt=\"\" srcset=\"https:\/\/radiozapatista.org\/wp-content\/uploads\/2018\/05\/Copia-de-DSC05495.jpg 1200w, https:\/\/radiozapatista.org\/wp-content\/uploads\/2018\/05\/Copia-de-DSC05495-350x232.jpg 350w, https:\/\/radiozapatista.org\/wp-content\/uploads\/2018\/05\/Copia-de-DSC05495-768x510.jpg 768w, https:\/\/radiozapatista.org\/wp-content\/uploads\/2018\/05\/Copia-de-DSC05495-1024x680.jpg 1024w, https:\/\/radiozapatista.org\/wp-content\/uploads\/2018\/05\/Copia-de-DSC05495-700x466.jpg 700w\" sizes=\"auto, (max-width: 1200px) 100vw, 1200px\" \/><\/li><li class=\"js_slide\"><img loading=\"lazy\" decoding=\"async\" width=\"1200\" height=\"797\" src=\"https:\/\/radiozapatista.org\/wp-content\/uploads\/2018\/05\/Copia-de-DSC05469.jpg\" class=\"attachment- size-\" alt=\"\" srcset=\"https:\/\/radiozapatista.org\/wp-content\/uploads\/2018\/05\/Copia-de-DSC05469.jpg 1200w, https:\/\/radiozapatista.org\/wp-content\/uploads\/2018\/05\/Copia-de-DSC05469-350x232.jpg 350w, https:\/\/radiozapatista.org\/wp-content\/uploads\/2018\/05\/Copia-de-DSC05469-768x510.jpg 768w, https:\/\/radiozapatista.org\/wp-content\/uploads\/2018\/05\/Copia-de-DSC05469-1024x680.jpg 1024w, https:\/\/radiozapatista.org\/wp-content\/uploads\/2018\/05\/Copia-de-DSC05469-700x466.jpg 700w\" sizes=\"auto, (max-width: 1200px) 100vw, 1200px\" \/><\/li><li class=\"js_slide\"><img loading=\"lazy\" decoding=\"async\" width=\"1200\" height=\"797\" src=\"https:\/\/radiozapatista.org\/wp-content\/uploads\/2018\/05\/Copia-de-DSC05450.jpg\" class=\"attachment- size-\" alt=\"\" srcset=\"https:\/\/radiozapatista.org\/wp-content\/uploads\/2018\/05\/Copia-de-DSC05450.jpg 1200w, https:\/\/radiozapatista.org\/wp-content\/uploads\/2018\/05\/Copia-de-DSC05450-350x232.jpg 350w, https:\/\/radiozapatista.org\/wp-content\/uploads\/2018\/05\/Copia-de-DSC05450-768x510.jpg 768w, https:\/\/radiozapatista.org\/wp-content\/uploads\/2018\/05\/Copia-de-DSC05450-1024x680.jpg 1024w, https:\/\/radiozapatista.org\/wp-content\/uploads\/2018\/05\/Copia-de-DSC05450-700x466.jpg 700w\" sizes=\"auto, (max-width: 1200px) 100vw, 1200px\" \/><\/li><li class=\"js_slide\"><img loading=\"lazy\" decoding=\"async\" width=\"1200\" height=\"797\" src=\"https:\/\/radiozapatista.org\/wp-content\/uploads\/2018\/05\/Copia-de-DSC05435.jpg\" class=\"attachment- size-\" alt=\"\" srcset=\"https:\/\/radiozapatista.org\/wp-content\/uploads\/2018\/05\/Copia-de-DSC05435.jpg 1200w, https:\/\/radiozapatista.org\/wp-content\/uploads\/2018\/05\/Copia-de-DSC05435-350x232.jpg 350w, https:\/\/radiozapatista.org\/wp-content\/uploads\/2018\/05\/Copia-de-DSC05435-768x510.jpg 768w, https:\/\/radiozapatista.org\/wp-content\/uploads\/2018\/05\/Copia-de-DSC05435-1024x680.jpg 1024w, https:\/\/radiozapatista.org\/wp-content\/uploads\/2018\/05\/Copia-de-DSC05435-700x466.jpg 700w\" sizes=\"auto, (max-width: 1200px) 100vw, 1200px\" \/><\/li><li class=\"js_slide\"><img loading=\"lazy\" decoding=\"async\" width=\"1200\" height=\"797\" src=\"https:\/\/radiozapatista.org\/wp-content\/uploads\/2018\/05\/Copia-de-DSC05420.jpg\" class=\"attachment- size-\" alt=\"\" srcset=\"https:\/\/radiozapatista.org\/wp-content\/uploads\/2018\/05\/Copia-de-DSC05420.jpg 1200w, https:\/\/radiozapatista.org\/wp-content\/uploads\/2018\/05\/Copia-de-DSC05420-350x232.jpg 350w, https:\/\/radiozapatista.org\/wp-content\/uploads\/2018\/05\/Copia-de-DSC05420-768x510.jpg 768w, https:\/\/radiozapatista.org\/wp-content\/uploads\/2018\/05\/Copia-de-DSC05420-1024x680.jpg 1024w, https:\/\/radiozapatista.org\/wp-content\/uploads\/2018\/05\/Copia-de-DSC05420-700x466.jpg 700w\" sizes=\"auto, (max-width: 1200px) 100vw, 1200px\" \/><\/li><li class=\"js_slide\"><img loading=\"lazy\" decoding=\"async\" width=\"1200\" height=\"797\" src=\"https:\/\/radiozapatista.org\/wp-content\/uploads\/2018\/05\/Copia-de-DSC05.jpg\" class=\"attachment- size-\" alt=\"\" srcset=\"https:\/\/radiozapatista.org\/wp-content\/uploads\/2018\/05\/Copia-de-DSC05.jpg 1200w, https:\/\/radiozapatista.org\/wp-content\/uploads\/2018\/05\/Copia-de-DSC05-350x232.jpg 350w, https:\/\/radiozapatista.org\/wp-content\/uploads\/2018\/05\/Copia-de-DSC05-768x510.jpg 768w, https:\/\/radiozapatista.org\/wp-content\/uploads\/2018\/05\/Copia-de-DSC05-1024x680.jpg 1024w, https:\/\/radiozapatista.org\/wp-content\/uploads\/2018\/05\/Copia-de-DSC05-700x466.jpg 700w\" sizes=\"auto, (max-width: 1200px) 100vw, 1200px\" \/><\/li>\t<\/ul>\n\t                <\/div>\n\t\t\t\t\t<span class=\"js_prev rz_slider_nav\"><svg xmlns='http:\/\/www.w3.org\/2000\/svg' viewBox='0 0 40 70'>\n\t<line x1='37' y1='3' x2='3' y2='36' style='stroke:white;stroke-width:5px' \/>\n\t<line x1='3' y1='34' x2='37' y2='67' style='stroke:white;stroke-width:5px' \/>\n<\/svg><\/span>\n\t\t\t\t\t<span class=\"js_next rz_slider_nav\"><svg xmlns='http:\/\/www.w3.org\/2000\/svg' viewBox='0 0 40 70'>\n\t<line x1='3' y1='3' x2='35' y2='36' style='stroke:white;stroke-width:5px' \/>\n\t<line x1='35' y1='34' x2='3' y2='67' style='stroke:white;stroke-width:5px' \/>\n<\/svg><\/span><\/div><script>\n\t'use strict';\n\n\tif(!window.slideshowCodeAlreadyRun) {\n\t\twindow.slideshowCodeAlreadyRun = true;\n\t\tdocument.addEventListener('DOMContentLoaded', function(){\n\t\t\tvar slidersMarkup = document.querySelectorAll('.js_slider'),\n\t\t\t\tsliders = [];\n\n\t        Array.prototype.slice.call(slidersMarkup).forEach(function (element, index) {\n\t            sliders.push( lory(element, {\n\t\t\t\t    \tinfinite: 1\n\t\t            })\n\t\t\t\t);\n\t\t\t\t\/\/ console.log(sliders);\n\t        });\n\n\t\t\t\/\/ reset sliders. firefox bug?\n\t\t\t\/\/ setTimeout(function () {\n\t\t\t\/\/ \tsliders.forEach(function(slider){\n\t\t\t\/\/ \t\tconsole.log(slider);\n\t\t\t\/\/ \t\tslider.reset(); \n\t\t\t\/\/ \t\t\/\/ slider.slideTo(1);\n\t\t\t\/\/ \t});\n\t\t\t\/\/ }, 100);\n\t\n\t\t}); \n\t}\n\t<\/script>\n<p><!--more--><\/p>\n<p>Fragmentos de la bienvenida al encuentro:<\/p>\n<p style=\"padding-left: 30px;\">Quienes suscribimos la presente, diversos colectivos, organizaciones, individu@s, adherentes a la sexta y muy recientemente, integrantes de redes en apoyo al CIG y su vocera Marichuy, queremos se\u00f1alar que a partir de la celebraci\u00f3n del V Congreso Nacional Ind\u00edgena, entre octubre de 2016 y febrero 19 de 2018, trascurrieron 16 meses en los que conocimos la propuesta zapatista y que hizo suya el CNI. Estos 16 meses estuvieron marcados por muy diversas actividades, entre ellas una de las m\u00e1s importantes, la consulta a los pueblos y comunidades ind\u00edgenas respecto a que una mujer ind\u00edgena participara como aspirante a candidata presidencial independiente en el procesos electoral de 2018.<\/p>\n<p style=\"padding-left: 30px;\">As\u00ed comenz\u00f3 una traves\u00eda que convoc\u00f3, en enero de 2017,\u00a0 a la formaci\u00f3n\u00a0 del CIG (Concejo Ind\u00edgena de Gobierno) y en\u00a0 mayo de este a\u00f1o, oficialmente se llev\u00f3 a cabo\u00a0 la constituci\u00f3n del CIG y el nombramiento de su vocera. Muy a pesar de las trabas, exclusiones, descalificaciones y discriminaci\u00f3n, el 7 de octubre se registr\u00f3 oficialmente ante el INE (Instituto Nacional Electoral) nuestra compa\u00f1era Marichuy, ind\u00edgena nahua, originaria de Tuxpan Jalisco, como aspirante a una candidatura presidencial independiente en el proceso electoral 2018, para nosotros,\u00a0 a bajo y a la izquierda, simple y sencillamente, Marichuy es vocera de los pueblos y comunidades ind\u00edgenas.<\/p>\n<p style=\"padding-left: 30px;\">En\u00a0 este sentido, adem\u00e1s de convocarnos al II Encuentro Metropolitano, se propuso discutir qu\u00e9 tipo de organizaci\u00f3n colectivo, red, frente, concejo o coordinaci\u00f3n pudi\u00e9ramos construir como un paso incipiente pero necesario en la lucha y en el proceso de organizaci\u00f3n en esta Ciudad de M\u00e9xico y Zona Metropolitana, que acompa\u00f1e al CIG, que se rija por los 7 principios del mandar obedeciendo; as\u00ed mismo, definir un programa de lucha anticapitalista, antipatriarcal, que convoque a la unidad en la diversidad, que atienda y haga suyas las luchas, resistencias y rebeld\u00edas que se gestan d\u00eda con d\u00eda en esta zona metropolitana, que tenga como objetivos la presentaci\u00f3n \u00a0de los\u00a0 desaparecid@s,\u00a0 la libertad inmediata de los pres@s pol\u00edticos, la lucha contra los feminicidios, la defensa del agua, la\u00a0 tierra, el territorio, la colectividad, la autonom\u00eda y la solidaridad, etc\u00e9tera. As\u00ed mismo, nos hemos dado cita para construir un plan de lucha que permita atender la coyuntura inmediata,\u00a0 mediana y de largo plazo,\u00a0 siempre bajo \u00a0la convicci\u00f3n de lucha y resistencia a\u00a0 que nos convoca el CIG, teniendo como premisa fundamental de nuestra Vocera Marichuy, respecto a que \u201c ni el CIG ni nuestra vocera buscar\u00e1n ni aceptaran\u00a0 ninguna alianza con ning\u00fan partido pol\u00edtico o candidato, ni llamar\u00e1n\u00a0 a votar o a\u00a0 la abstenci\u00f3n, sino que seguiremos buscando a todos los de abajo para desmontar el pestilente poder de arriba. voten o no voten, organ\u00edcense\u201d.<\/p>\n<p style=\"padding-left: 30px;\">Con esta propuesta pretendemos dar respuesta a cuatro preguntas generadoras inspiradas en la Sexta declaraci\u00f3n de la Selva Lacandona, que, en mucho, deber\u00e1n ayudar en los trabajos, propuesta, debate y construcci\u00f3n de este II Encuentro Metropolitano:<\/p>\n<p style=\"padding-left: 30px;\">\u00bfQui\u00e9nes somos?<\/p>\n<p style=\"padding-left: 30px;\">\u00bfC\u00f3mo vemos al mundo y a nuestro pa\u00eds?<\/p>\n<p style=\"padding-left: 30px;\">\u00bfQu\u00e9 vamos a hacer y c\u00f3mo lo vamos a hacer?<\/p>\n<p style=\"padding-left: 30px;\">\u00bfQu\u00e9 sigue? \u00bfCu\u00e1l es el siguiente paso de lucha?<\/p>\n<p style=\"padding-left: 30px;\">Escuchar audios:<\/p>\n<p><strong>\u00a0<\/strong><\/p>\n<p><div class=\"wp-playlist wp-audio-playlist wp-playlist-light\">\n\t\t\t<div class=\"wp-playlist-current-item\"><\/div>\n\t\t<audio controls=\"controls\" preload=\"none\" width=\"640\"\n\t\t\t><\/audio>\n\t<div class=\"wp-playlist-next\"><\/div>\n\t<div class=\"wp-playlist-prev\"><\/div>\n\t<noscript>\n\t<ol>\n\t\t<li><a href='https:\/\/radiozapatista.org\/wp-content\/uploads\/2018\/05\/Palabras-de-Bienvenida.mp3'>Palabras de Bienvenida<\/a><\/li><li><a href='https:\/\/radiozapatista.org\/wp-content\/uploads\/2018\/05\/Palabras-de-la-madre-y-del-padre-de-estudiante-normalista-de-Ayotzinapa..mp3'>Palabras de la madre y del padre de estudiante normalista de Ayotzinapa.<\/a><\/li><li><a href='https:\/\/radiozapatista.org\/wp-content\/uploads\/2018\/05\/Palabras-de-Leo\u0301n-Fierro..mp3'>Palabras de Le\u00f3n Fierro.<\/a><\/li><li><a href='https:\/\/radiozapatista.org\/wp-content\/uploads\/2018\/05\/Madre-de-Carlos-Sinuhe\u0301-Cuevas-Meji\u0301a..mp3'>Madre de Carlos Sinuh\u00e9 Cuevas Mej\u00eda.<\/a><\/li><li><a href='https:\/\/radiozapatista.org\/wp-content\/uploads\/2018\/05\/Palabras-de-Marichuy-vocera-del-CIG..mp3'>Palabras de Marichuy vocera del  CIG.<\/a><\/li>\t<\/ol>\n\t<\/noscript>\n\t<script type=\"application\/json\" class=\"wp-playlist-script\">{\"type\":\"audio\",\"tracklist\":true,\"tracknumbers\":true,\"images\":true,\"artists\":true,\"tracks\":[{\"src\":\"https:\/\/radiozapatista.org\/wp-content\/uploads\/2018\/05\/Palabras-de-Bienvenida.mp3\",\"type\":\"audio\/mpeg\",\"title\":\"Palabras de Bienvenida\",\"caption\":\"\",\"description\":\"\\\"Palabras de Bienvenida\\\".\",\"meta\":{\"length_formatted\":\"11:24\"},\"image\":{\"src\":\"https:\/\/radiozapatista.org\/wp-includes\/images\/media\/audio.svg\",\"width\":48,\"height\":64},\"thumb\":{\"src\":\"https:\/\/radiozapatista.org\/wp-includes\/images\/media\/audio.svg\",\"width\":48,\"height\":64}},{\"src\":\"https:\/\/radiozapatista.org\/wp-content\/uploads\/2018\/05\/Palabras-de-la-madre-y-del-padre-de-estudiante-normalista-de-Ayotzinapa..mp3\",\"type\":\"audio\/mpeg\",\"title\":\"Palabras de la madre y del padre de estudiante normalista de Ayotzinapa.\",\"caption\":\"\",\"description\":\"\\\"Palabras de la madre y del padre de estudiante normalista de Ayotzinapa.\\\".\",\"meta\":{\"length_formatted\":\"11:03\"},\"image\":{\"src\":\"https:\/\/radiozapatista.org\/wp-includes\/images\/media\/audio.svg\",\"width\":48,\"height\":64},\"thumb\":{\"src\":\"https:\/\/radiozapatista.org\/wp-includes\/images\/media\/audio.svg\",\"width\":48,\"height\":64}},{\"src\":\"https:\/\/radiozapatista.org\/wp-content\/uploads\/2018\/05\/Palabras-de-Leo\\u0301n-Fierro..mp3\",\"type\":\"audio\/mpeg\",\"title\":\"Palabras de Le\\u00f3n Fierro.\",\"caption\":\"\",\"description\":\"\\\"Palabras de Le\\u00f3n Fierro.\\\".\",\"meta\":{\"length_formatted\":\"6:18\"},\"image\":{\"src\":\"https:\/\/radiozapatista.org\/wp-includes\/images\/media\/audio.svg\",\"width\":48,\"height\":64},\"thumb\":{\"src\":\"https:\/\/radiozapatista.org\/wp-includes\/images\/media\/audio.svg\",\"width\":48,\"height\":64}},{\"src\":\"https:\/\/radiozapatista.org\/wp-content\/uploads\/2018\/05\/Madre-de-Carlos-Sinuhe\\u0301-Cuevas-Meji\\u0301a..mp3\",\"type\":\"audio\/mpeg\",\"title\":\"Madre de Carlos Sinuh\\u00e9 Cuevas Mej\\u00eda.\",\"caption\":\"\",\"description\":\"\\\"Madre de Carlos Sinuh\\u00e9 Cuevas Mej\\u00eda.\\\".\",\"meta\":{\"length_formatted\":\"8:10\"},\"image\":{\"src\":\"https:\/\/radiozapatista.org\/wp-includes\/images\/media\/audio.svg\",\"width\":48,\"height\":64},\"thumb\":{\"src\":\"https:\/\/radiozapatista.org\/wp-includes\/images\/media\/audio.svg\",\"width\":48,\"height\":64}},{\"src\":\"https:\/\/radiozapatista.org\/wp-content\/uploads\/2018\/05\/Palabras-de-Marichuy-vocera-del-CIG..mp3\",\"type\":\"audio\/mpeg\",\"title\":\"Palabras de Marichuy vocera del  CIG.\",\"caption\":\"\",\"description\":\"\\\"Palabras de Marichuy vocera del  CIG.\\\".\",\"meta\":{\"length_formatted\":\"13:11\"},\"image\":{\"src\":\"https:\/\/radiozapatista.org\/wp-includes\/images\/media\/audio.svg\",\"width\":48,\"height\":64},\"thumb\":{\"src\":\"https:\/\/radiozapatista.org\/wp-includes\/images\/media\/audio.svg\",\"width\":48,\"height\":64}}]}<\/script>\n<\/div>\n\t<\/p>","protected":false},"excerpt":{"rendered":"<p>El pasado 19 de mayo se llev\u00f3\u00a0 a cabo el II Encuentro Metropolitano de Redes, Colectivos, Organizaciones, Individu@s y Adherentes a la Sexta en apoyo al CIG y su vocera Marichuy en la Escuela Nacional de Antropolog\u00eda e Historia (ENAH).<\/p>\n","protected":false},"author":15,"featured_media":27356,"comment_status":"open","ping_status":"closed","sticky":false,"template":"","format":"standard","meta":{"footnotes":""},"categories":[190],"tags":[917,63,644,56,1130,37],"class_list":["post-27345","post","type-post","status-publish","format-standard","has-post-thumbnail","hentry","category-radiozapatista","tag-chiapas","tag-cni","tag-comunicados-ezln","tag-encuentros","tag-marichuy","tag-presos-politicos"],"_links":{"self":[{"href":"https:\/\/radiozapatista.org\/index.php?rest_route=\/wp\/v2\/posts\/27345","targetHints":{"allow":["GET"]}}],"collection":[{"href":"https:\/\/radiozapatista.org\/index.php?rest_route=\/wp\/v2\/posts"}],"about":[{"href":"https:\/\/radiozapatista.org\/index.php?rest_route=\/wp\/v2\/types\/post"}],"author":[{"embeddable":true,"href":"https:\/\/radiozapatista.org\/index.php?rest_route=\/wp\/v2\/users\/15"}],"replies":[{"embeddable":true,"href":"https:\/\/radiozapatista.org\/index.php?rest_route=%2Fwp%2Fv2%2Fcomments&post=27345"}],"version-history":[{"count":0,"href":"https:\/\/radiozapatista.org\/index.php?rest_route=\/wp\/v2\/posts\/27345\/revisions"}],"wp:featuredmedia":[{"embeddable":true,"href":"https:\/\/radiozapatista.org\/index.php?rest_route=\/wp\/v2\/media\/27356"}],"wp:attachment":[{"href":"https:\/\/radiozapatista.org\/index.php?rest_route=%2Fwp%2Fv2%2Fmedia&parent=27345"}],"wp:term":[{"taxonomy":"category","embeddable":true,"href":"https:\/\/radiozapatista.org\/index.php?rest_route=%2Fwp%2Fv2%2Fcategories&post=27345"},{"taxonomy":"post_tag","embeddable":true,"href":"https:\/\/radiozapatista.org\/index.php?rest_route=%2Fwp%2Fv2%2Ftags&post=27345"}],"curies":[{"name":"wp","href":"https:\/\/api.w.org\/{rel}","templated":true}]}}