{"id":27249,"date":"2018-05-10T20:02:48","date_gmt":"2018-05-11T01:02:48","guid":{"rendered":"https:\/\/radiozapatista.org\/?p=27249"},"modified":"2018-05-10T20:02:48","modified_gmt":"2018-05-11T01:02:48","slug":"algunas-preguntas-y-los-peligros-en-oxchuc-que-los-cicloviajeros-holger-y-krzysztof-no-conocian","status":"publish","type":"post","link":"https:\/\/radiozapatista.org\/?p=27249","title":{"rendered":"[:es]Algunas preguntas y los peligros en Oxchuc que los cicloviajeros Holger y Krzysztof no conoc\u00edan[:]"},"content":{"rendered":"<p>[:es]<\/p>\n<p align=\"center\"><iframe loading=\"lazy\" src=\"https:\/\/www.youtube.com\/embed\/_k3-IEGC2a8\" width=\"560\" height=\"315\" frameborder=\"0\" allowfullscreen=\"allowfullscreen\"><\/iframe><\/p>\n<p>De nuevo, hechos que indignan. El 4 de mayo algunos medios nacionales informaron en breves notas del hallazgo del cuerpo de Holger Franz <span class=\"_5yl5\">Hagenbusch<\/span>, cicloviajero alem\u00e1n que llevaba m\u00e1s de dos semanas desaparecido en Chiapas, M\u00e9xico, dijeron que fue localizado dentro de un pronunciado barranco en el kil\u00f3metro 158 de la carretera federal del tramo San Crist\u00f3bal \u2013 Ocosingo. El lugar conocido como La Ventana se encuentra en el municipio de Ocosingo, puerta a la Selva Lacandona. D\u00edas antes, el 26 de abril, hab\u00eda sido localizado muy cerca, tan solo a 200 metros, el cad\u00e1ver que se presume es de Krzysztof\u00a0Chmielewski, de origen Polaco, de \u00e9ste no trascendi\u00f3 la noticia en los medios de comunicaci\u00f3n.<\/p>\n<p>M\u00e1s all\u00e1 de dar por hecho que los cuerpos sean de los dos cicloviajeros, es importante recalcar que lo \u00fanico que se ha identificado son las pertenencias de las dos personas y que los cuerpos tienen caracter\u00edsticas f\u00edsicas ajenas a la regi\u00f3n. Hasta el momento la Fiscal\u00eda General del estado de Chiapas a trav\u00e9s de un <a href=\"https:\/\/twitter.com\/FGEChiapas\/status\/992543024495366144\">video difundido en su cuenta de twiter<\/a> ha dicho que han sido encontrados \u201c<strong>presumiblemente<\/strong> los restos de Holger Franz, en el mismo lugar donde fueron encontrados los restos del ciudadano polaco\u2026 En el lugar del hallazgo fueron encontradas prendas de vestir del ciudadano alem\u00e1n\u2026 el ministerio p\u00fablico agotar\u00e1 todos los actos de investigaci\u00f3n para conocer las causas de la muerte y <strong>la plena identidad de ambos extranjeros<\/strong>\u201d.<\/p>\n<p><!--more-->Es decir, no se tiene una identificaci\u00f3n precisa de los cuerpos, pero s\u00ed de las prendas; por responsabilidad y respeto a los familiares no se puede dar por hecho tampoco que los cuerpos corresponden a\u00a0<span class=\"_5yl5\">Hagenbusch <\/span>y a Chmielewski, se sabe que son ciclistas y que sus cad\u00e1veres estaban en el lugar, pero los hechos necesitan ser esclarecidos. En medio de verdades hist\u00f3ricas como las de Ayotzinapa y determinaciones judiciales sin sustento como pas\u00f3 con los estudiantes de cine que supuestamente fueron desechos en \u00e1cido en Jalisco, es importante no dar por hecho la versi\u00f3n oficial y propagarla sin m\u00e1s.<\/p>\n<p>Por el contrario, a las autoridades estatales, y locales a\u00fan sin investigar se les ve presurosos por quitarse la presi\u00f3n internacional de sus hombros y empiezan adelantar valoraciones judiciales sin prueba alguna, \u201cbuscan dar carpetazo al asunto y han determinado que los cuerpos pertenecen a los dos a\u00fan cuando no ha habido una identificaci\u00f3n cient\u00edfica, lo \u00fanico de lo que se tiene claridad es que en el lugar en donde fue el hallazgo se encontraron zapatos, ropa y bicicletas que corresponden tanto a Holger, como a Krzysztof\u201d insisti\u00f3 un ciclista de San Crist\u00f3bal que convivi\u00f3 con ambos antes de partir del lugar.<\/p>\n<p>Lo que si sabemos es que los dos desaparecieron desde el pasado 20 de abril, se conocieron en San Crist\u00f3bal de Las Casas, donde decidieron viajar, en bici como ven\u00edan viajando por el mundo, a Palenque para despu\u00e9s tomar rumbo a Campeche, a donde nunca llegaron. Y que el \u00faltimo lugar en el que se les vio con vida fue en un paraje del municipio de Oxchuc.<\/p>\n<p>Juanjo Guti\u00e9rrez, periodista y abogado local, en un <a href=\"https:\/\/www.facebook.com\/COYATOCNEWS\/posts\/1657708741013962\">relato publicado en facebook<\/a> comenta un poco del ambiente que se vive en la regi\u00f3n en donde se les vio por \u00faltima vez y se\u00f1ala una serie de irregularidades que le saltaron tras ver las fotograf\u00edas que le mostr\u00f3 la Fiscal\u00eda del Distrito Selva de Ocosingo el pasado 3 de mayo. Las im\u00e1genes correspond\u00edan al lugar donde fue encontrado quien presume es el ciclista polaco, se le mostraron cuando acudi\u00f3 en calidad de abogado a una diligencia de identificaci\u00f3n de cuerpo por parte de un amigo Chiapaneco de Krzysztof que le dio posada a su paso por Tuxtla Guti\u00e9rrez. Enseguida rescato algunos extractos de su narraci\u00f3n:<\/p>\n<blockquote><p>(<em>Respecto al ambiente<\/em>) en San Crist\u00f3bal\u2026 nos enteramos de que unas horas antes hab\u00eda sido secuestrada (en la carretera) la hija del presidente municipal de Oxchuc\u2026 Cuando pasamos en taxi sobre ese tramo, hab\u00eda varios individuos con el rostro cubierto que revisaban visualmente cada veh\u00edculo que pasaba frente a ellos. Nos observaron durante algunos segundos y despu\u00e9s nos autorizaron el paso sin hacernos preguntas&#8230;<br \/>\n<em>(Respecto a lo que vio en las fotos) <\/em>1.- El cuerpo encontrado <strong>NO ten\u00eda cabeza <\/strong><em>(en referencia al cuerpo encontrado en el kil\u00f3metro 158 el pasado 26 de abril)<\/em>, solamente se pod\u00edan apreciar algunos peque\u00f1os trozos de huesos pertenecientes a la nuca\u2026<br \/>\n2.- Al cad\u00e1ver mencionado <strong>le faltaba un pie, mismo que parec\u00eda haber sido cercenado de tajo<\/strong>\u2026<br \/>\n3.- <strong>La piel de la espalda presentaba huellas de haber sido quemada<\/strong>\u2026 Dice la fiscal\u00eda que es algo totalmente normal a pesar de la ropa y que se descartan quemaduras intencionales con fuego o brasas&#8230;<br \/>\n5.- A pesar de que el barranco\u2026 tiene una profundidad de cincuenta metros, <strong>el cad\u00e1ver no presentaba ninguna fractura del cuello hacia abajo<\/strong>\u2026 a pesar de que lo m\u00e1s l\u00f3gico en una ca\u00edda de esa altura es quebrarse una o m\u00e1s extremidades\u2026<br \/>\n8.- \u2026 <strong>los documentos personales del difunto \u201cdesaparecieron\u201d<\/strong>. No encontraron su pasaporte, ni su visa, ni alguna credencial que lo identificara.<em>\u00a0<\/em><\/p><\/blockquote>\n<h3><em>M\u00c1S PREGUNTAS QUE RESPUESTAS<\/em><\/h3>\n<p>De la visita del periodista y abogado Chiapaneco result\u00f3 la localizaci\u00f3n de un segundo cuerpo que se presume es el de Holgen Franz <span class=\"_5yl5\">Hagenbusch<\/span>, el alem\u00e1n, pues en las placas fotogr\u00e1ficas sal\u00edan tanto la bici como los zapatos del teut\u00f3n, lo que dio pie a una nueva b\u00fasqueda para encontrar el segundo cuerpo a tan solo 200 metros de donde hab\u00eda sido localizado el primero.<\/p>\n<p>El extracto del relato anterior nos da pie para pensar el ambiente de la regi\u00f3n por la que los ciclistas transitaron el d\u00eda que desaparecieron, pues supieron del secuestro \u00a0de la hija del actual presidente del concejo municipal de Oxchuc, a manos de un grupo armado en la carretera que pide de rescate 10 millones de pesos por su liberaci\u00f3n. Tambi\u00e9n\u00a0nos abre m\u00e1s preguntas que respuestas para la autoridad, cuestionando las primeras conclusiones que hizo el Fiscal de Distrito Selva del gobierno del Estado de Chiapas, Pablo Li\u00e9vano Guti\u00e9rrez, qui\u00e9n se\u00f1al\u00f3 respecto al rumbo de las investigaciones\u00a0<em>\u201cque la muerte del ciclista encontrado en el barranco hab\u00eda sido un accidente\u201d<\/em>, en referencia al primer hallazgo.<\/p>\n<p>\u00bfC\u00f3mo clasificar de accidente una muerte en donde se ve involucrada una decapitaci\u00f3n y un pie que al parecer fue cercenado de tajo, adem\u00e1s de las que parec\u00edan quemaduras en la espalda, en medio de la ausencia de documentos de identidad que -se sabe por redes de ciclistas en San Crist\u00f3bal- responsablemente portaban?<\/p>\n<p>Si leemos a fondo la narraci\u00f3n de Juanjo Guti\u00e9rrez, as\u00ed como los comentarios de Facebook en reacci\u00f3n a su relato, encontramos argumentos que van dirigidos a se\u00f1alar como la causa del deceso de ambas personas a la violencia inherente emanada de los pueblos originarios de la zona, ejercida en contra de los extranjeros para despojarlos de sus valiosas pertenencias, pero \u00bfCercenar y decapitar para robar dos bicis, c\u00e1maras de foto y video, que en su conjunto -exagerando el monto- podr\u00eda ascender a los 200 mil pesos? \u00bfdos bicis?.<\/p>\n<p>Por otro lado, si los comentarios los damos por v\u00e1lidos, podr\u00edamos suponer tambi\u00e9n que los turistas fueron sujetos de seguimiento e inteligencia desde donde se hizo una valoraci\u00f3n del bot\u00edn, para despu\u00e9s interceptarlos, robarlos y despu\u00e9s asesinaros con la peor de la sa\u00f1a, lo que estar\u00eda vinculado a un actuar del crimen organizado.<\/p>\n<p style=\"text-align: center;\"><a href=\"https:\/\/radiozapatista.org\/wp-content\/uploads\/2018\/05\/foto_km158_2.jpg\"><img decoding=\"async\" class=\"aligncenter size-full wp-image-27250\" src=\"https:\/\/radiozapatista.org\/wp-content\/uploads\/2018\/05\/foto_km158_2.jpg\" alt=\"\" width=\"1000\" srcset=\"https:\/\/radiozapatista.org\/wp-content\/uploads\/2018\/05\/foto_km158_2.jpg 1000w, https:\/\/radiozapatista.org\/wp-content\/uploads\/2018\/05\/foto_km158_2-350x233.jpg 350w, https:\/\/radiozapatista.org\/wp-content\/uploads\/2018\/05\/foto_km158_2-768x512.jpg 768w, https:\/\/radiozapatista.org\/wp-content\/uploads\/2018\/05\/foto_km158_2-700x466.jpg 700w\" sizes=\"(max-width: 1000px) 100vw, 1000px\" \/><\/a><br \/>\n<small>La comunidad ciclista de San Cristobal de Las Casas y Ocosingo en el estado de Chiapas fueron a a colocar una bici blanca en el kil\u00f3metro 158 del tramo San Crist\u00f3bal- Ocosingo, lugar donde fueron encontrados dos cuerpos que a\u00fan no han sido plenamente identificados, de los que se presume pertenecen a los cicloviajeros desaparecidos en Chiapas desde el pasado 20 de abril, Holger Franz y Krzysztof Chmielewski. Fotograf\u00eda: Paloma Ik&#8217;.<\/small><\/p>\n<h3><em>El ambiente en la regi\u00f3n<\/em><\/h3>\n<p>En la cr\u00f3nica resalta el municipio de Oxchuc, es mencionado en un par de ocasiones y despu\u00e9s dejado de lado. En ella se\u00f1alan que al regreso de Ocosingo, pasaron nuevamente por San Crist\u00f3bal de Las Casas, en donde el abogado y quien hizo el reconocimiento de las pertenencias hicieron una parada obligada para cenar unos hot-dogs, ah\u00ed platicaron con un taxista que hace la ruta San Crist\u00f3bal \u2013 Ocosingo diariamente, quien dijo haber visto al par de ciclistas por la ma\u00f1ana del 20 de abril, adem\u00e1s de se\u00f1alar dos datos interesantes: \u201c(<em>1<\/em>) No s\u00e9 qui\u00e9n era el polaco y qui\u00e9n era el alem\u00e1n, pero rebas\u00e9 a uno y al otro lo encontr\u00e9 hasta despu\u00e9s, como cuatro o cinco kil\u00f3metros adelante\u2026 (2) Cuando yo los vi iban m\u00e1s ac\u00e1, ni hab\u00edan pasado por Oxchuc\u201d.<\/p>\n<p>Es decir, poco antes de llegar a Oxchuc fue el \u00faltimo lugar que se les vio con vida. Este lugar se encuentra justo en medio de camino entre San Crist\u00f3bal y Ocosingo. Ah\u00ed, desde octubre de 2015 se visibiliz\u00f3 un conflicto cuando un grupo de opositores pol\u00edticos impidieron que la presidenta municipal electa Mar\u00eda Gloria S\u00e1nchez tomara posesi\u00f3n de su cargo, al incendiar el edificio municipal y su prolongaci\u00f3n, que se agudiz\u00f3 en las primeras semanas del a\u00f1o 2016 y que condujeron a su renuncia.<\/p>\n<p>La profesora-investigadora del CIESAS \u2013 Sureste, <a href=\"https:\/\/www.chiapasparalelo.com\/opinion\/2016\/02\/por-que-es-conveniente-una-eleccion-de-usos-y-costumbres-en-oxchuc\/\">Araceli Burguete<\/a>, atribuye el origen del conflicto al control pol\u00edtico desde donde se ejercen estructuras de poder y dominaci\u00f3n con amplias caracter\u00edsticas caciquiles, ya que quienes disputan son las familias que se han repartido el poder en los \u00faltimos 20 a\u00f1os en el municipio tseltal.<\/p>\n<p>El clan al que pertenece la ex presidenta municipal Mar\u00eda Gloria S\u00e1nchez a buscado mantener su control a punto de asesinatos ejemplares, hostigamientos en las comunidades y ataques armados en la cabecera municipal que ha dejado alrededor de 20 desaparecidos, por lo menos 3 asesinados y una cantidad importante de heridos. Los asesinatos selectivos han estado dirigidos al Movimiento con Justicia y Paz para el pueblo de Oxchuc, desde donde se han presentado amparos promovidos para rechazar las presencia de partidos pol\u00edticos en el municipio, as\u00ed como un amparo contra la ejecuci\u00f3n en su territorio de la Ley de Seguridad Interior.<\/p>\n<p>El Centro de Derechos Humanos Fray Bartolom\u00e9 de Las Casas <a href=\"https:\/\/frayba.org.mx\/accion-urgente-alto-a-la-violencia-en-oxchuc\/\">se\u00f1al\u00f3 en enero<\/a> de este a\u00f1o la existencia de un grupo armado que act\u00faa en el municipio, el cual es externo a las comunidades de Oxchuc, tiene entrenamiento y porta armas de grueso calibre. En la regi\u00f3n, a trav\u00e9s de fuentes locales, ha trascendido informaci\u00f3n de la instalaci\u00f3n de retenes intermitentes controlados por personas encapuchadas fuertemente armadas actuando con total impunidad.<\/p>\n<p>Es decir, en la regi\u00f3n existe un grupo armado que act\u00faa con patrones de actuaci\u00f3n caracter\u00edsticos del crimen organizado que ahora conocemos de sobra en territorio nacional: impunidad, vinculado a grupos pol\u00edticos locales que controlan o buscan el control territorial, armas de grueso calibre, retenes carreteros en lugares estrat\u00e9gicos, asesinatos, secuestros, desapariciones y violencia extrema.<\/p>\n<p>Este es el ambiente del territorio que intentaron cruzar dos cicloviajeros europeos en territorio mexicano para despu\u00e9s desaparecer, las autoridades se\u00f1alan que en este trayecto presumiblemente murieron, por una voz independiente sabemos que existen dos cuerpos que fueron asesinados, por lo menos uno cercenado y decapitado, robados y tirados a un barranco profundo. El ambiente tambi\u00e9n es de indignaci\u00f3n por la violencia que vivimos en el pa\u00eds, en donde no importa si somos estudiantes de cine, mujeres, periodistas, j\u00f3venes o cicloviajeros, por igual somos secuestradxs, torturadxs, asesinadxs, o desaparecidxs.<\/p>\n<p>&nbsp;<\/p>\n<p>Fuente: <a href=\"https:\/\/regeneracionradio.org\/index.php\/represion\/desapariciones\/item\/4881-los-peligros-de-oxchuc-que-los-cicloviajeros-holger-y-crzystof-no-conocian\" target=\"_blank\" rel=\"noopener\">Regeneraci\u00f3n Radio<\/a>[:]<\/p>\n","protected":false},"excerpt":{"rendered":"<p>[:es] De nuevo, hechos que indignan. El 4 de mayo algunos medios nacionales informaron en breves notas del hallazgo del cuerpo de Holger Franz Hagenbusch, cicloviajero alem\u00e1n que llevaba m\u00e1s de dos semanas desaparecido en Chiapas, M\u00e9xico, dijeron que fue localizado dentro de un pronunciado barranco en el kil\u00f3metro 158 de la carretera federal del [&hellip;]<\/p>\n","protected":false},"author":1,"featured_media":27250,"comment_status":"open","ping_status":"closed","sticky":false,"template":"","format":"standard","meta":{"footnotes":""},"categories":[6,826,222],"tags":[917,912,1195],"class_list":["post-27249","post","type-post","status-publish","format-standard","has-post-thumbnail","hentry","category-chiapas","category-medios-libres-2","category-video","tag-chiapas","tag-narcoestado","tag-oxchuc"],"_links":{"self":[{"href":"https:\/\/radiozapatista.org\/index.php?rest_route=\/wp\/v2\/posts\/27249","targetHints":{"allow":["GET"]}}],"collection":[{"href":"https:\/\/radiozapatista.org\/index.php?rest_route=\/wp\/v2\/posts"}],"about":[{"href":"https:\/\/radiozapatista.org\/index.php?rest_route=\/wp\/v2\/types\/post"}],"author":[{"embeddable":true,"href":"https:\/\/radiozapatista.org\/index.php?rest_route=\/wp\/v2\/users\/1"}],"replies":[{"embeddable":true,"href":"https:\/\/radiozapatista.org\/index.php?rest_route=%2Fwp%2Fv2%2Fcomments&post=27249"}],"version-history":[{"count":0,"href":"https:\/\/radiozapatista.org\/index.php?rest_route=\/wp\/v2\/posts\/27249\/revisions"}],"wp:featuredmedia":[{"embeddable":true,"href":"https:\/\/radiozapatista.org\/index.php?rest_route=\/wp\/v2\/media\/27250"}],"wp:attachment":[{"href":"https:\/\/radiozapatista.org\/index.php?rest_route=%2Fwp%2Fv2%2Fmedia&parent=27249"}],"wp:term":[{"taxonomy":"category","embeddable":true,"href":"https:\/\/radiozapatista.org\/index.php?rest_route=%2Fwp%2Fv2%2Fcategories&post=27249"},{"taxonomy":"post_tag","embeddable":true,"href":"https:\/\/radiozapatista.org\/index.php?rest_route=%2Fwp%2Fv2%2Ftags&post=27249"}],"curies":[{"name":"wp","href":"https:\/\/api.w.org\/{rel}","templated":true}]}}