{"id":27224,"date":"2018-05-05T19:51:23","date_gmt":"2018-05-06T00:51:23","guid":{"rendered":"https:\/\/radiozapatista.org\/?p=27224"},"modified":"2018-05-05T19:51:23","modified_gmt":"2018-05-06T00:51:23","slug":"colectivos-y-organizaciones-europeas-denuncian-desplazamientos-forzados-en-chiapas","status":"publish","type":"post","link":"https:\/\/radiozapatista.org\/?p=27224","title":{"rendered":"Colectivos y organizaciones europeas denuncian desplazamientos forzados en Chiapas"},"content":{"rendered":"<p><\/p>\n<p style=\"text-align: center;\">Carta de Protesta &#8211; Abril 2018<\/p>\n<p>Asunto: Desplazamientos forzados en Chiapas, M\u00e9xico.<\/p>\n<p>A quien corresponda,<\/p>\n<p>Los que firmamos \u00e9sta carta hacemos responsable al gobierno de M\u00e9xico de no valorar la vida, la integridad y la seguridad de la poblaci\u00f3n ind\u00edgena de Chiapas.<\/p>\n<p>En el mes octubre de 2017 fueron desplazadas de manera violenta, m\u00e1s de 5 mil personas de la comunidad de Chalchihuit\u00e1n; hasta el d\u00eda de hoy \u00e9stas familias siguen viviendo en el monte, bajo lonas de pl\u00e1stico; ni\u00f1os han muerto por el fr\u00edo y por la falta de atenci\u00f3n m\u00e9dica.<\/p>\n<p>Entre el 24 y el 26 de marzo de 2018, se volvieron a repetir agresiones similares, en contra de la poblaci\u00f3n del municipio de Aldama. Esta vez fueron desplazadas 747 personas. Ya hubo tres muertos (2 ni\u00f1os y un hombre adulto), fueron asesinados por disparos de bala cuando se dirig\u00edan a sembrar su ma\u00edz. El resto de la poblaci\u00f3n tiene ahora el temor de ser atacadas.<\/p>\n<p>Hasta la fecha siguen los disparos en los dos lugares.<\/p>\n<p>Estos dos casos de desplazamiento forzado fueron provocados por los paramilitares de la zona, ellos manejan armas de alto calibre y act\u00faan bajo la protecci\u00f3n del gobierno mexicano.<\/p>\n<p>Exigimos que se castigue a:<\/p>\n<p>Enrique L\u00f3pez P\u00e9rez<br \/>\nEfra\u00edn Ru\u00edz \u00c0lvarez<br \/>\nJuan Ru\u00edz Ru\u00edz<br \/>\nManuel Sant\u00edz Hern\u00e1ndez<br \/>\nManuel Ru\u00edz Hern\u00e1ndez<br \/>\nLorenzo Ru\u00edz P\u00e9rez<br \/>\nRoberto P\u00e9rez \u00c0lvarez<\/p>\n<p>Denunciamos las agresiones encontra las Abejas en Acteal del 21 de Abril 2018.<br \/>\nExigimos una alto inmediato a la violencia de estado en contra de las poblaciones ind\u00edgenas, bases de apoyo zapatistas, y de los movimientos sociales.<br \/>\nExigimos que se deje de apoyar a los grupos paramilitares en la regi\u00f3n de Los Altos, Chiapas, M\u00e9xico.<br \/>\nExigimos castigo a los gobernadores que controlan a \u00e9stos grupos paramilitares.<br \/>\nExigimos que el gobierno mexicano respete los derechos humanos, combata la corrupci\u00f3n y la impunidad.<br \/>\nExigimos que se cumplan los Acuerdos de San Andr\u00e9s, firmados en 1996.<br \/>\nEn Solidaridad con el movimiento zapatista!<br \/>\nSi tocan a unos, nos tocan a todos!<\/p>\n<p>Atentamente:<\/p>\n<p>&#8211; Solidaridad directa con Chiapas, Suiza<br \/>\n&#8211; Espoir Chiapas \/ Esperanza Chiapas, Francia<br \/>\n&#8211; L&#8217;Adhesiva, Espai de trobada i acci\u00f3, Barcelona<br \/>\n&#8211; Adherentes a la Sexta Barcelona<br \/>\n&#8211; CGT, Estado Espa\u00f1ol<br \/>\n&#8211; Gruppe B.A.S.T.A, M\u00fcnster, Alemania<br \/>\n&#8211; zz-colectivo, M\u00fcnster, Alemania \/ San Cristobal, Chiapas, M\u00e9xico<br \/>\n&#8211; Mut Vitz 13 Marseille (Francia)<br \/>\n&#8211; red YA-BASTA-NETZ, Alemania<br \/>\n&#8211; Asociaci\u00f3n Interpueblos (Cantabria)<br \/>\n&#8211; Comit\u00e9 de Solidaridad con los Pueblos (Cantabria)<br \/>\n&#8211; CSPCL Paris<br \/>\n&#8211; Lumaltik Herriak &#8211; Pa\u00eds Vasco<br \/>\n&#8211; Kollektiv por Ayotzinapa, Alemania<br \/>\n&#8211; Caf\u00e9 Rebeld\u00eda, Suiza<br \/>\n&#8211; Terra Libra, Bretana, Francia<br \/>\n&#8211; Alerta!, D\u00fcsseldorf, Alemania<br \/>\n&#8211; Solidaritetsf\u00f6reningen K&#8217;inal St\u00f6d Zapatistr\u00f6relsen i Chiapas, Suecia<br \/>\n&#8211; Assoziacione Tatawelo, Italia<br \/>\n&#8211; Associaci\u00f3 Solidaria Caf\u00e8 Rebeld\u00eda-Infoespai, Barcelona<br \/>\n&#8211; Caf\u00e9 Libertad Kollektiv eG, Alemania<br \/>\n&#8211; Zapatistgruppa i Bergen, Noruega<br \/>\n&#8211; Syn Allois, Grecia<br \/>\n&#8211; Caf\u00e9 Caracol, Finlandia<br \/>\n&#8211; Molotov cooperative, Rusia<br \/>\n&#8211; Kaffeekollektiv Aroma Zapatista, Alemania<br \/>\n&#8211; Ya basta, Wendland<br \/>\n-Katharina K, Alemania<br \/>\n-el Rojito, Alemania<br \/>\n-Echanges Solidaires, Francia<br \/>\n-CAREA, e.v<br \/>\n-ASSI (Acci\u00f3n Social Internacionalista), Estado Espa\u00f1ol<br \/>\n-TxiapasEKIN, Pa\u00eds Vasco<br \/>\n-Beizengenossenschaft Hirscheneck, Suiza<br \/>\n-Kulturverein Hirscheneck, Suiza<br \/>\n-Sous Le Pont, Suiza<br \/>\n-ZAS<\/p>","protected":false},"excerpt":{"rendered":"<p>Carta de Protesta &#8211; Abril 2018 Asunto: Desplazamientos forzados en Chiapas, M\u00e9xico. A quien corresponda, Los que firmamos \u00e9sta carta hacemos responsable al gobierno de M\u00e9xico de no valorar la vida, la integridad y la seguridad de la poblaci\u00f3n ind\u00edgena de Chiapas. En el mes octubre de 2017 fueron desplazadas de manera violenta, m\u00e1s de [&hellip;]<\/p>\n","protected":false},"author":1,"featured_media":24659,"comment_status":"open","ping_status":"closed","sticky":false,"template":"","format":"standard","meta":{"footnotes":""},"categories":[6,960,190],"tags":[1212,1168,917,572,782,920],"class_list":["post-27224","post","type-post","status-publish","format-standard","has-post-thumbnail","hentry","category-chiapas","category-ninxs","category-radiozapatista","tag-aldama","tag-chalchihuitan","tag-chiapas","tag-desplazados","tag-desplazamiento-forzado","tag-europa"],"_links":{"self":[{"href":"https:\/\/radiozapatista.org\/index.php?rest_route=\/wp\/v2\/posts\/27224","targetHints":{"allow":["GET"]}}],"collection":[{"href":"https:\/\/radiozapatista.org\/index.php?rest_route=\/wp\/v2\/posts"}],"about":[{"href":"https:\/\/radiozapatista.org\/index.php?rest_route=\/wp\/v2\/types\/post"}],"author":[{"embeddable":true,"href":"https:\/\/radiozapatista.org\/index.php?rest_route=\/wp\/v2\/users\/1"}],"replies":[{"embeddable":true,"href":"https:\/\/radiozapatista.org\/index.php?rest_route=%2Fwp%2Fv2%2Fcomments&post=27224"}],"version-history":[{"count":0,"href":"https:\/\/radiozapatista.org\/index.php?rest_route=\/wp\/v2\/posts\/27224\/revisions"}],"wp:featuredmedia":[{"embeddable":true,"href":"https:\/\/radiozapatista.org\/index.php?rest_route=\/wp\/v2\/media\/24659"}],"wp:attachment":[{"href":"https:\/\/radiozapatista.org\/index.php?rest_route=%2Fwp%2Fv2%2Fmedia&parent=27224"}],"wp:term":[{"taxonomy":"category","embeddable":true,"href":"https:\/\/radiozapatista.org\/index.php?rest_route=%2Fwp%2Fv2%2Fcategories&post=27224"},{"taxonomy":"post_tag","embeddable":true,"href":"https:\/\/radiozapatista.org\/index.php?rest_route=%2Fwp%2Fv2%2Ftags&post=27224"}],"curies":[{"name":"wp","href":"https:\/\/api.w.org\/{rel}","templated":true}]}}