{"id":2673,"date":"2011-04-28T14:17:07","date_gmt":"2011-04-28T19:17:07","guid":{"rendered":"https:\/\/radiozapatista.org\/?p=2673"},"modified":"2011-04-28T14:17:07","modified_gmt":"2011-04-28T19:17:07","slug":"nuevo-comunicado-del-ccri-cg-del-ezln","status":"publish","type":"post","link":"https:\/\/radiozapatista.org\/?p=2673","title":{"rendered":"NUEVO Comunicado del CCRI-CG del EZLN"},"content":{"rendered":"<p><strong> COMUNICADO DEL COMIT\u00c9 CLANDESTINO REVOLUCIONARIO IND\u00cdGENA-COMANDANCIA GENERAL DEL EJ\u00c9RCITO ZAPATISTA DE LIBERACI\u00d3N NACIONAL.<br \/>\nM\u00c9XICO.<\/strong><\/p>\n<p style=\"text-align: center;\"><strong>ABRIL DEL 2011.<\/strong><\/p>\n<div style=\"text-align: right;\"><strong><em>\u201cUn habitante de Los Pinos contempla un atroz crimen,<br \/>\nSe desentiende por un a\u00f1o,<br \/>\nCambia de puesto a los muebles que<br \/>\nJuegan a ministros y funcionarios<br \/>\nY se refugia en culpable silencio,<br \/>\nEl descastado, en su af\u00e1n de conservar<br \/>\nLa silla que lo monta. <\/em><\/strong><strong><em>\u00bfQu\u00e9 le daremos Dar\u00e9?<\/em><\/strong><strong><em>Y nuestro ni\u00f1o m\u00e9dico de almas prescribe:<br \/>\nUn cors\u00e9 de dignidad que la espalda le enderece,<br \/>\nGotas de verdad para los ojos,<br \/>\nTabletas de honradez (pero que no se las meta en los bolsillos),<br \/>\nInyecciones de dignidad que no se compra con dinero<br \/>\nY el reposo absoluto de sus corruptos h\u00e1bitos.<\/em><\/strong><\/p>\n<p><strong><em>A\u00edslenlo, su enfermedad es contagiosa\u201d.<\/em><\/strong><\/p>\n<p><strong>Juan Carlos Mijangos Noh.<\/strong><br \/>\n<strong> (Fragmento de \u201c49 Globos\u201d,<\/strong><br \/>\n<strong> en memoria de l@s 49 ni\u00f1@s muert@s en la  Guarder\u00eda ABC de Hermosillo, Sonora).<\/strong><\/p>\n<\/div>\n<p><strong>AL PUEBLO DE M\u00c9XICO:<\/strong><br \/>\n<strong> A LOS PUEBLOS DEL MUNDO:<\/strong><br \/>\n<strong> A LOS ADHERENTES A LA SEXTA DECLARACI\u00d3N DE LA SELVA LACANDONA Y LA OTRA CAMPA\u00d1A EN M\u00c9XICO:<\/strong><br \/>\n<strong> A LOS ADHERENTES A LA ZEZTA INTERNACIONAL:<\/strong><\/p>\n<p><strong>HERMANAS Y HERMANOS:<\/strong><br \/>\n<strong> COMPA\u00d1ERAS Y COMPA\u00d1EROS:<\/strong><\/p>\n<p><strong>LA CAMPA\u00d1A MILITAR  PSIC\u00d3TICA DE FELIPE CALDER\u00d3N HINOJOSA, QUIEN HA  CONVERTIDO LA LUCHA  CONTRA EL CRIMEN EN UN ARGUMENTO TOTALITARIO PARA,  PREMEDITADAMENTE,  GENERALIZAR EL MIEDO EN TODO EL PA\u00cdS, SE ENFRENTA  AHORA A LAS VOCES  DIGNAS Y ORGANIZADAS DE FAMILIARES DE V\u00cdCTIMAS DE ESA  GUERRA.<\/strong><\/p>\n<p><strong>ESTAS VOCES QUE SURGEN  DE DIFERENTES RINCONES DE NUESTRO PA\u00cdS NOS  CONVOCAN A MOVILIZARNOS Y  MANIFESTARNOS PARA DETENER LA LOCURA  ORGANIZADA Y DESORGANIZADA QUE  EST\u00c1 COBRANDO VIDAS INOCENTES, QUE SON  NUEVAMENTE ASESINADAS AL SER  CALIFICADAS, POR LA SIMPLEZA GUBERNAMENTAL,  COMO SICARIOS O V\u00cdCTIMAS  COLATERALES.<\/strong><\/p>\n<p><strong>RESPONDIENDO A ESE LLAMADO QUE NACE, ENTRE OTROS, DEL DOLOR DEL COMPA\u00d1ERO POETA JAVIER SICILIA,  EL EZLN COMUNICA:<\/strong><\/p>\n<p><strong>PRIMERO.- BASES DE APOYO  DEL EZLN MARCHAR\u00c1N EN SILENCIO EN LA CIUDAD  DE SAN CRIST\u00d3BAL DE LAS  CASAS, CHIAPAS, EL D\u00cdA 7 DE MAYO DEL 2011, PARA  SALUDAR Y APOYAR LA  DIGNA VOZ QUE RECLAMA JUSTICIA.  EL CONTINGENTE  ZAPATISTA PARTIR\u00c1, EN  HORAS DE LA TARDE, DE LA CALLE FRENTE AL CIDECI,  EN SAN CRIST\u00d3BAL DE  LAS CASAS, Y MARCHAR\u00c1 HASTA LA PLAZA DE LA PAZ,  FRENTE A LA CATEDRAL.   AL LLEGAR A LA PLAZA SE LEER\u00c1 UN MENSAJE DEL EZLN  Y DESPU\u00c9S L@S  ZAPATISTAS RETORNAR\u00c1N A SUS COMUNIDADES.<\/strong><\/p>\n<p><strong>SEGUNDO.- SIGUIENDO LA  CONVOCATORIA DE LA LLAMADA MARCHA NACIONAL POR  LA JUSTICIA Y CONTRA LA  IMPUNIDAD, LLAMAMOS A NUESTR@S COMPA\u00d1ER@S DE LA  OTRA CAMPA\u00d1A EN M\u00c9XICO Y  EN EL MUNDO, A L@S INDIVIDU@S, GRUPOS,  COLECTIVOS, ORGANIZACIONES,  MOVIMIENTOS Y PUEBLOS ORIGINARIOS ADHERENTES  A LA SEXTA DECLARACI\u00d3N DE  LA SELVA LACANDONA, PARA QUE, EN LA MEDIDA DE  SUS POSIBILIDADES Y EN  SUS CONDICIONES, SE SUMEN A LA JUSTA DEMANDA DE  ESTA MARCHA NACIONAL,  SEA ACOMPA\u00d1ANDO LA MARCHA CENTRAL QUE PARTE DE LA  CIUDAD DE CUERNAVACA,  MORELOS, EL D\u00cdA 5 DE MAYO DEL 2011, EN LA CIUDAD  DE M\u00c9XICO EL D\u00cdA 8 DE  MAYO DEL 2011, O ENTRE LOS D\u00cdAS 5 Y 8 DE MAYO DEL  2011 EN SUS  LOCALIDADES MEDIANTE MARCHAS EN SILENCIO CON MANTAS Y  CARTELES,  M\u00cdTINES, ACTOS CULTURALES, ETC., CON LAS SIGUIENTES CONSIGNAS:<\/strong><\/p>\n<p><strong> \u00a1ALTO A LA GUERRA DE CALDER\u00d3N! <\/strong><\/p>\n<p><strong>\u00a1NO M\u00c1S SANGRE!<\/strong><\/p>\n<p><strong>\u00a1ESTAMOS HASTA LA MADRE DE\u2026!<\/strong><br \/>\n<strong> (donde cada quien complete la frase con sus demandas particulares).<\/strong><\/p>\n<p><strong>TERCERO.- HACEMOS UN  LLAMADO ESPECIAL A NUESTR@S COMPA\u00d1ER@S DE LA  OTRA EN CHIAPAS PARA QUE  SE MANIFIESTEN, EN SILENCIO, JUNTO A NOSOTR@S  EL D\u00cdA 7 DE MAYO DEL 2011  Y QUE SE RE\u00daNAN EN EL CIDECI, EN SAN CRIST\u00d3BAL  DE LAS CASAS, CHIAPAS,  AL MEDIOD\u00cdA, PARA DE AH\u00cd CAMINAR HASTA LA PLAZA  DE LA PAZ.<\/strong><\/p>\n<p><strong>CUARTO.- CONVOCAMOS A  NUESTR@S COMPA\u00d1ER@S DE LA ZEZTA INTERNACIONAL A  QUE, EN SUS RESPECTIVAS  GEOGRAF\u00cdAS Y CALENDARIOS, APOYEN ESTA DEMANDA  DE QUE SE DETENGA EL  BA\u00d1O DE SANGRE QUE OCURRE EN TIERRAS MEXICANAS Y SE  HAGA JUSTICIA A LAS  V\u00cdCTIMAS.<\/strong><\/p>\n<p><strong>QUINTO.- LLAMAMOS  TAMBI\u00c9N A LOS PUEBLOS ORIGINARIOS DE M\u00c9XICO,  AGRUPADOS EN EL CONGRESO  NACIONAL IND\u00cdGENA, A QUE APOYEN ESTA LUCHA POR  TERMINAR LA PESADILLA DE  SANGRE QUE ENVUELVE NUESTROS SUELOS.<\/strong><\/p>\n<p><strong>SEXTO.- RESPONDIENDO AL  EXHORTO DE NOMBRAR A LAS V\u00cdCTIMAS DE ESTA  GUERRA, NOMBRAMOS A LOS  ASESINADOS POR UN GRUPO CRIMINAL EN VILLAS DE  SALV\u00c1RCAR, CIUDAD JU\u00c1REZ,  CHIHUAHUA, A FINALES DE ENERO DEL 2010, Y QUE  ESPERAN JUSTICIA:<\/strong><\/p>\n<table width=\"100%\">\n<tbody>\n<tr>\n<td width=\"50%\"><strong>Marcos Pi\u00f1a D\u00e1vila<\/strong><br \/>\n<strong> Jos\u00e9 Luis Pi\u00f1a D\u00e1vila<\/strong><br \/>\n<strong> Rodrigo Cadena D\u00e1vila<\/strong><br \/>\n<strong> Juan Carlos Medrano<\/strong><br \/>\n<strong> Horacio Alberto Soto Camargo<\/strong><br \/>\n<strong> Jos\u00e9 Luis Aguilar Camargo<\/strong><br \/>\n<strong> Yomira Aurora Delgado<\/strong><br \/>\n<strong> Brenda Ivonne Escamilla<\/strong><\/td>\n<td width=\"50%\"><strong>Jos\u00e9 Adrian Encino Hern\u00e1ndez<\/strong><br \/>\n<strong> Edgar Mart\u00ednez D\u00edaz<\/strong><br \/>\n<strong> Jes\u00fas Enr\u00edquez<\/strong><br \/>\n<strong> Jes\u00fas Armando Segovia Ortiz<\/strong><br \/>\n<strong> Carlos Lucio Moreno<\/strong><br \/>\n<strong> Eduardo Becerra.<\/strong><br \/>\n<strong> Jaime Rosales<\/strong><\/td>\n<\/tr>\n<\/tbody>\n<\/table>\n<p><strong> \u00a1NO EST\u00c1N SOLOS! <\/strong><\/p>\n<p><strong>\u00a1DEMOCRACIA!<\/strong><br \/>\n<strong> \u00a1LIBERTAD!<\/strong><br \/>\n<strong> \u00a1JUSTICIA!<\/strong><\/p>\n<p><strong>Desde las monta\u00f1as del Sureste Mexicano.<\/strong><br \/>\n<strong> POR EL COMIT\u00c9 CLANDESTINO REVOLUCIONARIO IND\u00cdGENA-COMANDANCIA GENERAL DEL EJ\u00c9RCITO ZAPATISTA DE LIBERACI\u00d3N NACIONAL<\/strong><\/p>\n<p style=\"text-align: right;\"><strong>Subcomandante Insurgente Marcos.<\/strong><br \/>\n<strong> M\u00e9xico, Abril del 2011.<\/strong><\/p>\n<p><\/p>","protected":false},"excerpt":{"rendered":"<p>COMUNICADO DEL COMIT\u00c9 CLANDESTINO REVOLUCIONARIO IND\u00cdGENA-COMANDANCIA GENERAL DEL EJ\u00c9RCITO ZAPATISTA DE LIBERACI\u00d3N NACIONAL. M\u00c9XICO. ABRIL DEL 2011. \u201cUn habitante de Los Pinos contempla un atroz crimen, Se desentiende por un a\u00f1o, Cambia de puesto a los muebles que Juegan a ministros y funcionarios Y se refugia en culpable silencio, El descastado, en su af\u00e1n de [&hellip;]<\/p>\n","protected":false},"author":1,"featured_media":0,"comment_status":"open","ping_status":"open","sticky":false,"template":"","format":"standard","meta":{"footnotes":""},"categories":[183],"tags":[926,218],"class_list":["post-2673","post","type-post","status-publish","format-standard","hentry","category-blog","tag-ezln","tag-marcha-por-justicia-y-contra-la-impunidad"],"_links":{"self":[{"href":"https:\/\/radiozapatista.org\/index.php?rest_route=\/wp\/v2\/posts\/2673","targetHints":{"allow":["GET"]}}],"collection":[{"href":"https:\/\/radiozapatista.org\/index.php?rest_route=\/wp\/v2\/posts"}],"about":[{"href":"https:\/\/radiozapatista.org\/index.php?rest_route=\/wp\/v2\/types\/post"}],"author":[{"embeddable":true,"href":"https:\/\/radiozapatista.org\/index.php?rest_route=\/wp\/v2\/users\/1"}],"replies":[{"embeddable":true,"href":"https:\/\/radiozapatista.org\/index.php?rest_route=%2Fwp%2Fv2%2Fcomments&post=2673"}],"version-history":[{"count":0,"href":"https:\/\/radiozapatista.org\/index.php?rest_route=\/wp\/v2\/posts\/2673\/revisions"}],"wp:attachment":[{"href":"https:\/\/radiozapatista.org\/index.php?rest_route=%2Fwp%2Fv2%2Fmedia&parent=2673"}],"wp:term":[{"taxonomy":"category","embeddable":true,"href":"https:\/\/radiozapatista.org\/index.php?rest_route=%2Fwp%2Fv2%2Fcategories&post=2673"},{"taxonomy":"post_tag","embeddable":true,"href":"https:\/\/radiozapatista.org\/index.php?rest_route=%2Fwp%2Fv2%2Ftags&post=2673"}],"curies":[{"name":"wp","href":"https:\/\/api.w.org\/{rel}","templated":true}]}}