{"id":26485,"date":"2018-04-18T11:37:08","date_gmt":"2018-04-18T16:37:08","guid":{"rendered":"https:\/\/radiozapatista.org\/?p=26485"},"modified":"2018-04-18T11:37:08","modified_gmt":"2018-04-18T16:37:08","slug":"la-sexta-bachajon-invitacion-a-la-quinta-conmemoracion-por-juan-vazquez-guzman","status":"publish","type":"post","link":"https:\/\/radiozapatista.org\/?p=26485","title":{"rendered":"[:es]La Sexta Bachaj\u00f3n: Invitaci\u00f3n a la Quinta Conmemoraci\u00f3n por Juan V\u00e1zquez Guzm\u00e1n[:]"},"content":{"rendered":"<p>[:es]<strong>La Sexta Bachaj\u00f3n: Invitaci\u00f3n a la Quinta Conmemoraci\u00f3n por Juan V\u00e1zquez Guzm\u00e1n<\/strong><\/p>\n<p>Compa\u00f1eros y compa\u00f1eras, en este medio les hacemos llegar la invitaci\u00f3n a la Quinta Conmemoraci\u00f3n Anual de nuestro compa\u00f1ero finado Juan V\u00e1zquez Guzm\u00e1n.<\/p>\n<p>Reciban nuestros saludos combativos<\/p>\n<p>EN EJIDO SAN SEBASTI\u00c1N BACHAJ\u00d3N, ADHERENTES A LA SEXTA DECLARACI\u00d3N DE LA SELVA LACANDONA CHIAPAS, M\u00c9XICO, A 11 DE ABRIL DE 2018.<\/p>\n<p>A l@s compa\u00f1er@s adherentes a la Sexta Declaraci\u00f3n de la Selva Lacandona de M\u00e9xico y el Mundo.<\/p>\n<p>Al Movimiento de Justicia por el Barrio de Nueva York.<\/p>\n<p>A los Defensores de Derechos Humanos Solidarios.<\/p>\n<p>Al pueblo en General de M\u00e9xico y el Mundo.<\/p>\n<p>Amigos y amigas, vecinos solidarios, compa\u00f1eros y compa\u00f1eras de lucha y resistencia, en este medio, nos permitimos enviarles saludos combativos a todos y en especial al Grupo del Movimiento de Justicia por el Barrio Nueva York de parte de la familia del finado Juan V\u00e1zquez Guzm\u00e1n y a los Compa\u00f1eros Adherentes a la Sexta.<\/p>\n<p>Para hacerles de su conocimiento y a la vez invitarlos para que asistan en la Quinta Conmemoraci\u00f3n Anual de nuestro compa\u00f1ero finado Juan V\u00e1zquez Guzm\u00e1n, defensor de derechos humanos, para el d\u00eda 24 de abril del presente a\u00f1o, en el transcurso del d\u00eda y en la noche, en el domicilio de sus familiares, en san Sebasti\u00e1n Bachaj\u00f3n, barrio onte\u2019el, salida a Chil\u00f3n, ya que el compa\u00f1ero fue asesinado en frente de su casa el 24 de abril 2013, los familiares de Juan V\u00e1zquez Guzm\u00e1n y los compa\u00f1eros Adherentes a la Sexta Declaraci\u00f3n del Ejido San Sebasti\u00e1n Bachaj\u00f3n les damos la cordial invitaci\u00f3n para que participen y honrar juntos la memoria del compa\u00f1ero, en esta Quinta Conmemoraci\u00f3n Anual.<\/p>\n<p>Desde la zona norte del estado de Chiapas las mujeres y hombres de san Sebasti\u00e1n Bachaj\u00f3n les enviamos combativos saludos.<\/p>\n<p style=\"text-align: center;\">Nunca m\u00e1s un M\u00e9xico sin nosotros<\/p>\n<p style=\"text-align: center;\">Tierra y libertad<\/p>\n<p style=\"text-align: center;\">\u00a1Zapata vive!<\/p>\n<p style=\"text-align: center;\">\u00a1Hasta la victoria siempre!<\/p>\n<p style=\"text-align: center;\">\u00a1Juan V\u00e1zquez guzm\u00e1n vive, la lucha de Bachaj\u00f3n sigue!<\/p>\n<p style=\"text-align: center;\">\u00a1Juan Carlos G\u00f3mez Silvano vive, la lucha de Bachaj\u00f3n sigue!<\/p>\n<p style=\"text-align: center;\">\u00a1No al despojo de los territorios ind\u00edgenas!<\/p>\n<p style=\"text-align: center;\">\u00a1Viva la digna lucha de los compa\u00f1eros y compa\u00f1eras choles del ejido tila!<\/p>\n<p style=\"text-align: center;\">\u00a1JUSTICIA PARA NUESTRO COMPA\u00d1ERO JUAN VAZQUEZ GUZMAN, AYOTZINAPA, ACTEAL, ABC, ATENCO!<\/p>\n<p>[:]<\/p>\n","protected":false},"excerpt":{"rendered":"<p>[:es]La Sexta Bachaj\u00f3n: Invitaci\u00f3n a la Quinta Conmemoraci\u00f3n por Juan V\u00e1zquez Guzm\u00e1n Compa\u00f1eros y compa\u00f1eras, en este medio les hacemos llegar la invitaci\u00f3n a la Quinta Conmemoraci\u00f3n Anual de nuestro compa\u00f1ero finado Juan V\u00e1zquez Guzm\u00e1n. Reciban nuestros saludos combativos EN EJIDO SAN SEBASTI\u00c1N BACHAJ\u00d3N, ADHERENTES A LA SEXTA DECLARACI\u00d3N DE LA SELVA LACANDONA CHIAPAS, M\u00c9XICO, [&hellip;]<\/p>\n","protected":false},"author":19,"featured_media":0,"comment_status":"open","ping_status":"closed","sticky":false,"template":"","format":"standard","meta":{"footnotes":""},"categories":[957,6,956,183],"tags":[79,61],"class_list":["post-26485","post","type-post","status-publish","format-standard","hentry","category-autonomia","category-chiapas","category-sexta","category-blog","tag-autonomia","tag-bachajon"],"_links":{"self":[{"href":"https:\/\/radiozapatista.org\/index.php?rest_route=\/wp\/v2\/posts\/26485","targetHints":{"allow":["GET"]}}],"collection":[{"href":"https:\/\/radiozapatista.org\/index.php?rest_route=\/wp\/v2\/posts"}],"about":[{"href":"https:\/\/radiozapatista.org\/index.php?rest_route=\/wp\/v2\/types\/post"}],"author":[{"embeddable":true,"href":"https:\/\/radiozapatista.org\/index.php?rest_route=\/wp\/v2\/users\/19"}],"replies":[{"embeddable":true,"href":"https:\/\/radiozapatista.org\/index.php?rest_route=%2Fwp%2Fv2%2Fcomments&post=26485"}],"version-history":[{"count":0,"href":"https:\/\/radiozapatista.org\/index.php?rest_route=\/wp\/v2\/posts\/26485\/revisions"}],"wp:attachment":[{"href":"https:\/\/radiozapatista.org\/index.php?rest_route=%2Fwp%2Fv2%2Fmedia&parent=26485"}],"wp:term":[{"taxonomy":"category","embeddable":true,"href":"https:\/\/radiozapatista.org\/index.php?rest_route=%2Fwp%2Fv2%2Fcategories&post=26485"},{"taxonomy":"post_tag","embeddable":true,"href":"https:\/\/radiozapatista.org\/index.php?rest_route=%2Fwp%2Fv2%2Ftags&post=26485"}],"curies":[{"name":"wp","href":"https:\/\/api.w.org\/{rel}","templated":true}]}}