{"id":26359,"date":"2018-04-12T08:00:52","date_gmt":"2018-04-12T13:00:52","guid":{"rendered":"https:\/\/radiozapatista.org\/?p=26359"},"modified":"2018-12-10T13:22:05","modified_gmt":"2018-12-10T19:22:05","slug":"el-estado-frances-intenta-destruir-experiencia-autonoma-la-zad","status":"publish","type":"post","link":"https:\/\/radiozapatista.org\/?p=26359","title":{"rendered":"El Estado franc\u00e9s intenta destruir experiencia aut\u00f3noma: La Zad"},"content":{"rendered":"<p><div class=\"slider js_slider\">\n\t                <div class=\"frame js_frame\">\n\t                    <ul class=\"slides js_slides\"><li class=\"js_slide\"><img loading=\"lazy\" decoding=\"async\" width=\"1200\" height=\"900\" src=\"https:\/\/radiozapatista.org\/wp-content\/uploads\/2018\/04\/zad7.jpg\" class=\"attachment- size-\" alt=\"\" srcset=\"https:\/\/radiozapatista.org\/wp-content\/uploads\/2018\/04\/zad7.jpg 1200w, https:\/\/radiozapatista.org\/wp-content\/uploads\/2018\/04\/zad7-350x263.jpg 350w, https:\/\/radiozapatista.org\/wp-content\/uploads\/2018\/04\/zad7-768x576.jpg 768w, https:\/\/radiozapatista.org\/wp-content\/uploads\/2018\/04\/zad7-1024x768.jpg 1024w\" sizes=\"auto, (max-width: 1200px) 100vw, 1200px\" \/><\/li><li class=\"js_slide\"><img loading=\"lazy\" decoding=\"async\" width=\"1200\" height=\"900\" src=\"https:\/\/radiozapatista.org\/wp-content\/uploads\/2018\/04\/zad6.jpg\" class=\"attachment- size-\" alt=\"\" srcset=\"https:\/\/radiozapatista.org\/wp-content\/uploads\/2018\/04\/zad6.jpg 1200w, https:\/\/radiozapatista.org\/wp-content\/uploads\/2018\/04\/zad6-350x263.jpg 350w, https:\/\/radiozapatista.org\/wp-content\/uploads\/2018\/04\/zad6-768x576.jpg 768w, https:\/\/radiozapatista.org\/wp-content\/uploads\/2018\/04\/zad6-1024x768.jpg 1024w\" sizes=\"auto, (max-width: 1200px) 100vw, 1200px\" \/><\/li><li class=\"js_slide\"><img loading=\"lazy\" decoding=\"async\" width=\"2048\" height=\"1152\" src=\"https:\/\/radiozapatista.org\/wp-content\/uploads\/2018\/04\/zad5.jpg\" class=\"attachment- size-\" alt=\"\" srcset=\"https:\/\/radiozapatista.org\/wp-content\/uploads\/2018\/04\/zad5.jpg 2048w, https:\/\/radiozapatista.org\/wp-content\/uploads\/2018\/04\/zad5-350x197.jpg 350w, https:\/\/radiozapatista.org\/wp-content\/uploads\/2018\/04\/zad5-768x432.jpg 768w, https:\/\/radiozapatista.org\/wp-content\/uploads\/2018\/04\/zad5-1024x576.jpg 1024w\" sizes=\"auto, (max-width: 2048px) 100vw, 2048px\" \/><\/li><li class=\"js_slide\"><img loading=\"lazy\" decoding=\"async\" width=\"1199\" height=\"800\" src=\"https:\/\/radiozapatista.org\/wp-content\/uploads\/2018\/04\/zad4.jpg\" class=\"attachment- size-\" alt=\"\" srcset=\"https:\/\/radiozapatista.org\/wp-content\/uploads\/2018\/04\/zad4.jpg 1199w, https:\/\/radiozapatista.org\/wp-content\/uploads\/2018\/04\/zad4-350x234.jpg 350w, https:\/\/radiozapatista.org\/wp-content\/uploads\/2018\/04\/zad4-768x512.jpg 768w, https:\/\/radiozapatista.org\/wp-content\/uploads\/2018\/04\/zad4-1024x683.jpg 1024w\" sizes=\"auto, (max-width: 1199px) 100vw, 1199px\" \/><\/li><li class=\"js_slide\"><img loading=\"lazy\" decoding=\"async\" width=\"1200\" height=\"1197\" src=\"https:\/\/radiozapatista.org\/wp-content\/uploads\/2018\/04\/zad3.jpg\" class=\"attachment- size-\" alt=\"\" srcset=\"https:\/\/radiozapatista.org\/wp-content\/uploads\/2018\/04\/zad3.jpg 1200w, https:\/\/radiozapatista.org\/wp-content\/uploads\/2018\/04\/zad3-150x150.jpg 150w, https:\/\/radiozapatista.org\/wp-content\/uploads\/2018\/04\/zad3-301x300.jpg 301w, https:\/\/radiozapatista.org\/wp-content\/uploads\/2018\/04\/zad3-768x766.jpg 768w, https:\/\/radiozapatista.org\/wp-content\/uploads\/2018\/04\/zad3-1024x1021.jpg 1024w\" sizes=\"auto, (max-width: 1200px) 100vw, 1200px\" \/><\/li><li class=\"js_slide\"><img loading=\"lazy\" decoding=\"async\" width=\"1200\" height=\"900\" src=\"https:\/\/radiozapatista.org\/wp-content\/uploads\/2018\/04\/zad2.jpg\" class=\"attachment- size-\" alt=\"\" srcset=\"https:\/\/radiozapatista.org\/wp-content\/uploads\/2018\/04\/zad2.jpg 1200w, https:\/\/radiozapatista.org\/wp-content\/uploads\/2018\/04\/zad2-350x263.jpg 350w, https:\/\/radiozapatista.org\/wp-content\/uploads\/2018\/04\/zad2-768x576.jpg 768w, https:\/\/radiozapatista.org\/wp-content\/uploads\/2018\/04\/zad2-1024x768.jpg 1024w\" sizes=\"auto, (max-width: 1200px) 100vw, 1200px\" \/><\/li><li class=\"js_slide\"><img loading=\"lazy\" decoding=\"async\" width=\"500\" height=\"375\" src=\"https:\/\/radiozapatista.org\/wp-content\/uploads\/2018\/04\/zad1.jpg\" class=\"attachment- size-\" alt=\"\" srcset=\"https:\/\/radiozapatista.org\/wp-content\/uploads\/2018\/04\/zad1.jpg 500w, https:\/\/radiozapatista.org\/wp-content\/uploads\/2018\/04\/zad1-350x263.jpg 350w\" sizes=\"auto, (max-width: 500px) 100vw, 500px\" \/><\/li>\t<\/ul>\n\t                <\/div>\n\t\t\t\t\t<span class=\"js_prev rz_slider_nav\"><svg xmlns='http:\/\/www.w3.org\/2000\/svg' viewBox='0 0 40 70'>\n\t<line x1='37' y1='3' x2='3' y2='36' style='stroke:white;stroke-width:5px' \/>\n\t<line x1='3' y1='34' x2='37' y2='67' style='stroke:white;stroke-width:5px' \/>\n<\/svg><\/span>\n\t\t\t\t\t<span class=\"js_next rz_slider_nav\"><svg xmlns='http:\/\/www.w3.org\/2000\/svg' viewBox='0 0 40 70'>\n\t<line x1='3' y1='3' x2='35' y2='36' style='stroke:white;stroke-width:5px' \/>\n\t<line x1='35' y1='34' x2='3' y2='67' style='stroke:white;stroke-width:5px' \/>\n<\/svg><\/span><\/div><script>\n\t'use strict';\n\n\tif(!window.slideshowCodeAlreadyRun) {\n\t\twindow.slideshowCodeAlreadyRun = true;\n\t\tdocument.addEventListener('DOMContentLoaded', function(){\n\t\t\tvar slidersMarkup = document.querySelectorAll('.js_slider'),\n\t\t\t\tsliders = [];\n\n\t        Array.prototype.slice.call(slidersMarkup).forEach(function (element, index) {\n\t            sliders.push( lory(element, {\n\t\t\t\t    \tinfinite: 1\n\t\t            })\n\t\t\t\t);\n\t\t\t\t\/\/ console.log(sliders);\n\t        });\n\n\t\t\t\/\/ reset sliders. firefox bug?\n\t\t\t\/\/ setTimeout(function () {\n\t\t\t\/\/ \tsliders.forEach(function(slider){\n\t\t\t\/\/ \t\tconsole.log(slider);\n\t\t\t\/\/ \t\tslider.reset(); \n\t\t\t\/\/ \t\t\/\/ slider.slideTo(1);\n\t\t\t\/\/ \t});\n\t\t\t\/\/ }, 100);\n\t\n\t\t}); \n\t}\n\t<\/script><\/p>\n<p>Desde el 8 de este mes un enorme operativo policial intenta desalojar la Zad de Notre Dame de Landes, una de las experiencias aut\u00f3nomas m\u00e1s importantes de Francia. Desde las 3 de la madrugada el operativo se implement\u00f3 con brutalidad: filas de camiones azules interminables, tanques blindados, gases lacrimogenos, primeros heridos, primeros arestos. La gendarmeria prohibi\u00f3 la presencia de los medios de comunicaci\u00f3n y bloque\u00f3 su acceso.<\/p>\n<p>Desde Francia, compa\u00f1erxs nos mandan este comunicado, con las declaraciones de quienes desarrollan actividades agr\u00edcolas y otras, expresadas en conferencia de prensa la tarde del 10 de abril.<\/p>\n<hr \/>\n<p>Hoy, en la Rolandie\u0300re, esta\u0301bamos una treintena de personas representando las diversas actividades agri\u0301colas, paragricolas, artesanales y culturales de la ZAD. Hemos llevado un mensaje colectivo para responder a las contra-verdades diseminadas desde ayer por los que nos esta\u0301n expulsando. Tenemos proyectos muy diversos en sus formas, pero somos totalmente solidarios, aun ma\u0301s cuando la prefectura [de polici\u0301a] intenta dividirnos por medio de chantaje a la destruccio\u0301n de nuestras actividades y lugares de vida.<\/p>\n<p>Ayer, la granja de los cents noms ha sido destruida. Esta man\u0303ana, de nuevo, la polici\u0301a [gendarme] queri\u0301a atacarse al gran huerto colectivo de los Rouge et Noir y al huerto de plantas medicinales cercano. Hoy, todas las actividades y las habitaciones de la zona esta\u0301n amenazadas. El gobierno ha decidido interrumpir el dialogo, militarizar la zona, venir destruyendo con excavadoras, vehi\u0301culo blindado, y miles de gendarmes mobiles la esperanza que ha sido sembrada en las tierras de Notre-Dame-des-Landes.<\/p>\n<p><!--more-->Sin embargo, desde semanas, un procedimiento de dialogo y negociaciones habi\u0301a empezado por medio de una delegacio\u0301n comu\u0301n del movimiento. Habi\u0301a confirmado a los poderes pu\u0301blicos nuestra voluntad de empezar un procedimiento de adaptacio\u0301n a las normas, y de regularizacio\u0301n de nuestras actividades y habitaciones en la zona. Habi\u0301a empezado un cierto nu\u0301mero de pasos en este sentido.<\/p>\n<p>Despue\u0301s de la cita de la delegacio\u0301n comu\u0301n con Lecornu, una demanda de cita colectiva fue enviada al director de la Mutualite\u0301 Sociale Agricole de Loire Atlantique. Una copia de este coreo oficial ha sido enviada, por su puesto, a Nicole Klein [que dirige la prefectura]. Ironi\u0301a del destino, esta letra en nombre de la asociacio\u0301n por un porvenir comu\u0301n en el boscaje era co- firmada por un joven campesino-criador de los cents noms [una granja y lugar de vida]. A diferencia de lo que pretendio\u0301 la prefectura ayer para justificar la destruccio\u0301n [de los cents noms], el teni\u0301a una actividad declarada por parte de su reban\u0303o !<\/p>\n<p>Y, el 28 de marzo pasado, durante el ultimo encuentro de la delegacio\u0301n comu\u0301n con la DDTM [Direccio\u0301n Departamental de los Territorios y del Mar], el movimiento habi\u0301a exigido una nueva cita, lo ma\u0301s ra\u0301pido posible \u2014 antes de la intervencio\u0301n anunciada. Al orden del di\u0301a: examinar y discutir una Convencio\u0301n de Ocupacio\u0301n Precaria colectiva, presentar el trabajo en curso sobre la constitucio\u0301n de una cooperativa de actividades juntando a la vez los agricultores individuales y las actividades colectivas, las actividades implantadas desde tiempo y otras que han echo germinar otras posibles ofertas por el abandono del proyecto [de aeropuerto].<\/p>\n<p>Estas ultimas semanas, un cierto numero de proyectos de actividades que no teni\u0301an una existencia legal, han constituido asociaciones segu\u0301n la ley de 1901. Todas las actividades encajadas e inter-dependientes, tanto en el plano agrono\u0301mico (rotacio\u0301n de parcelas) que en el plano de la puesta en comu\u0301n de herramientas, ayuda mutua y construcciones colectivas.<\/p>\n<p>Durante estos encuentros, la delegacio\u0301n comu\u0301n ha exigido tiempo para permitir un dia\u0301logo sereno. El gobierno, con esta operacio\u0301n de limpieza militar, esta en una estrategia de<\/p>\n<p>seleccio\u0301n, de chantaje y de limpieza de la zona que rechazamos. En el contexto de tal intervencio\u0301n, es impensable firmar las Convenciones individuales, cuando lugares pueden ser destruidos en todo momento. La prefectura miente cuando pretende que los pasos solidarios han empezados en este sentido. Nadie lo habi\u0301a hecho, porque el conjunto de los proyectos agri\u0301colas, paragricolas y artesanales de la ZAD habi\u0301an decidido defender la hipo\u0301tesis de una convencio\u0301n colectiva.<\/p>\n<p>Para que el dia\u0301logo vuelva, las expulsiones tienen que pararse. Si\u0301 la prefectura se encierra en en una lo\u0301gica de represio\u0301n tendremos que seguir resistiendo para defender los diferentes lugares de vida en la ZAD. Nos sabemos apoyados desde ayer por un nu\u0301mero creciente de personas y organizaciones de varios tipos. Llamamos desde ahora a todos nuestros apoyos a juntarese para un picnic a la 1 p.m man\u0303ana mie\u0301rcoles 11 de abril en el campo \u00ab pelo blanco \u00bb, entre las fosses noires y las \u00ab vraies rouges \u00bb, en la ZAD.<\/p>","protected":false},"excerpt":{"rendered":"<p>Desde el 8 de este mes un enorme operativo policial intenta desalojar la Zad de Notre Dame de Landes, una de las experiencias aut\u00f3nomas m\u00e1s importantes de Francia. Desde las 3 de la madrugada el operativo se implement\u00f3 con brutalidad: filas de camiones azules interminables, tanques blindados, gases lacrimogenos, primeros heridos, primeros arestos. La gendarmeria [&hellip;]<\/p>\n","protected":false},"author":1,"featured_media":26363,"comment_status":"open","ping_status":"closed","sticky":false,"template":"","format":"standard","meta":{"footnotes":""},"categories":[957,953,190],"tags":[79,84,532,1217],"class_list":["post-26359","post","type-post","status-publish","format-standard","has-post-thumbnail","hentry","category-autonomia","category-mundo","category-radiozapatista","tag-autonomia","tag-desalojo","tag-francia","tag-zad"],"_links":{"self":[{"href":"https:\/\/radiozapatista.org\/index.php?rest_route=\/wp\/v2\/posts\/26359","targetHints":{"allow":["GET"]}}],"collection":[{"href":"https:\/\/radiozapatista.org\/index.php?rest_route=\/wp\/v2\/posts"}],"about":[{"href":"https:\/\/radiozapatista.org\/index.php?rest_route=\/wp\/v2\/types\/post"}],"author":[{"embeddable":true,"href":"https:\/\/radiozapatista.org\/index.php?rest_route=\/wp\/v2\/users\/1"}],"replies":[{"embeddable":true,"href":"https:\/\/radiozapatista.org\/index.php?rest_route=%2Fwp%2Fv2%2Fcomments&post=26359"}],"version-history":[{"count":1,"href":"https:\/\/radiozapatista.org\/index.php?rest_route=\/wp\/v2\/posts\/26359\/revisions"}],"predecessor-version":[{"id":29538,"href":"https:\/\/radiozapatista.org\/index.php?rest_route=\/wp\/v2\/posts\/26359\/revisions\/29538"}],"wp:featuredmedia":[{"embeddable":true,"href":"https:\/\/radiozapatista.org\/index.php?rest_route=\/wp\/v2\/media\/26363"}],"wp:attachment":[{"href":"https:\/\/radiozapatista.org\/index.php?rest_route=%2Fwp%2Fv2%2Fmedia&parent=26359"}],"wp:term":[{"taxonomy":"category","embeddable":true,"href":"https:\/\/radiozapatista.org\/index.php?rest_route=%2Fwp%2Fv2%2Fcategories&post=26359"},{"taxonomy":"post_tag","embeddable":true,"href":"https:\/\/radiozapatista.org\/index.php?rest_route=%2Fwp%2Fv2%2Ftags&post=26359"}],"curies":[{"name":"wp","href":"https:\/\/api.w.org\/{rel}","templated":true}]}}