{"id":26336,"date":"2018-04-04T13:04:35","date_gmt":"2018-04-04T18:04:35","guid":{"rendered":"https:\/\/radiozapatista.org\/?p=26336"},"modified":"2018-04-05T09:01:24","modified_gmt":"2018-04-05T14:01:24","slug":"programa-del-conversatorio-miradas-escuchas-palabras-prohibido-pensar","status":"publish","type":"post","link":"https:\/\/radiozapatista.org\/?p=26336","title":{"rendered":"Programa del Conversatorio \u201cMiradas, escuchas, palabras: \u00bfprohibido pensar?\u201d"},"content":{"rendered":"<p><center><br \/>\n<strong>Programa del Conversatorio<\/strong><br \/>\n<strong>\u201cMiradas, escuchas, palabras: \u00bfprohibido pensar?\u201d<\/strong><\/center><\/p>\n<p style=\"text-align: center;\"><strong>I<\/strong><br \/>\n<strong>Exposiciones de Cartel y Fotograf\u00eda.<\/strong><\/p>\n<p style=\"text-align: center;\">Del 15 al 25 de abril del 2018, en las instalaciones del CIDECI-UniTierra, de San Crist\u00f3bal de Las Casas, Chiapas, M\u00e9xico.<\/p>\n<p style=\"text-align: center;\"><strong><em>Im\u00e1genes de la esperanza<\/em><\/strong>.<\/p>\n<p style=\"text-align: center;\">El arte del cartel en la campa\u00f1a de Marichuy.<br \/>\nCuradur\u00eda de Alejandro Magallanes<\/p>\n<p style=\"text-align: center;\"><strong><em>Ausencias y presencias<\/em><\/strong><\/p>\n<p style=\"text-align: center;\"><em>Mujeres desaparecidas, mujeres en dignidad rebelde<\/em><br \/>\nFotograf\u00edas de Maya Goded y Graciela Iturbide<\/p>\n<p style=\"text-align: center;\"><strong>II<\/strong><br \/>\n<strong>Concierto Musiquero.<\/strong><\/p>\n<p style=\"text-align: center;\">Domingo 15 abril, desde las 1600 horas, en el CIDECI-UniTierra.<br \/>\nPrograma aparte.<\/p>\n<p style=\"text-align: center;\"><strong>III<\/strong><br \/>\n<strong>Sesiones del Conversatorio:<\/strong><\/p>\n<p style=\"text-align: center;\">Lunes 16 de abril, a partir de las 1600 horas:<\/p>\n<p style=\"text-align: center;\"><strong>Marichuy Patricio Mart\u00ednez.<\/strong><br \/>\n<strong>Mercedes Olivera.<\/strong><br \/>\n<strong>M\u00e1rgara Mill\u00e1n.<\/strong><br \/>\n<strong>Sylvia Marcos.<\/strong><\/p>\n<p style=\"text-align: center;\"><!--more--><br \/>\nMartes 17 abril, a partir de las 1600 horas:<\/p>\n<p style=\"text-align: center;\"><strong>Carlos Aguirre Rojas.<\/strong><br \/>\n<strong>Alicia Castellanos.<\/strong><br \/>\n<strong>Gilberto L\u00f3pez y Rivas.<\/strong><br \/>\n<strong>Alejandro Grimson.<\/strong><\/p>\n<p style=\"text-align: center;\">Mi\u00e9rcoles 18 abril, a partir de las 1600 horas:<\/p>\n<p style=\"text-align: center;\">Cine y documental:<\/p>\n<p style=\"text-align: center;\"><strong><em>Tob\u00edas<\/em><\/strong>. Dirige Francisca Dacosta, con presentaci\u00f3n de la directora.<br \/>\n<strong><em>Somos Lengua<\/em><\/strong>.\u00a0 Dirige Kyzza Terrazas, con presentaci\u00f3n del director.<br \/>\n<strong><em>La libertad de diablo<\/em><\/strong>.\u00a0 Dirige Everardo Gonz\u00e1lez, con presentaci\u00f3n del director.<\/p>\n<p style=\"text-align: center;\">Jueves 19 abril, a partir de las 1600 hrs:<\/p>\n<p style=\"text-align: center;\"><strong>Fernanda Navarro.<\/strong><br \/>\n<strong>Lupita V\u00e1zquez Luna.<\/strong><br \/>\n<strong>Erika B\u00e1rcena Ar\u00e9valo.<\/strong><br \/>\n<strong>Jaime Mart\u00ednez Luna.<\/strong><br \/>\n<strong>Carlos L\u00f3pez Beltr\u00e1n.<\/strong><\/p>\n<p style=\"text-align: center;\">Viernes 20 abril, a partir de las 1600 horas:<\/p>\n<p style=\"text-align: center;\"><strong>Jorge Alonso.<\/strong><br \/>\n<strong>Carlos Mendoza.<\/strong><br \/>\n<strong>Jacobo Day\u00e1n.<\/strong><br \/>\n<strong>M\u00f3nica Meltis.<\/strong><br \/>\n<strong>Irene Tello Arista.<\/strong><\/p>\n<p style=\"text-align: center;\">S\u00e1bado 21 abril en la ma\u00f1ana, a partir de las 1000 horas:<\/p>\n<p style=\"text-align: center;\"><strong>Daniela Rea.<\/strong><br \/>\n<strong>Marcela Turati.<\/strong><br \/>\n<strong>Javier Risco.<\/strong><br \/>\n<strong>Emilio Lezama.<\/strong><br \/>\n<strong>Luis Hern\u00e1ndez Navarro.<\/strong><\/p>\n<p style=\"text-align: center;\">S\u00e1bado 21 abril en la tarde, a partir de las 1600 horas:<\/p>\n<p style=\"text-align: center;\"><strong>Marichuy Patricio Mart\u00ednez.<\/strong><br \/>\n<strong>Mardonio Carvallo.<\/strong><br \/>\n<strong>Carlos Gonz\u00e1lez.<\/strong><br \/>\n<strong>Adolfo Gilly.<\/strong><br \/>\n<strong>Juan Carlos Rulfo.<\/strong><br \/>\n<strong>Juan Villoro.<\/strong><br \/>\n<strong>Pablo Gonz\u00e1lez Casanova.<\/strong><\/p>\n<p style=\"text-align: center;\">Domingo 22 abril en la ma\u00f1ana, a partir de las 1000 horas:<\/p>\n<p style=\"text-align: center;\"><strong>Bertha Navarro.<\/strong><br \/>\n<strong>Ximena Antill\u00f3n, Mariana Mora y Edith Escare\u00f1o.<\/strong><br \/>\n<strong>Mauricio Gonz\u00e1lez Gonz\u00e1lez.<\/strong><br \/>\n<strong>John Gibler.<\/strong><\/p>\n<p style=\"text-align: center;\">Domingo 22 abril, a partir de las 1600 horas:<\/p>\n<p style=\"text-align: center;\"><strong>Juan Carlos Rulfo.<\/strong><br \/>\n<strong>Paul Theroux.<\/strong><br \/>\n<strong>Cristina Rivera-Garza.<\/strong><br \/>\n<strong>Abraham Cruzvillegas y Gabriela J\u00e1uregui.<\/strong><br \/>\n<strong>Enrique Serna.<\/strong><\/p>\n<p style=\"text-align: center;\">Lunes 23 abril, a partir de las 1600 horas:<\/p>\n<p style=\"text-align: center;\"><strong>Sergio Rodr\u00edguez Lascano.<\/strong><br \/>\n<strong>Magda G\u00f3mez.<\/strong><br \/>\n<strong>B\u00e1rbara Zamora.<\/strong><br \/>\n<strong>Rafael Casta\u00f1eda.<\/strong><\/p>\n<p style=\"text-align: center;\">Martes 24 abril, a partir de las 1600 horas:<\/p>\n<p style=\"text-align: center;\"><strong>Natalia Berist\u00e1in.<\/strong><br \/>\n<strong>N\u00e9stor Qui\u00f1ones.<\/strong><br \/>\n<strong>Daniel Gim\u00e9nez Cacho.<\/strong><br \/>\n<strong>Y\u00e1snaya Aguilar Gil.<\/strong><\/p>\n<p style=\"text-align: center;\">Mi\u00e9rcoles 25 abril, a partir de las 1600 horas:<\/p>\n<p style=\"text-align: center;\"><strong>Red de Apoyo al CIG-Vocera \/ Colectivo Chiapas.<\/strong><br \/>\n<strong>Red de Apoyo al CIG-Vocera \/ Colectivos Mesa de Bellas Artes.<\/strong><br \/>\n<strong>Ra\u00fal Romero.<\/strong><br \/>\n<strong>Pablo Gonz\u00e1lez Casanova.<\/strong><br \/>\n<strong>Clausura del Conversatorio.<\/strong><\/p>\n<p style=\"text-align: center;\">Equipo de Apoyo.<br \/>\nAbril del 2018.<\/p>\n<p><\/p>","protected":false},"excerpt":{"rendered":"<p>Programa del Conversatorio \u201cMiradas, escuchas, palabras: \u00bfprohibido pensar?\u201d I Exposiciones de Cartel y Fotograf\u00eda. Del 15 al 25 de abril del 2018, en las instalaciones del CIDECI-UniTierra, de San Crist\u00f3bal de Las Casas, Chiapas, M\u00e9xico. Im\u00e1genes de la esperanza. El arte del cartel en la campa\u00f1a de Marichuy. Curadur\u00eda de Alejandro Magallanes Ausencias y presencias [&hellip;]<\/p>\n","protected":false},"author":1,"featured_media":13234,"comment_status":"open","ping_status":"closed","sticky":false,"template":"","format":"standard","meta":{"footnotes":""},"categories":[6,118,955,954],"tags":[923,56,926,1214,897,1213],"class_list":["post-26336","post","type-post","status-publish","format-standard","has-post-thumbnail","hentry","category-chiapas","category-ezln","category-ezln-temas","category-mexico","tag-cideci","tag-encuentros","tag-ezln","tag-miradas","tag-pensamiento-critico","tag-semillero"],"_links":{"self":[{"href":"https:\/\/radiozapatista.org\/index.php?rest_route=\/wp\/v2\/posts\/26336","targetHints":{"allow":["GET"]}}],"collection":[{"href":"https:\/\/radiozapatista.org\/index.php?rest_route=\/wp\/v2\/posts"}],"about":[{"href":"https:\/\/radiozapatista.org\/index.php?rest_route=\/wp\/v2\/types\/post"}],"author":[{"embeddable":true,"href":"https:\/\/radiozapatista.org\/index.php?rest_route=\/wp\/v2\/users\/1"}],"replies":[{"embeddable":true,"href":"https:\/\/radiozapatista.org\/index.php?rest_route=%2Fwp%2Fv2%2Fcomments&post=26336"}],"version-history":[{"count":0,"href":"https:\/\/radiozapatista.org\/index.php?rest_route=\/wp\/v2\/posts\/26336\/revisions"}],"wp:featuredmedia":[{"embeddable":true,"href":"https:\/\/radiozapatista.org\/index.php?rest_route=\/wp\/v2\/media\/13234"}],"wp:attachment":[{"href":"https:\/\/radiozapatista.org\/index.php?rest_route=%2Fwp%2Fv2%2Fmedia&parent=26336"}],"wp:term":[{"taxonomy":"category","embeddable":true,"href":"https:\/\/radiozapatista.org\/index.php?rest_route=%2Fwp%2Fv2%2Fcategories&post=26336"},{"taxonomy":"post_tag","embeddable":true,"href":"https:\/\/radiozapatista.org\/index.php?rest_route=%2Fwp%2Fv2%2Ftags&post=26336"}],"curies":[{"name":"wp","href":"https:\/\/api.w.org\/{rel}","templated":true}]}}