{"id":26330,"date":"2018-04-03T14:39:08","date_gmt":"2018-04-03T19:39:08","guid":{"rendered":"https:\/\/radiozapatista.org\/?p=26330"},"modified":"2018-04-03T14:39:08","modified_gmt":"2018-04-03T19:39:08","slug":"comuneros-de-aldama-denuncian-despojo-y-desplazamiento-forzado","status":"publish","type":"post","link":"https:\/\/radiozapatista.org\/?p=26330","title":{"rendered":"Comuneros de Aldama denuncian despojo y desplazamiento forzado"},"content":{"rendered":"<p>Compartimos aqu\u00ed la denuncia de los comuneros de Aldama:<\/p>\n<hr \/>\n<p style=\"text-align: center;\"><img decoding=\"async\" class=\"alignnone size-full\" src=\"https:\/\/1.bp.blogspot.com\/-ALvqtNX2QR8\/WsPE2MlPETI\/AAAAAAAAKgI\/fLO5gdcjpzQoviE-mBBIJbFFmX3H_FdUACLcBGAs\/s1600\/desplazadasaldamaFrayba.JPG\" width=\"800\" \/><\/p>\n<p>Hacemos un llamado a:<\/p>\n<h4>Los medios de comunicaci\u00f3n, local, nacional e internacional.<br \/>\nAl gobierno estatal y federal.<br \/>\nA las organizaciones civiles de derechos humanos.<br \/>\nA la sociedad civil.<\/p>\n<p>Origen del conflicto:<\/h4>\n<p>El pueblo de Aldama Magdalena queremos externar nuestra preocupaci\u00f3n que hemos vivido entre la comunidad de Santa Martha (Manuel Utrilla) y Aldama donde hemos sufrido el despojo de parcela de 60 hect\u00e1reas que son leg\u00edtimos due\u00f1os ancestralmente de los 115 comuneros de Aldama.<\/p>\n<ol>\n<li>2014 empieza la agresi\u00f3n por parte de Santa Martha a Aldama rob\u00e1ndoles mangueras de agua potable y tala de \u00e1rboles (pino, liquid\u00e1mbar) que son propiedades de Aldama, haciendo la denuncia correspondiente por ecosidio y robo.<\/li>\n<li>2016 el 19 de abril empiezan a cortar el fruto de caf\u00e9 parcela por parcela y tala parcial de algunas matas de caf\u00e9.<\/li>\n<\/ol>\n<p style=\"padding-left: 30px;\">En el mes de mayo y junio: tala total de \u00e1rboles frutales de caf\u00e9 con un total de 40 hect\u00e1reas de cafetal y talando todas las sombras de caf\u00e9 (chalum).<\/p>\n<p style=\"padding-left: 30px;\">El 12 de junio el grupo de invasores despojaron a 7 familias con un total de 52 personas de sus hogares bajo amenazas con armas de fuego y machetes, rob\u00e1ndoles todas sus pertenec\u00edas.<\/p>\n<p style=\"padding-left: 30px;\">El 15 de julio el grupo de invasores quemaron y destruyeron en su totalidad las 7 casas de las familias despojadas de sus hogares.<\/p>\n<p><!--more-->El problema surgi\u00f3 porque en los a\u00f1os setentas, cuando se hizo el plano de Santa Martha se incluyeron predios que ancestralente han pertenecido a Aldama .Hemos hecho varios convenios con Santa Martha donde se acord\u00f3 se respetar\u00eda la posesi\u00f3n de 60 hect\u00e1reas de 115 comuneros de Aldama que hab\u00edan quedado en el plano de Santa Martha pero nos pertenecen, el ultimo convenio fue en el a\u00f1o de 2009.Tambi\u00e9n tenemos la sentencia definitiva basada en el convenio del finiquito agrario que celebramos entre Aldama y Santa Martha ratificado en el tribunal agrario de fecha 01 de diciembre de 2009, en donde el gobierno del estado le indemniza con una remuneraci\u00f3n econ\u00f3mica la cantidad de $ 1,300,000.00 pesos a la comunidad de santa Martha; en ese convenio se menciona en el punto quinto que \u201ctanto el usufructo como la tenencia de la tierra le corresponde de manera vitalicia a la comunidad de Aldama\u201d y en el punto s\u00e9ptimo en donde hace menci\u00f3n muy claro que santa Martha y Aldama determinan y pactan hasta en tanto las obligaciones y derechos inherentes a usos y costumbres de los 115 comuneros involucrados y relacionados en el convenio ya citado, ser\u00e1n regulados por las autoridades comunales de Aldama liber\u00e1ndose de trabajos comunitarios, cooperaciones econ\u00f3micas, cargos tradicionales en la comunidad de santa Martha. Sin embargo Santa Martha no respeta esos acuerdos y sentencia, primero quiso que hici\u00e9ramos trabajos para Santa Martha y hasta le dirigi\u00f3 un escrito al Gobernador solicit\u00e1ndolo, ahora nos ha despojado del predio que somos propietarios ancestrales y que ya hab\u00eda reconocido que nos pertenece.<\/p>\n<p>Hemos acudido en di\u00e1logos con el gobierno del estado y no han hecho nada.<\/p>\n<p>La situaci\u00f3n actual que estamos viviendo en nuestro pueblo de Aldama estamos siendo atacados en nuestras comunidades por grupos armados por parte de santa Martha, todas las noches est\u00e1n disparando con armas de fuego de alto calibre contra las comunidades que ya han sido desplazadas y las dem\u00e1s comunidades de Aldama que son vecinas de Santa Martha, tambi\u00e9n han atacado la cabecera municipal, a gente que va por los caminos y a sus parcelas; no nos permiten trabajar, donde nos ven r\u00e1pido nos agreden por eso tenemos mucho miedo porque a cualquiera que vean le disparan; el d\u00eda de ayer 02 de Abril a las 6:30 de la ma\u00f1ana fueron emboscados y asesinados 3 de nuestros compa\u00f1eros del municipio de Aldama que iban a su parcela, dos de ellos eran menores de edad de 11 y 17 a\u00f1os. Por la violencia se han desplazado de 5 comunidades un aproximado de 700 personas que sus comunidades eran constantemente atacadas, la mayor\u00eda est\u00e1 en el monte, en los cafetales y en la cuevas para proteger sus vidas.<\/p>\n<p>Este grupo de Santa Marha sabemos que reciben apoyo por los grupos armados de Chenalh\u00f3 que atentaron contra Chalchihuitan. Ahora los mismos grupos son los que nos est\u00e1n agrediendo.<\/p>\n<p>Hoy decimos YA BASTA el problema entre los dos pueblos queremos vivir en tranquilidad, en armon\u00eda y en paz, pero sabemos que tenemos instancias del gobierno donde nos puedan solucionar el problema pero hasta la fecha no nos han hecho caso al respecto a pesar de que llevamos a\u00f1os insistiendo soluci\u00f3n.<\/p>\n<p>Como lo hemos mencionado en nuestros escritos anteriores que lo \u00fanico que pedimos y <strong>exigimos<\/strong> al gobierno del estado son los siguientes:<\/p>\n<ul>\n<li>Que se respete el convenio que fue ratificado en el tribunal unitario agrario de fecha 01 de diciembre de 2009 donde Santa Martha reconoce que Aldama es el propietario de las 60 hect\u00e1reas en conflicto y que los 115 comuneros no tienen obligaciones para Santa Martha sino para Aldama.<\/li>\n<li>Que se deje en libertad las 60 hect\u00e1reas de nuestras tierras que es el \u00fanico patrimonio que tenemos que ancestralmente lo hemos obtenido.<\/li>\n<li>Exigimos la reparaci\u00f3n de da\u00f1os que fue destruida en su totalidad.<\/li>\n<li>Aplicaci\u00f3n del estado de derecho y la ejecuci\u00f3n de las \u00f3rdenes de aprehensi\u00f3n en contra de los agresores.<\/li>\n<li>No a la persecuci\u00f3n a los representantes de los 115 comuneros.<\/li>\n<li>Atenci\u00f3n de las familias desplazadas desde el 2016 por el grupo de santa Martha que invadi\u00f3 las 60 hect\u00e1reas.<\/li>\n<li>Alto a la violencia que ha generado desplazados de 5 comunidades.<\/li>\n<li>Investigaci\u00f3n del grupo armado en santa Martha, chenalho.<\/li>\n<\/ul>\n<p>Nos solidarizamos con todos los desplazados de Chiapas. Actualmente con los de chalchihuitan por causa de chenalho y pedimos que est\u00e9n atentos y nos apoyen a difundir nuestra situaci\u00f3n.<\/p>\n<p style=\"text-align: center;\">ATENTAMENTE:<\/p>\n<p style=\"text-align: center;\">Representantes de los 115 comuneros afectados<\/p>\n<p style=\"text-align: center;\">C. Crist\u00f3bal Santiz Jim\u00e9nez<\/p>\n<p style=\"text-align: center;\">C. Mateo Jim\u00e9nez L\u00f3pez<\/p>\n<p style=\"text-align: center;\">COMISARIADO DE BIENES COMUNALES.<\/p>\n<p style=\"text-align: center;\">C. Marcos Ruiz Hern\u00e1ndez<\/p>\n<h4>ANTECEDENTES DE LOS HECHOS:<\/h4>\n<ol>\n<li>1977 elaboraci\u00f3n del primer convenio entre Aldama y Santa Martha.<\/li>\n<li>1995 reestructuraci\u00f3n del primer convenio elaborado en el a\u00f1o 1977 para integrar los nuevos integrantes de comuneros por parte de Aldama.<\/li>\n<li>2009 elaboraci\u00f3n del convenio del tribunal agrario llevando consigo las clausulas y sentencias de manera definitiva al problema.<\/li>\n<\/ol>\n<p>Foto: Comuneros y representantes de desplazados de Aldama denuncian despojo y desplazamiento forzado. Conferencia de prensa. 03 de abril abril 2018. (Frayba)<\/p>\n<p>Leer:<\/p>\n<p><a href=\"https:\/\/frayba.org.mx\/impunidad-aumenta-muertes-y-desplazamiento-forzado-en-chiapas\/\" target=\"_blank\" rel=\"noopener\">Impunidad aumenta muertes y desplazamiento forzado en Chiapas<\/a><\/p>\n<p><a href=\"https:\/\/regeneracionradio.org\/index.php\/invitaciones-2\/especiales\/fotoreportajes\/item\/4875-foto-reportaje-desplazamientos-forzados-provocan-crisis-humanitaria-en-los-altos-de-chiapas\" target=\"_blank\" rel=\"noopener\">Desplazamiento forzados provocan crisis humanitaria en Chiapas<\/a><\/p>\n<p>&nbsp;<\/p>\n<p>Fuente: <a href=\"https:\/\/chiapasdenuncia.blogspot.mx\/2018\/04\/comuneros-de-aldama-denuncian-despojo-y.html\" target=\"_blank\" rel=\"noopener\">Chiapas Denuncia P\u00fablica<\/a><\/p>","protected":false},"excerpt":{"rendered":"<p>Compartimos aqu\u00ed la denuncia de los comuneros de Aldama: Hacemos un llamado a: Los medios de comunicaci\u00f3n, local, nacional e internacional. Al gobierno estatal y federal. A las organizaciones civiles de derechos humanos. A la sociedad civil. Origen del conflicto: El pueblo de Aldama Magdalena queremos externar nuestra preocupaci\u00f3n que hemos vivido entre la comunidad [&hellip;]<\/p>\n","protected":false},"author":1,"featured_media":0,"comment_status":"open","ping_status":"closed","sticky":false,"template":"","format":"standard","meta":{"footnotes":""},"categories":[6,183],"tags":[1212,773,572,782,912,23],"class_list":["post-26330","post","type-post","status-publish","format-standard","hentry","category-chiapas","category-blog","tag-aldama","tag-chenalho","tag-desplazados","tag-desplazamiento-forzado","tag-narcoestado","tag-paramilitares"],"_links":{"self":[{"href":"https:\/\/radiozapatista.org\/index.php?rest_route=\/wp\/v2\/posts\/26330","targetHints":{"allow":["GET"]}}],"collection":[{"href":"https:\/\/radiozapatista.org\/index.php?rest_route=\/wp\/v2\/posts"}],"about":[{"href":"https:\/\/radiozapatista.org\/index.php?rest_route=\/wp\/v2\/types\/post"}],"author":[{"embeddable":true,"href":"https:\/\/radiozapatista.org\/index.php?rest_route=\/wp\/v2\/users\/1"}],"replies":[{"embeddable":true,"href":"https:\/\/radiozapatista.org\/index.php?rest_route=%2Fwp%2Fv2%2Fcomments&post=26330"}],"version-history":[{"count":0,"href":"https:\/\/radiozapatista.org\/index.php?rest_route=\/wp\/v2\/posts\/26330\/revisions"}],"wp:attachment":[{"href":"https:\/\/radiozapatista.org\/index.php?rest_route=%2Fwp%2Fv2%2Fmedia&parent=26330"}],"wp:term":[{"taxonomy":"category","embeddable":true,"href":"https:\/\/radiozapatista.org\/index.php?rest_route=%2Fwp%2Fv2%2Fcategories&post=26330"},{"taxonomy":"post_tag","embeddable":true,"href":"https:\/\/radiozapatista.org\/index.php?rest_route=%2Fwp%2Fv2%2Ftags&post=26330"}],"curies":[{"name":"wp","href":"https:\/\/api.w.org\/{rel}","templated":true}]}}