{"id":2611,"date":"2011-04-25T02:05:41","date_gmt":"2011-04-25T07:05:41","guid":{"rendered":"https:\/\/radiozapatista.org\/?p=2611"},"modified":"2011-04-25T02:05:41","modified_gmt":"2011-04-25T07:05:41","slug":"declaracion-ante-agresiones-contra-bases-de-apoyo-zapatistas","status":"publish","type":"post","link":"https:\/\/radiozapatista.org\/?p=2611","title":{"rendered":"Declaraci\u00f3n ante agresiones contra Bases de Apoyo Zapatistas"},"content":{"rendered":"<p>\u00a1ALTO A LAS AGRESIONES A LAS COMUNIDADES ZAPATISTAS!<\/p>\n<p>\u00a1INMEDIATA LIBERTAD A PATRICIO DOMINGUEZ VAZQUEZ!<\/p>\n<p>La escalada de violencia y estulticia que los personeros de la <em>clase pol\u00edtica<\/em>,  est\u00e1n aplicando a lo largo y ancho de nuestra naci\u00f3n, se aplica con  inusitada fuerza en contra de los compa\u00f1eros chiapanecos, bases de apoyo  del EZLN y adherentes de La Otra Campa\u00f1a. En el Ejido Monte Redondo, de  Frontera Comalapa Chiapas, militantes de los partidos PRD, Verde y PAN,  encabezados por el Comisariado Ejidal Emar S\u00e1nchez Carrillo, la agente  del ministerio p\u00fablico\u00a0Angeles Daniel Z\u00fa\u00f1iga Ballinas y el Presidente  Municipal David Escobar, han atacado, incendiado, despojado de sus  tierras y\u00a0bienes, a los habitantes de esta comunidad. El compa\u00f1ero  Patricio Dom\u00ednguez V\u00e1zquez sufri\u00f3 una fuerte agresi\u00f3n f\u00edsica, la  destrucci\u00f3n y quema de su hogar y adem\u00e1s,\u00a0esta privado de su libertad de  manera absurda, se aplica la vieja concepci\u00f3n corrupta del priismo &#8220;al  ladr\u00f3n, al ladr\u00f3n&#8221;, cuando fueron ellos los que atacaron, golpearon,  vejaron y robaron a los dignos campesinos Bases de Apoyo del EZLN,  integrantes de la Junta de Buen Gobierno &#8220;Hacia la Esperanza&#8221;.<\/p>\n<div>\n<p>Exigimos  se detenga este horror que la derecha enquistada en los tres niveles de  gobierno ha desatado en contra del pueblo de esta naci\u00f3n, as\u00ed como la  inmediata liberaci\u00f3n de nuestro compa\u00f1ero Patricio Dom\u00ednguez V\u00e1zquez,  preso en el penal de Motozintla.<\/p>\n<p>Llamamos  a todos nuestros compa\u00f1eros y compa\u00f1eras de la Otra Campa\u00f1a, miembros  de la Red Contra la Represi\u00f3n a manifestarse en sus lugares por la  libertad de compa Patricio y por el cese a las agresiones a las  Comunidades y Pueblos Zapatistas de Chiapas.<\/p>\n<p>Contra el despojo y la represi\u00f3n, \u00a1la Solidaridad!<\/p>\n<p style=\"text-align: right;\"><span style=\"font-family: Calibri; font-size: small;\">Red Contra la Represi\u00f3n y por la Solidaridad (RvsR)<\/span><br \/>\n<span style=\"font-family: Calibri; font-size: small;\">Abril de 2011.<\/span><\/p>\n<\/div>\n<hr \/>\n<p><strong>\u00a1CONTRA EL DESPOJO Y LA REPRESI\u00d3N: LA SOLIDARIDAD!<\/strong><br \/>\n<span style=\"color: #888888;\"><strong>Red Contra la Represi\u00f3n y por la Solidaridad<\/strong><br \/>\nCorreo electr\u00f3nico: <a href=\"mailto:redcontralarepresion@gmail.com\" target=\"_blank\">redcontralarepresion@gmail.com<\/a><br \/>\nP\u00e1gina: <a href=\"http:\/\/www.redcontralarepresion.org\/\" target=\"_blank\">http:\/\/www.redcontralarepresion.org\/<\/a><br \/>\n<a href=\"http:\/\/www.facebook.com\/redcontralarepresion\" target=\"_blank\">facebook.com\/redcontralarepresion<\/a><br \/>\n<a href=\"http:\/\/twitter.com\/RvsRepresion\" target=\"_blank\">http:\/\/twitter.com\/RvsRepresion<\/a><br \/>\nTel\u00e9fono: 55 78 07 75 y 55 78 47 11<br \/>\nDirecci\u00f3n: Dr. Carmona y Valle # 32, colonia Doctores, Del. Cuauht\u00e9moc, M\u00e9xico D. F. C.P. 06720<\/span><\/p>","protected":false},"excerpt":{"rendered":"<p>\u00a1ALTO A LAS AGRESIONES A LAS COMUNIDADES ZAPATISTAS! \u00a1INMEDIATA LIBERTAD A PATRICIO DOMINGUEZ VAZQUEZ! La escalada de violencia y estulticia que los personeros de la clase pol\u00edtica, est\u00e1n aplicando a lo largo y ancho de nuestra naci\u00f3n, se aplica con inusitada fuerza en contra de los compa\u00f1eros chiapanecos, bases de apoyo del EZLN y adherentes [&hellip;]<\/p>\n","protected":false},"author":1,"featured_media":0,"comment_status":"open","ping_status":"open","sticky":false,"template":"","format":"standard","meta":{"footnotes":""},"categories":[183],"tags":[926,214],"class_list":["post-2611","post","type-post","status-publish","format-standard","hentry","category-blog","tag-ezln","tag-rvsr"],"_links":{"self":[{"href":"https:\/\/radiozapatista.org\/index.php?rest_route=\/wp\/v2\/posts\/2611","targetHints":{"allow":["GET"]}}],"collection":[{"href":"https:\/\/radiozapatista.org\/index.php?rest_route=\/wp\/v2\/posts"}],"about":[{"href":"https:\/\/radiozapatista.org\/index.php?rest_route=\/wp\/v2\/types\/post"}],"author":[{"embeddable":true,"href":"https:\/\/radiozapatista.org\/index.php?rest_route=\/wp\/v2\/users\/1"}],"replies":[{"embeddable":true,"href":"https:\/\/radiozapatista.org\/index.php?rest_route=%2Fwp%2Fv2%2Fcomments&post=2611"}],"version-history":[{"count":0,"href":"https:\/\/radiozapatista.org\/index.php?rest_route=\/wp\/v2\/posts\/2611\/revisions"}],"wp:attachment":[{"href":"https:\/\/radiozapatista.org\/index.php?rest_route=%2Fwp%2Fv2%2Fmedia&parent=2611"}],"wp:term":[{"taxonomy":"category","embeddable":true,"href":"https:\/\/radiozapatista.org\/index.php?rest_route=%2Fwp%2Fv2%2Fcategories&post=2611"},{"taxonomy":"post_tag","embeddable":true,"href":"https:\/\/radiozapatista.org\/index.php?rest_route=%2Fwp%2Fv2%2Ftags&post=2611"}],"curies":[{"name":"wp","href":"https:\/\/api.w.org\/{rel}","templated":true}]}}