{"id":25908,"date":"2018-02-27T12:21:45","date_gmt":"2018-02-27T18:21:45","guid":{"rendered":"https:\/\/radiozapatista.org\/?p=25908"},"modified":"2020-01-25T07:33:55","modified_gmt":"2020-01-25T13:33:55","slug":"bolivia-raices-en-resistencia-rio-grande-sin-represa-video","status":"publish","type":"post","link":"https:\/\/radiozapatista.org\/?p=25908","title":{"rendered":"Bolivia: Ra\u00edces en resistencia, R\u00edo Grande sin represa (Video)"},"content":{"rendered":"<p><iframe loading=\"lazy\" src=\"https:\/\/www.youtube.com\/embed\/roFIDLyhcfo\" width=\"560\" height=\"315\" frameborder=\"0\" allowfullscreen=\"allowfullscreen\"><\/iframe><\/p>\n<p><strong>El a\u00f1o 2016, el gobierno de Evo Morales, a trav\u00e9s de ENDE adjudic\u00f3 la construcci\u00f3n del Proyecto Hidroel\u00e9ctrico Rositas a la empresa China Asociaci\u00f3n Accidental Rositas (AAR), sin contar con un dise\u00f1o final ni seguir un proceso de licitaci\u00f3n p\u00fablica El proyecto tendr\u00e1 grandes impactos ambientales y sociales debido al desplazamiento obligatorio de sus habitantes a quienes no se les est\u00e1 garantizando su derechos a la consulta. Producido por la Plataforma Boliviana frente al Cambio Clim\u00e1tico, Este video recoge las voces de las comunidades que ser\u00e1n afectadas por el proyecto que hoy viven las presiones del gobierno.<\/strong><\/p>\n<p><strong>De concretarse este proyecto, comunidades ind\u00edgenas guaran\u00ed, comunidades campesinas y de productores, as\u00ed como la famosa Ruta del Che, correr\u00edan el peligro de desaparecer bajo las aguas. <\/strong><\/p>\n<p><strong>En <\/strong><strong>diciembre de ese a\u00f1o, <a href=\"https:\/\/chaskiclandestino.wordpress.com\/\">Chaski Clandestinx<\/a> public\u00f3 un par de art\u00edculos sobre este proyecto. A continuaci\u00f3n compartimos de nuevo parte de su investigaci\u00f3n:\u00a0\u00a0 <\/strong><\/p>\n<p><!--more--><\/p>\n<p style=\"text-align: center;\">R\u00edo Grande represado: el Proyecto Hidroel\u00e9ctrico Rositas y la resistencia ind\u00edgena-popular<\/p>\n<p>&gt;&gt;Represar enormes r\u00edos, domesticarlos a trav\u00e9s de grandes obras de ingenier\u00eda, es la expresi\u00f3n de una forma de entender el \u00a0\u201cdesarrollo\u201d, el \u201cprogreso\u201d y la gesti\u00f3n de recursos h\u00eddricos, por parte de diferentes gobiernos de derecha, izquierda, \u201cprogresistas\u201d o \u201csocialistas\u201d, y empresas ya sean estatales o privadas, desde inicios del siglo XX hasta la actualidad.<\/p>\n<p>La producci\u00f3n de energ\u00eda hidroel\u00e9ctrica es parte fundamental de pol\u00edticas estatales que impulsan la edificaci\u00f3n de represas y megarepresas, habiendo sido considerada como \u201cenerg\u00eda limpia\u201d. No obstante, en todos estos a\u00f1os, las miles de represas y mega represas construidas a nivel mundial, no solo han dejado millones de desplazados debido a los embalses, sino contaminaci\u00f3n producida por \u00e9stas, <strong><em><a href=\"http:\/\/www.mediafire.com\/file\/2zse2mm9wwv2681\/riossilenciados-140507215958-phpapp02.pdf\" target=\"_blank\" rel=\"noopener\">contribuyendo de forma muy significativa a los gases de efecto invernadero en el planeta<\/a><\/em><\/strong>, con consecuencias \u00a0irreversibles en ecosistemas acu\u00e1ticos y ciclos de vida enteros.<\/p>\n<p>Las represas multiprop\u00f3sito y las que son parte de centrales hidroel\u00e9ctricas, fueron construidas<em><strong><a href=\"http:\/\/www.mediafire.com\/file\/2zse2mm9wwv2681\/riossilenciados-140507215958-phpapp02.pdf\" target=\"_blank\" rel=\"noopener\"> desde los a\u00f1os 30 del siglo XX<\/a><\/strong><\/em>, teniendo su auge en los 60, 70 y 80 de este mismo siglo. Bolivia se une \u201calgo\u201d tarde a la construcci\u00f3n de mega represas y proyectos hidroel\u00e9ctricos en la cuenca amaz\u00f3nica, en el marco de una pol\u00edtica energ\u00e9tica que pretende\u00a0<em><strong><a href=\"http:\/\/www.la-razon.com\/index.php?_url=\/economia\/Bolivia-pilares-convertirse-energetico-region_0_2525747437.html\" target=\"_blank\" rel=\"noopener\">instaurar como un pilar de su econom\u00eda la energ\u00eda hidroel\u00e9ctrica<\/a><\/strong><\/em>.<\/p>\n<p>Las hidroel\u00e9ctricas a construirse de acuerdo a este plan, en estos a\u00f1os, El Bala \u2013 Chepete, Cachuela Esperanza, y el desarrollo de <strong><em><a href=\"https:\/\/www.caf.com\/es\/actualidad\/noticias\/2016\/11\/caf-formaliza-cooperacion-tecnica-con-bolivia-y-brasil-en-beneficio-de-la-integracion-energetica\/\" target=\"_blank\" rel=\"noopener\">un complejo Binacional en el R\u00edo Madera<\/a><\/em><\/strong>, se complementan con otros proyectos cuya producci\u00f3n el\u00e9ctrica se<strong><em><a href=\"http:\/\/correodelsur.com\/politica\/20160916_adjudican-la-construccion-de-la-hidroelectrica-rositas.html\" target=\"_blank\" rel=\"noopener\"> unir\u00eda al Sistema Integrado Nacional, como es el caso de Rositas.<\/a><\/em><\/strong> \u00a0Todos son proyectos que se realizar\u00e1n en la cuenca amaz\u00f3nica, la cual est\u00e1 siendo partida por represas y proyectos de este tipo, <strong><em><a href=\"http:\/\/dams-info.org\/en\" target=\"_blank\" rel=\"noopener\">no solo en Bolivia sino en Brasil, Per\u00fa, Ecuador o Colombia.<\/a><\/em><\/strong><\/p>\n<ul>\n<li><strong>El proyecto m\u00faltiple R\u00edo Grande \u2013 Rositas, viejo anhelo de gobiernos departamentales y nacionales<\/strong><\/li>\n<\/ul>\n<p><strong>\u00a0<\/strong>El proyecto hidroel\u00e9ctrico Rositas, surgi\u00f3 hace casi 45 a\u00f1os, como parte del Proyecto M\u00faltiple R\u00edo Grande (-Rositas), que incluye la construcci\u00f3n de una Central Hidroel\u00e9ctrica, la provisi\u00f3n de agua para consumo y riego, l<em><strong><a href=\"http:\/\/www.la-razon.com\/index.php?_url=\/suplementos\/financiero\/Proyecto-hidroelectrico-Rositas-precisa-embalse_0_1801020021.html\" target=\"_blank\" rel=\"noopener\">a provisi\u00f3n de energ\u00eda y control de inundaciones<\/a><\/strong><\/em>.<\/p>\n<p>Es un anhelo de autoridades departamentales de Santa Cruz y prioridad para el neoliberal gobierno del Movimiento Nacionalista Revolucionario, (MNR), en 1987, y para el gobierno del Movimiento Al Socialismo. La postura del partido oficialista, as\u00ed como la del g<strong><em><a href=\"https:\/\/www.youtube.com\/watch?v=sU9ZxPvfg8w\" target=\"_blank\" rel=\"noopener\">obernador Rub\u00e9n Costas, quien considera a Rositas como proyecto \u201cic\u00f3nico<\/a>\u201c,\u00a0<\/em><\/strong>coinciden en la visi\u00f3n de la hidroel\u00e9ctrica Rositas como camino al \u201cprogreso\u201d.<\/p>\n<p>En 1972 la consultora\u00a0<em><strong><a href=\"http:\/\/www.energypress.com.bo\/electricidad-para-todos-los-crucenos\/\" target=\"_blank\" rel=\"noopener\">Harza realiz\u00f3 los primeros estudios<\/a><\/strong><\/em>. Luego, entre 1974 y 1977, la empresa <em><strong><a href=\"https:\/\/www.eldia.com.bo\/index.php?cat=303&amp;pla=3&amp;id_articulo=80780\" target=\"_blank\" rel=\"noopener\">Overseas Bechtel realiz\u00f3 el estudio de Factibilidad<\/a><\/strong><\/em>. Ese 1977 se calcul\u00f3 que el proyecto costar\u00eda 640 millones de d\u00f3lares, pero \u00e9ste fue rechazado.<\/p>\n<p>La ley<em><strong><a href=\"http:\/\/www.lexivox.org\/norms\/BO-L-940.xhtml#norm\" target=\"_blank\" rel=\"noopener\"> No 940 del 5 de octubre de 1987<\/a><\/strong><\/em>, firmada por el entonces presidente V\u00edctor Paz Estenssoro, declar\u00f3 prioridad nacional la construcci\u00f3n del\u00a0<a href=\"http:\/\/cedla.org\/content\/32098\" target=\"_blank\" rel=\"noopener\"><em><strong>Proyecto M\u00faltiple R\u00edo Grande \u2013 Rosita<\/strong><\/em>s<\/a>. El proyecto fue retomado desde 2008 por autoridades departamentales de Santa Cruz, y efectivizado por el gobierno nacional el 2012.<\/p>\n<p>La central hidroel\u00e9ctrica, se prev\u00e9 actualmente, estar\u00eda emplazada \u00a0en la provincia Cordillera, (Santa Cruz), sobre el R\u00edo Grande y su confluencia con el r\u00edo Rositas, en el municipio de Abap\u00f3.<strong><em> G<\/em><em><a href=\"http:\/\/www.corani.com\/index.php\/styles\/hidroelectricos\/rositas\" target=\"_blank\" rel=\"noopener\">enerar\u00eda de 400 a 600 MW<\/a><\/em><\/strong>, siendo la m\u00e1s grande de su tipo en el pa\u00eds. Su construcci\u00f3n ha sido defendida por personeros de gobierno, con el argumento de que ser\u00eda un cambio beneficioso de la matriz energ\u00e9tica basada hasta ahora en combustibles f\u00f3siles,\u00a0<em><strong><a href=\"http:\/\/www2.hidrocarburos.gob.bo\/index.php\/prensa\/noticias\/1615-hidroel%C3%A9ctrica-rositas-se-hace-realidad-en-santa-cruz-con-la-firma-para-su-puesta-en-marcha.html.\" target=\"_blank\" rel=\"noopener\">hacia \u201cenerg\u00edas limpias<\/a><\/strong><\/em><strong>\u201d.<\/strong><a name=\"_ftnref3\"><\/a><a href=\"https:\/\/chaskiclandestino.wordpress.com\/wp-admin\/post.php?post=1384&amp;action=edit#_ftn3\"><strong>[1]<\/strong><\/a><\/p>\n<figure id=\"attachment_1386\" class=\"wp-caption alignnone\"><\/figure>\n<figure id=\"attachment_1386\" class=\"wp-caption aligncenter\" style=\"width: 505px;\" data-shortcode=\"caption\"><a href=\"https:\/\/chaskiclandestino.files.wordpress.com\/2016\/11\/el-deber-poryecto-rositas.jpg\"><img loading=\"lazy\" decoding=\"async\" class=\"wp-image-1386 \" src=\"https:\/\/chaskiclandestino.files.wordpress.com\/2016\/11\/el-deber-poryecto-rositas.jpg?w=700\" sizes=\"auto, (max-width: 650px) 100vw, 650px\" srcset=\"https:\/\/chaskiclandestino.files.wordpress.com\/2016\/11\/el-deber-poryecto-rositas.jpg 650w, https:\/\/chaskiclandestino.files.wordpress.com\/2016\/11\/el-deber-poryecto-rositas.jpg?w=116 116w, https:\/\/chaskiclandestino.files.wordpress.com\/2016\/11\/el-deber-poryecto-rositas.jpg?w=232 232w\" alt=\"el-deber-poryecto-rositas\" width=\"505\" height=\"653\" data-attachment-id=\"1386\" data-permalink=\"https:\/\/chaskiclandestino.wordpress.com\/el-deber-poryecto-rositas\/\" data-orig-file=\"https:\/\/chaskiclandestino.files.wordpress.com\/2016\/11\/el-deber-poryecto-rositas.jpg?w=700\" data-orig-size=\"650,840\" data-comments-opened=\"1\" data-image-meta=\"{&quot;aperture&quot;:&quot;0&quot;,&quot;credit&quot;:&quot;&quot;,&quot;camera&quot;:&quot;&quot;,&quot;caption&quot;:&quot;&quot;,&quot;created_timestamp&quot;:&quot;0&quot;,&quot;copyright&quot;:&quot;&quot;,&quot;focal_length&quot;:&quot;0&quot;,&quot;iso&quot;:&quot;0&quot;,&quot;shutter_speed&quot;:&quot;0&quot;,&quot;title&quot;:&quot;&quot;,&quot;orientation&quot;:&quot;1&quot;}\" data-image-title=\"el-deber-poryecto-rositas\" data-image-description=\"\" data-medium-file=\"https:\/\/chaskiclandestino.files.wordpress.com\/2016\/11\/el-deber-poryecto-rositas.jpg?w=700?w=232\" data-large-file=\"https:\/\/chaskiclandestino.files.wordpress.com\/2016\/11\/el-deber-poryecto-rositas.jpg?w=700?w=650\" \/><\/a><figcaption class=\"wp-caption-text\"><em><strong>Infograf\u00eda del Proyecto Hidroel\u00e9ctrico Rositas (Elaborado por El Deber, 2014)<\/strong><\/em><\/figcaption><\/figure>\n<p>&nbsp;<\/p>\n<ul>\n<li><strong>El \u201cdesembarco<\/strong><strong> chino\u201d en Bolivia: empresas y cr\u00e9ditos chinos en el proyecto Rositas<\/strong><\/li>\n<\/ul>\n<p>Las empresas chinas en estos \u00faltimos a\u00f1os han sentado presencia en Bolivia, como parte de la pol\u00edtica propiciada por el estado chino, de expansi\u00f3n hacia Sudam\u00e9rica.<\/p>\n<p>Se\u00a0han tornado muy importantes \u00a0en el pa\u00eds, los cr\u00e9ditos ofrecidos por la Rep\u00fablica Popular de China y su presencia, primero, mediante acuerdos comerciales en materia agr\u00edcola, de energ\u00eda, miner\u00eda y otros, con los que llegaron diversas empresas estatales o privadas en rubros de construcci\u00f3n, energ\u00eda, exploraci\u00f3n y explotaci\u00f3n minera y petrolera. Luego, a fines de 2015, mediante el otorgamiento de un cr\u00e9dito de\u00a0<strong><em><a href=\"http:\/\/plataformaenergetica.org\/sites\/default\/files\/boletin_pe_15_China_en_Bolivia.pdf\" target=\"_blank\" rel=\"noopener\">7.500 millones de d\u00f3lares, negociado entre el gobierno chino y el gobierno boliviano<\/a>,<\/em><\/strong>destinado a<strong><em>\u00a0<\/em><\/strong>proyectos de infraestructura y energ\u00eda.<\/p>\n<p>Si bien existen denuncias d<a href=\"http:\/\/www.paginasiete.bo\/nacional\/2016\/11\/25\/investigacion-sobre-camc-logro-premio-nacional-periodismo-118278.html\" target=\"_blank\" rel=\"noopener\">e <strong><em>corrupci\u00f3n en el caso de la empresa CAMC y sobre irregularidades en casos <\/em><\/strong><\/a><em><strong>que involucran a otras empresas chinas<\/strong><\/em>, capitales chinos participan para obtener licitaciones de los mencionados proyectos de infraestructura y energ\u00eda, con car\u00e1cter preferencial.<\/p>\n<p>En \u00a0julio de\u00a0 2012,\u00a0 el gobierno boliviano firm\u00f3 con Hydrochina, empresa estatal de China:\u00a0\u201cun Memor\u00e1ndum de Entendimiento dividido en dos fases consecutivas y dependientes; la primera, establece la elaboraci\u00f3n de un estudio de factibilidad bajo la responsabilidad de Hydrochina la cual entregar\u00e1 en\u00a0un plazo de 90 d\u00edas\u00a0a t\u00edtulo gratuito el mencionado estudio[\u2026] La segunda fase consiste en el dise\u00f1o final, financiamiento, construcci\u00f3n y puesta en marcha del\u00a0<strong><i><a href=\"http:\/\/www.erbol.com.bo\/noticia\/economia\/28072012\/bolivia_y_china_firman_acuerdo_para_proyecto_de_energia_multiple_rositas\" target=\"_blank\" rel=\"noopener\">Proyecto Hidroel\u00e9ctrico Rositas<\/a><\/i><\/strong><em>\u201d.<\/em><\/p>\n<p>Sin embargo, la concreci\u00f3n de este proyecto tard\u00f3 algunos a\u00f1os m\u00e1s de los previstos inicialmente. Fue en marzo de 2015 que el gobierno anunci\u00f3 la adjudicaci\u00f3n\u00a0<strong><a href=\"http:\/\/www2.hidrocarburos.gob.bo\/index.php\/prensa\/noticias\/982-empresa-espa%C3%B1ola-eptisa-se-adjudica-proyecto-hidroel%C3%A9ctrico-rositas-y-se-emite-orden-de-proceder.html\" target=\"_blank\" rel=\"noopener\">del dise\u00f1o detallado de la hidroel\u00e9ctrica<\/a>, <\/strong><em>el an\u00e1lisis de viabilidad\u00a0y\u00a0la elaboraci\u00f3n<\/em>\u00a0<em><b><a href=\"http:\/\/www.opinion.com.bo\/opinion\/articulos\/2015\/0318\/noticias.php?id=155651\" target=\"_blank\" rel=\"noopener\">de la licitaci\u00f3n de la obra<\/a>,\u00a0<\/b><\/em>a la empresa espa\u00f1ola<span class=\"apple-converted-space\">\u00a0<\/span><strong><i><a href=\"http:\/\/www2.hidrocarburos.gob.bo\/index.php\/prensa\/noticias\/982-empresa-espa%C3%B1ola-eptisa-se-adjudica-proyecto-hidroel%C3%A9ctrico-rositas-y-se-emite-orden-de-proceder.html\" target=\"_blank\" rel=\"noopener\">EPTISA Servicios de Ingenier\u00eda S.R.L.<\/a>,\u00a0<\/i><\/strong>con un costo de<span class=\"apple-converted-space\">\u00a0<\/span><em><b><a href=\"http:\/\/eju.tv\/2015\/12\/seis-firmas-chinas-pujan-proyecto-hidroelectrico-rositas-santa-cruz\/\" target=\"_blank\" rel=\"noopener\">10 millones de d\u00f3lares<\/a><\/b><\/em>,\u00a0teniendo esta empresa plazo de entrega de los resultados de la primera etapa del estudio hasta enero o febrero de 2017.<\/p>\n<p>EPTISA, ya ha sido denunciada este 2016, por haber afectado el \u00c1rea Protegida Departamental de Manejo Integrado (ANMI), R\u00edo Grande Valles Cruce\u00f1os, y<span class=\"apple-converted-space\">\u00a0<\/span><em><b><a href=\"http:\/\/www.lostiempos.com\/actualidad\/economia\/20161123\/revelan-dano-ambiental-estudios-rositas\" target=\"_blank\" rel=\"noopener\">predios agr\u00edcolas privados<\/a><\/b><\/em>, aunque ENDE<span class=\"apple-converted-space\">\u00a0<\/span><strong><i><a href=\"http:\/\/www.laprensa.com.bo\/diario\/actualidad\/economia\/20161125\/ende-niega-contaminacion-ambiental-en-estudios-para-hidroelectrica_82697_145311.html\" target=\"_blank\" rel=\"noopener\">neg\u00f3 esta situaci\u00f3n<\/a>.<\/i><\/strong><\/p>\n<p><a href=\"https:\/\/chaskiclandestino.wordpress.com\/2016\/12\/05\/rio-grande-represado-el-proyecto-hidroelectrico-rositas\/#_ftnref1\" name=\"_ftn1\"><\/a><\/p>\n<p>Sin esperar que el estudio de EPTISA est\u00e9 concluido, el gobierno lanz\u00f3 la primera convocatoria de la licitaci\u00f3n para la construcci\u00f3n y puesta en marcha de Rositas, el 9 de diciembre de 2015,<span class=\"apple-converted-space\">\u00a0<\/span><strong><i><a href=\"http:\/\/www.lostiempos.com\/actualidad\/economia\/20160504\/cinco-empresas-chinas-pugnan-adjudicarse-hidroelectrica-rositas\" target=\"_blank\" rel=\"noopener\">la cual se declar\u00f3 desierta<\/a>,<\/i><\/strong><span class=\"apple-converted-space\"><b><i>\u00a0<\/i><\/b><\/span>al igual que la<span class=\"apple-converted-space\"><i>\u00a0<\/i><\/span><strong><i><a href=\"http:\/\/www.hidrocarburosbolivia.com\/bolivia-mainmenu-117\/energia\/72541-proyecto-rositas-encara-dos-dificultades-para-despegar.html\" target=\"_blank\" rel=\"noopener\">segunda licitaci\u00f3n<\/a>.<\/i><\/strong><span class=\"apple-converted-space\"><b><i>\u00a0<\/i><\/b><\/span>Despu\u00e9s de la<span class=\"apple-converted-space\"><i>\u00a0<\/i><\/span><strong><i><a href=\"http:\/\/www.ende.bo\/public\/licitaciones\/cdcpp-ende-2015-137-3-convocatoria-publica-.pdf\" target=\"_blank\" rel=\"noopener\">tercera convocatoria en junio de 2016<\/a>,<\/i><\/strong>\u00a0 el 15 de septiembre de este a\u00f1o, \u00a0ENDE adjudic\u00f3 la construcci\u00f3n de la hidroel\u00e9ctrica Rositas a la empresa china Asociaci\u00f3n Accidental Rositas, (AAR), con la modalidad llave en mano<a href=\"https:\/\/chaskiclandestino.wordpress.com\/wp-admin\/post.php?post=1384&amp;action=edit#_ftn12\">[2]<\/a>.<\/p>\n<p>Este contrato para la construcci\u00f3n la central hidroel\u00e9ctrica<span class=\"apple-converted-space\">\u00a0<\/span><strong><a href=\"http:\/\/www.paginasiete.bo\/economia\/2015\/12\/19\/observan-licitacion-proyecto-rositas-80725.html\" target=\"_blank\" rel=\"noopener\"><em>fue cuestionado nuevamente<\/em><span class=\"apple-converted-space\"><i>\u00a0<\/i><\/span><\/a><\/strong>por haber sido firmado por el gobierno,<strong><i><a href=\"http:\/\/www.laprensa.com.bo\/diario\/actualidad\/economia\/20160319\/alistan-licitar-rositas-sin-el-estudio-a-diseno_76193_132120.html\" target=\"_blank\" rel=\"noopener\"><span class=\"apple-converted-space\">\u00a0<\/span>sin el an\u00e1lisis de factibilidad y el \u00a0dise\u00f1o por parte de EPTISA<\/a>,<\/i><\/strong><span class=\"apple-converted-space\"><i>\u00a0<\/i><\/span>aunque su validez estar\u00eda condicionada a la conclusi\u00f3n del estudio a dise\u00f1o final.<\/p>\n<p>La AAR entonces, deber\u00e1 esperar dicho informe y as\u00ed incorporar adendas al contrato, que resulten de la entrega del estudio de\u00a0 EPTISA a principios de 2017.<\/p>\n<blockquote><p><strong><em>DATOS: En la Asociaci\u00f3n Accidental Rositas participan tres empresas,\u00a0C<a href=\"http:\/\/www.lostiempos.com\/actualidad\/economia\/20160915\/adjudican-hidroelectrica-rositas-consorcio-chino-us-1000-millones\" target=\"_blank\" rel=\"noopener\">hina Three Gorges Corporation, China International Water &amp; Electric Corp. y Ritko\u00a0<\/a>que trabajar\u00e1n la construcci\u00f3n bajo la modalidad Llave en Mano \u201cIngenier\u00eda, Suministro y Construcci\u00f3n, Montaje, Pruebas y Puesta en Marcha\u201d de Rositas. La China Three Gorges Corporation construy\u00f3 y\u00a0opera \u201cTres gargantas\u201d, la represa\u00a0<a href=\"http:\/\/www.lavanguardia.com\/economia\/20160919\/41424958595\/china-presa-tres-gargantas-obra.html\" target=\"_blank\" rel=\"noopener\">m\u00e1s grande del mundo<\/a>, la cual ha generado a la par,<a href=\"http:\/\/www.proteger.org.ar\/tres-gargantas-rios-mundo\/\" target=\"_blank\" rel=\"noopener\">\u00a0da\u00f1os\u00a0<\/a>socioambientales tambi\u00e9n <a href=\"http:\/\/diario.latercera.com\/2011\/05\/21\/01\/contenido\/mundo\/8-69786-9-china-admite-por-primera-vez-el-dano-ambiental-que-causa-la-represa-mas-grande.shtml\" target=\"_blank\" rel=\"noopener\">enormes<\/a>.<\/em><\/strong><\/p><\/blockquote>\n<p>La firma de este acuerdo con modalidad llave en mano, se da, seg\u00fan ENDE, de acuerdo al\u00a0<em><strong><a href=\"http:\/\/www.derechoteca.com\/gacetabolivia\/decreto-supremo-no-2574-del-31-de-octubre-de-2015\/\" target=\"_blank\" rel=\"noopener\">decreto supremo n\u00famero \u00a02574 del 31 de octubre de 2015<\/a><\/strong><\/em>, \u00a0que permite\u00a0 que ENDE pueda hacer contrataciones directas bajo dicha modalidad, donde tienen exclusividad empresas chinas, porque, como hemos se\u00f1alado, el financiador de la obra\u00a0<em><strong><a href=\"http:\/\/eju.tv\/2015\/12\/seis-firmas-chinas-pujan-proyecto-hidroelectrico-rositas-santa-cruz\/\" target=\"_blank\" rel=\"noopener\">es el banco chino Eximbank<\/a><\/strong><\/em>.<\/p>\n<p>El cr\u00e9dito chino, seg\u00fan los acuerdos entre los gobiernos chino y boliviano, s<em><b><a href=\"http:\/\/www.lostiempos.com\/actualidad\/economia\/20161012\/credito-chino-se-desembolsara-gradualmente\" target=\"_blank\" rel=\"noopener\">e emitir\u00eda de manera gradual<\/a><\/b><\/em>, es decir, una vez aprobados los proyectos, podr\u00e1 darse paso al respectivo pr\u00e9stamo, lo cual tambi\u00e9n rige para el cr\u00e9dito destinado a Rositas.<\/p>\n<p>As\u00ed, <strong>con un cr\u00e9dito que estar\u00eda por desembolsarse y sin estudio a dise\u00f1o final<\/strong>, la obra ya adjudicada a AAR, ten\u00eda la previsi\u00f3n inicial de un costo superior al de 1.000 millones de d\u00f3lares, comenzando su construcci\u00f3n en 2017, y operando en 2024.<\/p>\n<p>El estudio de Hydrochina calcul\u00f3 que el \u00e1rea de embalse generado por la represa seria de<span class=\"apple-converted-space\"><i>\u00a0<\/i><\/span><em><a href=\"http:\/\/www.la-razon.com\/index.php?_url=\/suplementos\/financiero\/Proyecto-hidroelectrico-Rositas-precisa-embalse_0_1801020021.html\" target=\"_blank\" rel=\"noopener\"><strong>240,9 kil\u00f3metros cuadrados<\/strong><span class=\"apple-converted-space\">\u00a0<\/span><\/a><\/em>, (otros datos mencionan un \u00e1rea de aproximadamente<em><b><a href=\"http:\/\/www.hidrocarburosbolivia.com\/bolivia-mainmenu-117\/energia\/74002-rositas-41-mil-ha-y-1-677-habitantes-seran-afectados.html\" target=\"_blank\" rel=\"noopener\">\u00a041 mil hect\u00e1reas<\/a><\/b><\/em>), afectando a comunidades campesinas e ind\u00edgenas que viven en la provincia Cordillera y Vallegrande y a la Reserva de Bi\u00f3sfera y \u00c1rea Natural de Manejo Integrado (ANMI) R\u00edo Grande \u2013 Valles Cruce\u00f1os. Sin embargo, no es el \u00fanico proyecto hidroel\u00e9ctrico.<\/p>\n<figure id=\"attachment_1433\" class=\"wp-caption aligncenter\">\n<figure id=\"attachment_1433\" class=\"wp-caption aligncenter\" style=\"width: 605px;\" data-shortcode=\"caption\"><a href=\"https:\/\/chaskiclandestino.files.wordpress.com\/2016\/12\/firmacontrato.jpg\"><img loading=\"lazy\" decoding=\"async\" class=\"wp-image-1433 \" src=\"https:\/\/chaskiclandestino.files.wordpress.com\/2016\/12\/firmacontrato.jpg?w=700&amp;h=338\" sizes=\"auto, (max-width: 700px) 100vw, 700px\" srcset=\"https:\/\/chaskiclandestino.files.wordpress.com\/2016\/12\/firmacontrato.jpg?w=700&amp;h=338 700w, https:\/\/chaskiclandestino.files.wordpress.com\/2016\/12\/firmacontrato.jpg?w=150&amp;h=72 150w, https:\/\/chaskiclandestino.files.wordpress.com\/2016\/12\/firmacontrato.jpg?w=300&amp;h=145 300w, https:\/\/chaskiclandestino.files.wordpress.com\/2016\/12\/firmacontrato.jpg?w=768&amp;h=371 768w, https:\/\/chaskiclandestino.files.wordpress.com\/2016\/12\/firmacontrato.jpg?w=1024&amp;h=495 1024w, https:\/\/chaskiclandestino.files.wordpress.com\/2016\/12\/firmacontrato.jpg 1316w\" alt=\"firmacontrato\" width=\"605\" height=\"292\" data-attachment-id=\"1433\" data-permalink=\"https:\/\/chaskiclandestino.wordpress.com\/firmacontrato\/\" data-orig-file=\"https:\/\/chaskiclandestino.files.wordpress.com\/2016\/12\/firmacontrato.jpg?w=700&amp;h=338\" data-orig-size=\"1316,636\" data-comments-opened=\"1\" data-image-meta=\"{&quot;aperture&quot;:&quot;0&quot;,&quot;credit&quot;:&quot;&quot;,&quot;camera&quot;:&quot;&quot;,&quot;caption&quot;:&quot;&quot;,&quot;created_timestamp&quot;:&quot;0&quot;,&quot;copyright&quot;:&quot;&quot;,&quot;focal_length&quot;:&quot;0&quot;,&quot;iso&quot;:&quot;0&quot;,&quot;shutter_speed&quot;:&quot;0&quot;,&quot;title&quot;:&quot;&quot;,&quot;orientation&quot;:&quot;0&quot;}\" data-image-title=\"firmacontrato\" data-image-description=\"\" data-medium-file=\"https:\/\/chaskiclandestino.files.wordpress.com\/2016\/12\/firmacontrato.jpg?w=700&amp;h=338?w=300\" data-large-file=\"https:\/\/chaskiclandestino.files.wordpress.com\/2016\/12\/firmacontrato.jpg?w=700&amp;h=338?w=700\" \/><\/a><figcaption class=\"wp-caption-text\"><strong><em>Autoridades nacionales y departamentales firman contrato para la ejecuci\u00f3n del proyecto hidroel\u00e9ctrico Rositas (Septiembre, 2016. FOTO: Carlos Pe\u00f1a)<\/em><\/strong><\/figcaption><\/figure>\n<p><strong>\u00a0<\/strong><\/figure>\n<ul>\n<li><strong>R\u00edo Grande: reserva de bi\u00f3sfera y \u00e1rea natural invadida por proyectos hidroel\u00e9ctricos<\/strong><\/li>\n<\/ul>\n<p>R\u00edo Grande o Guapay, \u00a0en el \u00c1rea Natural de Manejo Integrado (ANMI) R\u00edo Grande \u2013 Valles Cruce\u00f1os, -afluente del r\u00edo Mamor\u00e9 y parte de la cuenca amaz\u00f3nica-, fue declarado Reserva de la Bi\u00f3sfera, por la Unesco<a name=\"_ftnref32\"><\/a><a href=\"https:\/\/chaskiclandestino.wordpress.com\/wp-admin\/post.php?post=1384&amp;action=edit#_ftn32\">[4]<\/a>, el a\u00f1o 2015, por su diversidad geogr\u00e1fica, cultural y ecol\u00f3gica, y que, por tanto, puede potenciar \u201c<em><strong><a href=\"http:\/\/www.la-razon.com\/sociedad\/Lista-Unesco-Reserva_de_la_Biosfera-Rio_Grande_0_2286971330.html\" target=\"_blank\" rel=\"noopener\">pr\u00e1cticas de \u00a0convivencia de la biodiversidad y su uso sostenible<\/a><\/strong><\/em>\u201d.<\/p>\n<figure id=\"attachment_1385\" class=\"wp-caption aligncenter\">\n<figure id=\"attachment_1385\" class=\"wp-caption aligncenter\" data-shortcode=\"caption\"><a href=\"https:\/\/chaskiclandestino.files.wordpress.com\/2016\/11\/riogrande-unesco.jpg\"><img loading=\"lazy\" decoding=\"async\" class=\"wp-image-1385 size-full\" src=\"https:\/\/chaskiclandestino.files.wordpress.com\/2016\/11\/riogrande-unesco.jpg?w=700&amp;h=457\" sizes=\"auto, (max-width: 700px) 100vw, 700px\" srcset=\"https:\/\/chaskiclandestino.files.wordpress.com\/2016\/11\/riogrande-unesco.jpg?w=700&amp;h=457 700w, https:\/\/chaskiclandestino.files.wordpress.com\/2016\/11\/riogrande-unesco.jpg?w=150&amp;h=98 150w, https:\/\/chaskiclandestino.files.wordpress.com\/2016\/11\/riogrande-unesco.jpg?w=300&amp;h=196 300w, https:\/\/chaskiclandestino.files.wordpress.com\/2016\/11\/riogrande-unesco.jpg?w=768&amp;h=501 768w, https:\/\/chaskiclandestino.files.wordpress.com\/2016\/11\/riogrande-unesco.jpg 800w\" alt=\"riogrande-unesco\" width=\"700\" height=\"457\" data-attachment-id=\"1385\" data-permalink=\"https:\/\/chaskiclandestino.wordpress.com\/riogrande-unesco\/\" data-orig-file=\"https:\/\/chaskiclandestino.files.wordpress.com\/2016\/11\/riogrande-unesco.jpg?w=700&amp;h=457\" data-orig-size=\"800,522\" data-comments-opened=\"1\" data-image-meta=\"{&quot;aperture&quot;:&quot;11&quot;,&quot;credit&quot;:&quot;&quot;,&quot;camera&quot;:&quot;MAXXUM 5D&quot;,&quot;caption&quot;:&quot;&quot;,&quot;created_timestamp&quot;:&quot;1292264021&quot;,&quot;copyright&quot;:&quot;&quot;,&quot;focal_length&quot;:&quot;18&quot;,&quot;iso&quot;:&quot;100&quot;,&quot;shutter_speed&quot;:&quot;0.025&quot;,&quot;title&quot;:&quot;&quot;,&quot;orientation&quot;:&quot;0&quot;}\" data-image-title=\"riogrande-unesco\" data-image-description=\"\" data-medium-file=\"https:\/\/chaskiclandestino.files.wordpress.com\/2016\/11\/riogrande-unesco.jpg?w=700&amp;h=457?w=300\" data-large-file=\"https:\/\/chaskiclandestino.files.wordpress.com\/2016\/11\/riogrande-unesco.jpg?w=700&amp;h=457?w=700\" \/><\/a><figcaption class=\"wp-caption-text\"><strong><em>R\u00edo Grande (Foto: Unesco)<\/em><\/strong><\/figcaption><\/figure><figcaption class=\"wp-caption-text\"><\/figcaption><\/figure>\n<blockquote><p><strong><em>DATOS: \u201cEl R\u00edo Grande est\u00e1 en la Amazon\u00eda boliviana.\u2008Es un afluente del r\u00edo Mamor\u00e9, que discurre por Santa Cruz, en su mayor parte, y como frontera entre Chuquisaca, Cochabamba y Beni. Tiene una longitud de 1.438 km.\u201d (Fuente: La Raz\u00f3n, \u201cLa Unesco declara Reserva de la Biosfera al R\u00edo Grande\u201c, junio de 2015)<\/em><\/strong><\/p><\/blockquote>\n<p>A pesar de todo, el presidente Morales, ha anunciado recientemente la construcci\u00f3n de 8 hidroel\u00e9ctricas a lo largo de la cuenca del R\u00edo Grande,\u00a0<em><strong><a href=\"http:\/\/laestrelladeloriente.com\/index.php?option=com_k2&amp;view=item&amp;id=59261:hidroelectricas-santa-cruz-tendra-5-de-las-8-plantas-de-rio-grande&amp;Itemid=719.\" target=\"_blank\" rel=\"noopener\">cinco de las cuales estar\u00edan en el departamento de Santa Cruz<\/a><\/strong><\/em><a name=\"_ftnref34\"><\/a><a href=\"https:\/\/chaskiclandestino.wordpress.com\/wp-admin\/post.php?post=1384&amp;action=edit#_ftn34\">[5]<\/a>. A\u00fan no se sabe con exactitud c\u00f3mo y cu\u00e1ndo se iniciar\u00edan estos otros \u00a0proyectos hidroel\u00e9ctricos, pero Rositas y las 7 hidroel\u00e9ctricas restantes ya formaban parte del estudio hecho por Harza en 1972.<\/p>\n<p><a href=\"https:\/\/chaskiclandestino.files.wordpress.com\/2016\/12\/harza1.jpg\"><img loading=\"lazy\" decoding=\"async\" class=\"aligncenter size-full wp-image-1425\" src=\"https:\/\/chaskiclandestino.files.wordpress.com\/2016\/12\/harza1.jpg?w=700&amp;h=495\" sizes=\"auto, (max-width: 700px) 100vw, 700px\" srcset=\"https:\/\/chaskiclandestino.files.wordpress.com\/2016\/12\/harza1.jpg?w=700&amp;h=495 700w, https:\/\/chaskiclandestino.files.wordpress.com\/2016\/12\/harza1.jpg?w=150&amp;h=106 150w, https:\/\/chaskiclandestino.files.wordpress.com\/2016\/12\/harza1.jpg?w=300&amp;h=212 300w, https:\/\/chaskiclandestino.files.wordpress.com\/2016\/12\/harza1.jpg?w=768&amp;h=543 768w, https:\/\/chaskiclandestino.files.wordpress.com\/2016\/12\/harza1.jpg 982w\" alt=\"harza1\" width=\"700\" height=\"495\" data-attachment-id=\"1425\" data-permalink=\"https:\/\/chaskiclandestino.wordpress.com\/harza1\/\" data-orig-file=\"https:\/\/chaskiclandestino.files.wordpress.com\/2016\/12\/harza1.jpg?w=700&amp;h=495\" data-orig-size=\"982,694\" data-comments-opened=\"1\" data-image-meta=\"{&quot;aperture&quot;:&quot;0&quot;,&quot;credit&quot;:&quot;&quot;,&quot;camera&quot;:&quot;&quot;,&quot;caption&quot;:&quot;&quot;,&quot;created_timestamp&quot;:&quot;0&quot;,&quot;copyright&quot;:&quot;&quot;,&quot;focal_length&quot;:&quot;0&quot;,&quot;iso&quot;:&quot;0&quot;,&quot;shutter_speed&quot;:&quot;0&quot;,&quot;title&quot;:&quot;&quot;,&quot;orientation&quot;:&quot;0&quot;}\" data-image-title=\"harza1\" data-image-description=\"\" data-medium-file=\"https:\/\/chaskiclandestino.files.wordpress.com\/2016\/12\/harza1.jpg?w=700&amp;h=495?w=300\" data-large-file=\"https:\/\/chaskiclandestino.files.wordpress.com\/2016\/12\/harza1.jpg?w=700&amp;h=495?w=700\" \/><\/a><\/p>\n<p><a href=\"https:\/\/chaskiclandestino.files.wordpress.com\/2016\/12\/ochorepresas.jpg\"><img loading=\"lazy\" decoding=\"async\" class=\"aligncenter size-full wp-image-1416\" src=\"https:\/\/chaskiclandestino.files.wordpress.com\/2016\/12\/ochorepresas.jpg?w=700&amp;h=530\" sizes=\"auto, (max-width: 700px) 100vw, 700px\" srcset=\"https:\/\/chaskiclandestino.files.wordpress.com\/2016\/12\/ochorepresas.jpg?w=700&amp;h=530 700w, https:\/\/chaskiclandestino.files.wordpress.com\/2016\/12\/ochorepresas.jpg?w=150&amp;h=113 150w, https:\/\/chaskiclandestino.files.wordpress.com\/2016\/12\/ochorepresas.jpg?w=300&amp;h=227 300w, https:\/\/chaskiclandestino.files.wordpress.com\/2016\/12\/ochorepresas.jpg?w=768&amp;h=581 768w, https:\/\/chaskiclandestino.files.wordpress.com\/2016\/12\/ochorepresas.jpg 920w\" alt=\"ochorepresas\" width=\"700\" height=\"530\" data-attachment-id=\"1416\" data-permalink=\"https:\/\/chaskiclandestino.wordpress.com\/ochorepresas\/\" data-orig-file=\"https:\/\/chaskiclandestino.files.wordpress.com\/2016\/12\/ochorepresas.jpg?w=700&amp;h=530\" data-orig-size=\"920,696\" data-comments-opened=\"1\" data-image-meta=\"{&quot;aperture&quot;:&quot;0&quot;,&quot;credit&quot;:&quot;&quot;,&quot;camera&quot;:&quot;&quot;,&quot;caption&quot;:&quot;&quot;,&quot;created_timestamp&quot;:&quot;0&quot;,&quot;copyright&quot;:&quot;&quot;,&quot;focal_length&quot;:&quot;0&quot;,&quot;iso&quot;:&quot;0&quot;,&quot;shutter_speed&quot;:&quot;0&quot;,&quot;title&quot;:&quot;&quot;,&quot;orientation&quot;:&quot;0&quot;}\" data-image-title=\"ochorepresas\" data-image-description=\"\" data-medium-file=\"https:\/\/chaskiclandestino.files.wordpress.com\/2016\/12\/ochorepresas.jpg?w=700&amp;h=530?w=300\" data-large-file=\"https:\/\/chaskiclandestino.files.wordpress.com\/2016\/12\/ochorepresas.jpg?w=700&amp;h=530?w=700\" \/><\/a><\/p>\n<div id=\"gallery-1384-6-slideshow\" class=\"slideshow-window jetpack-slideshow slideshow-black\">\n<div class=\"slideshow-slide\">\n<div class=\"slideshow-slide-caption\"><em><strong>Mapa y esquema de las ocho centrales hidroel\u00e9ctricas que se construir\u00edan a lo largo de la cuenca del R\u00edo Grande, que se halla en el documento llamado \u201cRoadshow, expuesto por ENDE en Beijing a principios de 2016. (<a href=\"http:\/\/www.ende.bo\/nacional-internacional\/concluidos\/\" target=\"_blank\" rel=\"noopener\">\u201cComplejo Hidroel\u00e9ctrico R\u00edo Grande \u2013 Rositas\u201d, del 1ero de Febrero del 2016, \u00a0segunda convocatoria<\/a>). Sin embargo en este documento, se anunciaba que la central hidroel\u00e9ctrica Jatun Pampa, no pertenecer\u00eda a este proyecto.<\/strong><\/em><\/div>\n<\/div>\n<\/div>\n<div class=\"slideshow-slide-caption\"><\/div>\n<div class=\"slideshow-slide-caption\">\u2013<\/div>\n<div>\u00a0dfasd<\/div>\n<ul>\n<li><strong>\u00a0Territorio inundado: La Resistencia<\/strong><\/li>\n<\/ul>\n<div><\/div>\n<div>\u00a0<em>\u201cNadie, ni del oficialismo, ni de la oposici\u00f3n debe oponerse\u00a0al desarrollo de este proyecto Rositas, en lo m\u00e1s m\u00ednimo, aquel que se oponga es un enemigo y un traidor al departamento de Santa Cruz\u201d. (Edwin Mu\u00f1oz asamble\u00edsta del MAS por Santa Cruz. E<strong><a href=\"https:\/\/www.youtube.com\/watch?v=DMcbhd0XxWg\" target=\"_blank\" rel=\"noopener\">ntrevista presentada por<\/a>Carlos Pe\u00f1a<\/strong>)<\/em><\/div>\n<p>Es harto significativo el tratamiento de \u201cenemigos\u201d por parte de personeros del MAS. a las organizaciones y personas que se oponen a los mega proyectos como Rositas. Es parte de un discurso, que representa la postura gubernamental respecto a la resistencia ind\u00edgena popular estos \u00faltimos a\u00f1os.<\/p>\n<p>Sin embargo, la oposici\u00f3n a la hidroel\u00e9ctrica Rositas, no surge de \u201cenemigos del desarrollo\u201d, sino de comunidades ind\u00edgenas y de productores, as\u00ed como otras organizaciones, que no fueron consultados sobre el despojo \u00a0de sus tierras y territorios, ni informados sobre la hidroel\u00e9ctrica y sus consecuencias. Hechos que se reproducen cuando\u00a0se ejecutan este tipo de proyectos.<\/p>\n<p>Las comunidades campesinas e ind\u00edgenas \u00a0de las provincias Vallegrande y Cordillera, denunciaron ya a fines del 2015 las\u00a0<strong><a href=\"http:\/\/www.laestrelladeloriente.com\/index.php?option=com_k2&amp;view=item&amp;id=41619:vallegrandinos-se-oponen-proyecto-rositas-podria-inundar-20-comunidades&amp;Itemid=719\" target=\"_blank\" rel=\"noopener\"><em>afectaciones que implicaba el proyecto hidroel\u00e9ctrico<\/em><\/a><em> Rositas<\/em><\/strong>, exigiendo que se trasladase a otro sitio. Las inundaciones \u00a0provocadas por el embalse de la represa, da\u00f1ar\u00edan<strong><em><a href=\"https:\/\/www.eldia.com.bo\/index.php?cat=1&amp;pla=3&amp;id_articulo=211963\" target=\"_blank\" rel=\"noopener\">\u00a0zonas productivas<\/a><\/em><\/strong>.<\/p>\n<div class=\"jetpack-video-wrapper\">\n<div class=\"jetpack-video-wrapper\"><span class=\"embed-youtube\"><iframe loading=\"lazy\" class=\"youtube-player\" src=\"https:\/\/www.youtube.com\/embed\/elUX7W4jUZw?version=3&amp;rel=1&amp;fs=1&amp;autohide=2&amp;showsearch=0&amp;showinfo=1&amp;iv_load_policy=1&amp;wmode=transparent\" width=\"300\" height=\"150\" allowfullscreen=\"allowfullscreen\" data-ratio=\"0.6057142857142858\" data-width=\"700\" data-height=\"424\" data-mce-fragment=\"1\"><\/iframe><\/span><\/div>\n<\/div>\n<p><strong><em>El v\u00eddeo elaborado por Jorge V\u00edctor Gonzales,\u00a0<a href=\"https:\/\/www.youtube.com\/watch?v=veedmRs5JVY\" target=\"_blank\" rel=\"noopener\">adem\u00e1s de algunos reportajes cortos para noticiarios de canales locales<\/a>, es uno de los pocos que transmiten la posici\u00f3n de los habitantes de las zonas afectadas, respecto al proyecto hidroel\u00e9ctrico.<\/em><\/strong><\/p>\n<p>El 2016, el\u00a0 Comit\u00e9 de Defensa de Masicur\u00ed, una de las comunidades afectadas, a<strong><em><a href=\"http:\/\/www.erbol.com.bo\/noticia\/social\/29092016\/temen_que_proyecto_rositas_deje_sin_casa_12_comunidades\" target=\"_blank\" rel=\"noopener\">dvirti\u00f3 que \u00a012 comunidades quedar\u00e1n bajo agua<\/a><\/em><\/strong>. Masicur\u00ed ha sido uno de los poblados donde m\u00e1s resistencia ha generado el proyecto hidroel\u00e9ctrico Rositas, por no haber realizado la consulta a los habitantes de la zona. Dejar la tierra donde han trabajado y vivido toda su vida es algo inconcebible:<\/p>\n<blockquote><p>\u201cNo nos moveremos de ac\u00e1. Nos tendr\u00e1n que sacar muertos cuando el agua inunde nuestros hogares [\u2026] Primero muertos antes que abandonar todo lo que hemos logrado en muchos <a href=\"http:\/\/hoybolivia.com\/movil\/noticia.php?IdNoticia=209983\" target=\"_blank\" rel=\"noopener\"><em><strong>a\u00f1os de trabajo y esfuerzo<\/strong><\/em><\/a>\u201d.<\/p><\/blockquote>\n<p>Lajas Toco, Masicuri, Arenales, Pe\u00f1ones, Mosquera, La Junta, Vado del Yeso y \u00d1ancahuaz\u00fa, son algunos los nombres<a href=\"http:\/\/www.lostiempos.com\/actualidad\/economia\/20160929\/alertan-que-represa-rositas-anegara-12-comunidades\" target=\"_blank\" rel=\"noopener\"><strong><em>\u00a0<\/em><\/strong><\/a><strong><em>de las comunidades que ser\u00e1n afectadas<\/em><em>[25]. <a href=\"https:\/\/www.eldia.com.bo\/index.php?cat=1&amp;pla=3&amp;id_articulo=211963\">Algunas de ellas son poblaciones productoras de leche<\/a><\/em><\/strong>, y otras como Vado del Yeso y \u00d1ancahuaz\u00fa son hist\u00f3ricas por el paso de la guerrilla comandada por Ernesto \u201cChe\u201d Guevara en los a\u00f1os 60. \u00c9stas quedar\u00edan 50 u 80 metros bajo agua.<\/p>\n<p>La comunidad\u00a0 guaran\u00ed afectada La Junta, ubicada en el municipio de Lagunillas, ocupa alrededor de 40 hect\u00e1reas donde sus habitantes producen ma\u00edz, yuca y alimentos para su consumo. Sus autoridades, han denunciado que n<em><strong><a href=\"https:\/\/www.eldia.com.bo\/index.php?cat=1&amp;pla=3&amp;id_articulo=211963\">o tuvieron ning\u00fan tipo de informaci\u00f3n y consulta como pueblo ind\u00edgena, para la construcci\u00f3n de la represa<\/a>.<\/strong><\/em><\/p>\n<p>Mientras esta comunidad guaran\u00ed, -amenazada al punto de posiblemente desaparecer por el efecto del embalse de la central hidroel\u00e9ctrica Rositas-, vive de su propia producci\u00f3n familiar comunitaria,\u00a0 hay otras formas de producci\u00f3n que son t\u00edpicas del\u00a0 agronegocio soyero, que se est\u00e1n expandiendo por esta zona.<\/p>\n<p>Uno de los argumentos fuertes \u00a0esgrimidos por autoridades departamentales cruce\u00f1as y el gobierno central, para justificar la construcci\u00f3n de la hidroel\u00e9ctrica, ha sido el que \u00e9sta servir\u00e1 para dotar agua para riego a la zona del chaco, habilitando por lo menos<em><strong><a href=\"http:\/\/www.hidrocarburosbolivia.com\/noticias-archivadas\/475-energia-archivado\/energia-01-07-2013-01-01-2014\/64729-hidroelectrica-rositas-pende-de-la-cementera-de-yacuses.html\">\u00a0de 200 <\/a>a <a href=\"http:\/\/www2.hidrocarburos.gob.bo\/index.php\/prensa\/noticias\/1737-proyecto-multiprop%C3%B3sito-rositas-garantiza-riego-para-300-mil-hect%C3%A1reas-y-agua-potable-para-los-cruce%C3%B1os.html\" target=\"_blank\" rel=\"noopener\">300 mil<\/a> <\/strong><\/em>hect\u00e1reas de tierra para el cultivo.<\/p>\n<p>El Ministro de Hidrocarburos y Energ\u00eda, <strong><em><a href=\"http:\/\/www2.hidrocarburos.gob.bo\/index.php\/prensa\/noticias\/1737-proyecto-multiprop%C3%B3sito-rositas-garantiza-riego-para-300-mil-hect%C3%A1reas-y-agua-potable-para-los-cruce%C3%B1os.html\" target=\"_blank\" rel=\"noopener\">Luis Alberto S\u00e1nchez, afirm\u00f3 recientemente<\/a><\/em><\/strong>:<\/p>\n<p>(Con Rositas se) crear\u00e1 nuevas \u00e1reas de productividad agr\u00edcola e incorporar\u00e1 a la poblaci\u00f3n rural e ind\u00edgena al proceso productivo agr\u00edcola\u201d.<\/p>\n<p>\u00bfIncorporarlos a cu\u00e1l proceso productivo? \u00bfAl agroindustrial? Como si ahora las comunidades ind\u00edgenas no perteneciesen a ning\u00fan proceso productivo agr\u00edcola. Lo cual habla del no reconocimiento por parte del estado de las formas en que las comunidades conciben \u00a0y viven en sus territorios.<\/p>\n<p>Seg\u00fan el investigador Marco Octavio Ribera, el riego industrial que podr\u00eda producir la represa de Rositas, posibilitar\u00eda la expansi\u00f3n del monocultivo de la soya, as\u00ed como las formas de producci\u00f3n de las\u00a0 colonias menonitas,\u00a0 -de las cuales, <strong><em><a href=\"http:\/\/www.hidrocarburosbolivia.com\/noticias-archivadas\/491-energia-archivado\/energia-01-01-2014-01-07-2014\/68502-el-proyecto-hidroelectrico-rositas-demorara-ocho-anos.html\" target=\"_blank\" rel=\"noopener\">por lo menos 6 en la regi\u00f3n<\/a><\/em><\/strong>, ser\u00e1n beneficiadas con la hidroel\u00e9ctrica-.\u00a0De esta forma se pondr\u00eda en riesgo tambi\u00e9n la zona de influencia oeste del \u00e1rea protegida Kaa Iya, y, por tanto, el interior de la misma \u00e1rea.<a href=\"https:\/\/chaskiclandestino.wordpress.com\/2016\/12\/05\/rio-grande-represado-el-proyecto-hidroelectrico-rositas\/#_ftn31\" name=\"_ftnref31\">[3]<\/a><\/p>\n<p>Este 3 de diciembre, comunidades guaran\u00ed y varias comunidades de productores han presentado ya un primer pronunciamiento de rechazo al proyecto Rositas, por no haber sido informados ni consultados, y por ser \u00e9ste una amenaza para las familias que viven en la zona.<\/p>\n<div id=\"gallery-1384-12\" class=\"gallery galleryid-1384 gallery-columns-2 gallery-size-large\">\n<div class=\"tiled-gallery type-rectangular\" data-original-width=\"700\" data-carousel-extra=\"{&quot;blog_id&quot;:68598041,&quot;permalink&quot;:&quot;https:\\\/\\\/chaskiclandestino.wordpress.com\\\/2016\\\/12\\\/05\\\/rio-grande-represado-el-proyecto-hidroelectrico-rositas-y-la-resistencia-indigena-popular-2\\\/&quot;,&quot;likes_blog_id&quot;:68598041}\">\n<div class=\"gallery-row\" data-original-width=\"700\" data-original-height=\"465\">\n<div class=\"gallery-group images-1\" data-original-width=\"350\" data-original-height=\"465\">\n<div class=\"tiled-gallery-item tiled-gallery-item-large\"><a href=\"https:\/\/chaskiclandestino.wordpress.com\/15319135_10211255780298586_6284926643582092207_n\/\"> <img loading=\"lazy\" decoding=\"async\" title=\"15319135_10211255780298586_6284926643582092207_n\" src=\"https:\/\/chaskiclandestino.files.wordpress.com\/2016\/12\/15319135_10211255780298586_6284926643582092207_n.jpg?w=346&amp;h=461\" alt=\"15319135_10211255780298586_6284926643582092207_n\" width=\"346\" height=\"461\" data-attachment-id=\"1423\" data-orig-file=\"https:\/\/chaskiclandestino.files.wordpress.com\/2016\/12\/15319135_10211255780298586_6284926643582092207_n.jpg\" data-orig-size=\"720,960\" data-comments-opened=\"1\" data-image-meta=\"{&quot;aperture&quot;:&quot;0&quot;,&quot;credit&quot;:&quot;&quot;,&quot;camera&quot;:&quot;&quot;,&quot;caption&quot;:&quot;&quot;,&quot;created_timestamp&quot;:&quot;0&quot;,&quot;copyright&quot;:&quot;&quot;,&quot;focal_length&quot;:&quot;0&quot;,&quot;iso&quot;:&quot;0&quot;,&quot;shutter_speed&quot;:&quot;0&quot;,&quot;title&quot;:&quot;&quot;,&quot;orientation&quot;:&quot;0&quot;}\" data-image-title=\"15319135_10211255780298586_6284926643582092207_n\" data-image-description=\"\" data-medium-file=\"https:\/\/chaskiclandestino.files.wordpress.com\/2016\/12\/15319135_10211255780298586_6284926643582092207_n.jpg?w=225\" data-large-file=\"https:\/\/chaskiclandestino.files.wordpress.com\/2016\/12\/15319135_10211255780298586_6284926643582092207_n.jpg?w=700\" data-original-width=\"346\" data-original-height=\"461\" \/> <\/a><\/div>\n<\/div>\n<div class=\"gallery-group images-1\" data-original-width=\"350\" data-original-height=\"465\">\n<div class=\"tiled-gallery-item tiled-gallery-item-large\"><a href=\"https:\/\/chaskiclandestino.wordpress.com\/15268014_10211255841620119_949057022625507652_n\/\"> <img loading=\"lazy\" decoding=\"async\" title=\"15268014_10211255841620119_949057022625507652_n\" src=\"https:\/\/chaskiclandestino.files.wordpress.com\/2016\/12\/15268014_10211255841620119_949057022625507652_n.jpg?w=346&amp;h=461\" alt=\"15268014_10211255841620119_949057022625507652_n\" width=\"346\" height=\"461\" data-attachment-id=\"1424\" data-orig-file=\"https:\/\/chaskiclandestino.files.wordpress.com\/2016\/12\/15268014_10211255841620119_949057022625507652_n.jpg\" data-orig-size=\"720,960\" data-comments-opened=\"1\" data-image-meta=\"{&quot;aperture&quot;:&quot;0&quot;,&quot;credit&quot;:&quot;&quot;,&quot;camera&quot;:&quot;&quot;,&quot;caption&quot;:&quot;&quot;,&quot;created_timestamp&quot;:&quot;0&quot;,&quot;copyright&quot;:&quot;&quot;,&quot;focal_length&quot;:&quot;0&quot;,&quot;iso&quot;:&quot;0&quot;,&quot;shutter_speed&quot;:&quot;0&quot;,&quot;title&quot;:&quot;&quot;,&quot;orientation&quot;:&quot;0&quot;}\" data-image-title=\"15268014_10211255841620119_949057022625507652_n\" data-image-description=\"\" data-medium-file=\"https:\/\/chaskiclandestino.files.wordpress.com\/2016\/12\/15268014_10211255841620119_949057022625507652_n.jpg?w=225\" data-large-file=\"https:\/\/chaskiclandestino.files.wordpress.com\/2016\/12\/15268014_10211255841620119_949057022625507652_n.jpg?w=700\" data-original-width=\"346\" data-original-height=\"461\" \/> <\/a><\/div>\n<\/div>\n<\/div>\n<\/div>\n<p><strong><em>Pronunciamiento afectados por el proyecto hidroel\u00e9ctrico Rositas (Fotos: Coodapma)<\/em><\/strong><\/p>\n<\/div>\n<p>Los proyectos hidroel\u00e9ctricos planeados y ya llevados a ejecuci\u00f3n por el gobierno boliviano, -como El Bala \u2013 Chepete, las del R\u00edo Madera y las de R\u00edo Grande entre otras-, se suman a las por lo menos 171 hidroel\u00e9ctricas en operaci\u00f3n y 246 en proyecci\u00f3n, en la Pan-Amazon\u00eda,\u00a0<em><strong><a href=\"http:\/\/sabersocial.virtual.avina.net\/DownloadProxy.aspx?file=AmazoniaBajoPresion_10_12_12.pdf\">contabilizadas hasta el 2012<\/a><\/strong><\/em>. Varias de las cuales, como el complejo Tapaj\u00f3s, han provocado ya\u00a0<em><strong><a href=\"https:\/\/news.mongabay.com\/2016\/11\/top-scientists-amazons-tapajos-dam-complex-a-crisis-in-the-making\/\">consecuencias devastadoras en la biodiversidad.<\/a><\/strong><\/em><\/p>\n<p>La cantidad de gente que podr\u00eda ser desplazada por las hidroel\u00e9ctricas a construirse en Bolivia, no puede pasar como otra cifra m\u00e1s de entre las miles de personas en el mundo que han perdido sus territorios, sus hogares, sus maneras de vivir, por los embalses de dichos proyectos.<\/p>\n<p>La Amazon\u00eda no reconoce fronteras, es un gran ecosistema que alberga miles y miles de formas de vida, que est\u00e1n siendo destruidas por los mega-proyectos hidroel\u00e9ctricos, as\u00ed como por la exploraci\u00f3n\u2013 explotaci\u00f3n hidrocarbur\u00edfera y minera, la caza indiscriminada y la deforestaci\u00f3n.<\/p>\n<p>En un contexto de crisis clim\u00e1tica mundial, de aguda sequ\u00eda que afecta a pa\u00edses como Bolivia, <strong><em><a href=\"http:\/\/radio.uchile.cl\/2016\/11\/25\/eduardo-gudynas-los-gobiernos-sudamericanos-dependen-del-extractivismo\/\">la base extractivista que sostiene a los gobiernos sudamericanos<\/a>\u00a0<\/em><\/strong>y, dir\u00edamos, latinoamericanos, -defendida por los progresismos, parad\u00f3jicamente, con una ret\u00f3rica pachamamista-, marca la pauta de la agudizaci\u00f3n del desequilibrio de ecosistemas, de la agon\u00eda de extensas regiones y especies enteras.<\/p>\n<p>Lagos milenarios como el Poop\u00f3 y Uru Uru, est\u00e1n desapareciendo por la contaminaci\u00f3n y la sequ\u00eda. Todo esto, sumado al manejo discrecional, y como bot\u00edn partidario, de instituciones estatales encargadas supuestamente de hacer cumplir normativas legales de preservaci\u00f3n ecol\u00f3gica o, por ejemplo de la previsi\u00f3n para la distribuci\u00f3n del agua, como EPSAS en la ciudad de La Paz.<\/p>\n<p>El gobierno anunci\u00f3 que socializar\u00eda el proyecto hidroel\u00e9ctrico Rositas, (despu\u00e9s de haber firmado los contratos), y negociar\u00eda a fines de este 2016 y a principios de 2017, compensaciones y las maneras de mitigaci\u00f3n a las\u00a0<em><strong><a href=\"http:\/\/www.hidrocarburosbolivia.com\/bolivia-mainmenu-117\/energia\/74517-rositas-ende-hara-levantamiento-de-datos-en-comunidades-afectadas.html\">comunidades afectadas por la central hidroel\u00e9ctrica Rositas<\/a><\/strong><\/em>, dando por hecho el pr\u00f3ximo inicio de obras. Sin embargo ese principio del capitalismo verde, \u201cla mitigaci\u00f3n\u201d<a name=\"_ftnref40\"><\/a><a href=\"https:\/\/chaskiclandestino.wordpress.com\/wp-admin\/post.php?post=1384&amp;action=edit#_ftn40\">[6]<\/a>, no podr\u00e1 reponer los ecosistemas y la vida que crece por cientos de a\u00f1os en la cuenca del R\u00edo Grande.<\/p>\n<p>Las agresiones continuas y sistem\u00e1ticas a los ecosistemas como los de la Amazon\u00eda, -tales como interrumpir el curso natural de los grandes r\u00edos, y la deforestaci\u00f3n-, \u00a0no se perpetran impunemente, la crisis del agua que vivimos en carne propia y el irreversible calentamiento global son una muestra de ello.<\/p>\n<p>Por tanto, si las pol\u00edticas estatales ampl\u00edan y profundizan el despojo y la invasi\u00f3n neo colonial de la amazon\u00eda y otros territorios, \u00a0y las empresas privadas o estatales contin\u00faan enriqueci\u00e9ndose a costa de cientos y miles de desplazamientos forzados y tambi\u00e9n muertes, la lucha, las propuestas alternativas desde abajo, \u00a0y el cambio de lo que se considera como \u00a0\u201cdesarrollo\u201d, son urgentes.<\/p>\n<p><em>RESISTENCIA<\/em><\/p>\n<p><em>Por r\u00edos libres y para la vida<\/em><\/p>\n<p><em>Amazonia indomable<\/em><\/p>\n<p>_______________________<\/p>\n<p>NOTAS<\/p>\n<p><a name=\"_ftn3\"><\/a><a href=\"https:\/\/chaskiclandestino.wordpress.com\/2016\/12\/05\/rio-grande-represado-el-proyecto-hidroelectrico-rositas\/#_ftnref3\">[1]<\/a>\u00a0El 2010 autoridades departamentales de Santa Cruz, afirmaban que la central hidroel\u00e9ctrica producir\u00eda por lo menos 80 millones de d\u00f3lares de ganancias al estado boliviano.<\/p>\n<p><a name=\"_ftn12\"><\/a><a href=\"https:\/\/chaskiclandestino.wordpress.com\/wp-admin\/post.php?post=1384&amp;action=edit#_ftnref12\">[2]<\/a>\u00a0\u201cCuando se le consult\u00f3 por qu\u00e9 no se esperaba el informe final de Eptisa para firmar el contrato, Paz argument\u00f3 que proced\u00edan as\u00ed porque hay dos decretos que exigen a ENDE realizar el acuerdo sin m\u00e1s demora porque, para el Gobierno, Rositas es de inter\u00e9s nacional\u201d. (<a href=\"http:\/\/eldeber.eldeber.com.bo\/economia\/capitales-chinos-adjudican-proyecto-cruceno.html\" rel=\"nofollow\">http:\/\/eldeber.eldeber.com.bo\/economia\/capitales-chinos-adjudican-proyecto-cruceno.html<\/a>)<\/p>\n<p><a name=\"_ftn30\"><\/a><a name=\"_ftn13\"><\/a><a href=\"https:\/\/chaskiclandestino.wordpress.com\/wp-admin\/post.php?post=1384&amp;action=edit#_ftnref30\">[<\/a>3<a name=\"_ftn31\"><\/a><a href=\"https:\/\/chaskiclandestino.wordpress.com\/wp-admin\/post.php?post=1384&amp;action=edit#_ftnref31\">]<\/a>\u00a0Marco Octavio Ribera, \u201cSinopsis del estado ambiental de Bolivia 2009 \u2013 2010, En: Estado Ambiental de Bolivia, LIDEMA, La Paz, 2010,pp.: 24, 285.<\/p>\n<p><a name=\"_ftn32\"><\/a><a href=\"https:\/\/chaskiclandestino.wordpress.com\/wp-admin\/post.php?post=1384&amp;action=edit#_ftnref32\">[4]<\/a>\u00a0Ser\u00edan ocho municipios los que presentaron su petici\u00f3n ante la Unesco para ser declarados como reserva de Bi\u00f3sfera (<a href=\"https:\/\/www.eldia.com.bo\/index.php?cat=356&amp;pla=3&amp;id_articulo=149619\" rel=\"nofollow\">https:\/\/www.eldia.com.bo\/index.php?cat=356&amp;pla=3&amp;id_articulo=149619<\/a>)<\/p>\n<p><a name=\"_ftn34\"><\/a><a href=\"https:\/\/chaskiclandestino.wordpress.com\/wp-admin\/post.php?post=1384&amp;action=edit#_ftnref34\">[5]<\/a>\u00a0\u00a0\u201cEntre las cuales figuran Rositas, La Pesca, Pe\u00f1a Blanca, Ocampo y las Juntas<strong>,<\/strong>\u00a0las cuales generar\u00e1n en su conjunto tres mil MW\/h.\u201c (<a href=\"http:\/\/www.americaeconomica.com\/bolivia\/23951\/bolivia-brasil-proyecto-hidroelectrico.html\" rel=\"nofollow\">http:\/\/www.americaeconomica.com\/bolivia\/23951\/bolivia-brasil-proyecto-hidroelectrico.html<\/a>)<\/p>\n<p><a name=\"_ftn40\"><\/a><a href=\"https:\/\/chaskiclandestino.wordpress.com\/wp-admin\/post.php?post=1384&amp;action=edit#_ftnref40\">[6]<\/a>\u00a0Diego Rodr\u00edguez, Capitalismo verde, CENSAT Agua Viva, 2011.<\/p>\n<p>&nbsp;<\/p>\n<p>&nbsp;<\/p>\n<p>&nbsp;<\/p>","protected":false},"excerpt":{"rendered":"<p>El a\u00f1o 2016, el gobierno de Evo Morales, a trav\u00e9s de ENDE adjudic\u00f3 la construcci\u00f3n del Proyecto Hidroel\u00e9ctrico Rositas a la empresa China Asociaci\u00f3n Accidental Rositas (AAR), sin contar con un dise\u00f1o final ni seguir un proceso de licitaci\u00f3n p\u00fablica El proyecto tendr\u00e1 grandes impactos ambientales y sociales debido al desplazamiento obligatorio de sus habitantes [&hellip;]<\/p>\n","protected":false},"author":13,"featured_media":25909,"comment_status":"open","ping_status":"closed","sticky":false,"template":"","format":"standard","meta":{"footnotes":""},"categories":[51,1284,826,958,935],"tags":[],"class_list":["post-25908","post","type-post","status-publish","format-standard","has-post-thumbnail","hentry","category-autor","category-latinoamerica","category-medios-libres-2","category-megaproyectos","category-temas"],"_links":{"self":[{"href":"https:\/\/radiozapatista.org\/index.php?rest_route=\/wp\/v2\/posts\/25908","targetHints":{"allow":["GET"]}}],"collection":[{"href":"https:\/\/radiozapatista.org\/index.php?rest_route=\/wp\/v2\/posts"}],"about":[{"href":"https:\/\/radiozapatista.org\/index.php?rest_route=\/wp\/v2\/types\/post"}],"author":[{"embeddable":true,"href":"https:\/\/radiozapatista.org\/index.php?rest_route=\/wp\/v2\/users\/13"}],"replies":[{"embeddable":true,"href":"https:\/\/radiozapatista.org\/index.php?rest_route=%2Fwp%2Fv2%2Fcomments&post=25908"}],"version-history":[{"count":1,"href":"https:\/\/radiozapatista.org\/index.php?rest_route=\/wp\/v2\/posts\/25908\/revisions"}],"predecessor-version":[{"id":33828,"href":"https:\/\/radiozapatista.org\/index.php?rest_route=\/wp\/v2\/posts\/25908\/revisions\/33828"}],"wp:featuredmedia":[{"embeddable":true,"href":"https:\/\/radiozapatista.org\/index.php?rest_route=\/wp\/v2\/media\/25909"}],"wp:attachment":[{"href":"https:\/\/radiozapatista.org\/index.php?rest_route=%2Fwp%2Fv2%2Fmedia&parent=25908"}],"wp:term":[{"taxonomy":"category","embeddable":true,"href":"https:\/\/radiozapatista.org\/index.php?rest_route=%2Fwp%2Fv2%2Fcategories&post=25908"},{"taxonomy":"post_tag","embeddable":true,"href":"https:\/\/radiozapatista.org\/index.php?rest_route=%2Fwp%2Fv2%2Ftags&post=25908"}],"curies":[{"name":"wp","href":"https:\/\/api.w.org\/{rel}","templated":true}]}}