{"id":25675,"date":"2018-02-15T07:48:57","date_gmt":"2018-02-15T13:48:57","guid":{"rendered":"https:\/\/radiozapatista.org\/?p=25675"},"modified":"2018-02-15T07:48:57","modified_gmt":"2018-02-15T13:48:57","slug":"actualizacion-sobre-el-accidente-de-la-caravana-del-cig","status":"publish","type":"post","link":"https:\/\/radiozapatista.org\/?p=25675","title":{"rendered":"Actualizaci\u00f3n sobre el accidente de la caravana del CIG"},"content":{"rendered":"<p><\/p>\n<h4 class=\"entry-title\" style=\"text-align: center;\"><a title=\"ACTUALIZACI\u00d3N SOBRE EL ACCIDENTE OCURRIDO ESTA TARDE A LA CAMIONETA EN LA QUE VIAJABAN EL CIG, CNI, LA VOCERA MARICHUY Y LAS REDES DE APOYO SUDCALIFORNIANAS\" href=\"http:\/\/www.congresonacionalindigena.org\/2018\/02\/15\/actualizacion-accidente-ocurrido-esta-tarde-la-camioneta-la-viajaban-cig-cni-la-vocera-marichuy-las-redes-apoyo-sudcalifornianas\/\">ACTUALIZACI\u00d3N SOBRE EL ACCIDENTE OCURRIDO ESTA TARDE A LA CAMIONETA EN LA QUE VIAJABAN EL CIG, CNI, LA VOCERA MARICHUY Y LAS REDES DE APOYO SUDCALIFORNIANAS<\/a><\/h4>\n<p>Las y los integrantes de la caravana del CIG fueron atendidos en el Hospital 5 del Instituto Mexicano del Seguro Social de Guerrero Negro. En este momento se trasladan en dos helic\u00f3pteros de la Fuerza Armada Mexicana, con destino al Hospital de Salvatierra en la ciudad de La Paz.<\/p>\n<p>Les informamos que la compa\u00f1era Mar\u00eda de Jes\u00fas Patricio Mart\u00ednez tuvo fractura de brazo e inflamaci\u00f3n de la cabeza encontr\u00e1ndose estable.<\/p>\n<p>El concejal del pueblo cochimi, Francisco Grado, se encuentra grave con fractura tor\u00e1cica, de pelvis y lesiones craneoencef\u00e1licas.<\/p>\n<p>La concejala kumiai, Lucero Yslava Meza, presenta contusiones, lo mismo que Juana Villa Poblano, delegada comichi del CNI. Los compa\u00f1eros Carlos Gonz\u00e1lez y Oscar Espino de la coordinaci\u00f3n del Concejo Ind\u00edgena de Gobierno presentan lesiones leves.<\/p>\n<p>Del grupo de apoyo al CNI, CIG y su vocera de Baja California Sur viajaban la compa\u00f1era Lorena Moreno G\u00f3mez quien result\u00f3 con contusiones, Ramona Avil\u00e9s Avi\u00f1a con m\u00faltiples fracturas, el compa\u00f1ero Antonio Diego Fern\u00e1ndez Rosada de la Red Sudcaliforniana de Apoyo al CIG, quien conduc\u00eda la camioneta tambi\u00e9n con lesiones leves.<\/p>\n<p>Con gran dolor les comunicamos que nuestra compa\u00f1era Elo\u00edsa Vega Castro de la Red Sudcaliforniana de Apoyo al CIG perdi\u00f3 la vida en este hecho.<\/p>\n<p>Por lo anterior, nuestra compa\u00f1era y vocera Marichuy suspende el recorrido que se ten\u00eda agendado. Agradecemos el respeto y solidaridad que como compa\u00f1eras y compa\u00f1eros han mostrado, agradecemos tambi\u00e9n la atenci\u00f3n y seguimiento que han dado a la informaci\u00f3n emitida por nuestros medios, en la medida de lo posible continuaremos comunic\u00e1ndoles lo que ocurra.<\/p>\n<p style=\"text-align: center;\">Por la Reconstituci\u00f3n Integral de Nuestros Pueblos<\/p>\n<p style=\"text-align: center;\">Nunca m\u00e1s un M\u00e9xico sin Nosotros<\/p>\n<p style=\"text-align: center;\">Comisi\u00f3n de Coordinaci\u00f3n y Seguimiento del Concejo Ind\u00edgena de Gobierno<\/p>\n<p>Fuente: <a href=\"http:\/\/www.congresonacionalindigena.org\/2018\/02\/15\/actualizacion-accidente-ocurrido-esta-tarde-la-camioneta-la-viajaban-cig-cni-la-vocera-marichuy-las-redes-apoyo-sudcalifornianas\/\" target=\"_blank\" rel=\"noopener\">Congreso Nacional Ind\u00edgena<\/a><\/p>","protected":false},"excerpt":{"rendered":"<p>ACTUALIZACI\u00d3N SOBRE EL ACCIDENTE OCURRIDO ESTA TARDE A LA CAMIONETA EN LA QUE VIAJABAN EL CIG, CNI, LA VOCERA MARICHUY Y LAS REDES DE APOYO SUDCALIFORNIANAS Las y los integrantes de la caravana del CIG fueron atendidos en el Hospital 5 del Instituto Mexicano del Seguro Social de Guerrero Negro. En este momento se trasladan [&hellip;]<\/p>\n","protected":false},"author":1,"featured_media":24750,"comment_status":"open","ping_status":"closed","sticky":false,"template":"","format":"standard","meta":{"footnotes":""},"categories":[943,1024,1095],"tags":[1164,1151,63,1130],"class_list":["post-25675","post","type-post","status-publish","format-standard","has-post-thumbnail","hentry","category-cni","category-cni-temas","category-concejo-indigena-de-gobierno","tag-recorridocig","tag-cig","tag-cni","tag-marichuy"],"_links":{"self":[{"href":"https:\/\/radiozapatista.org\/index.php?rest_route=\/wp\/v2\/posts\/25675","targetHints":{"allow":["GET"]}}],"collection":[{"href":"https:\/\/radiozapatista.org\/index.php?rest_route=\/wp\/v2\/posts"}],"about":[{"href":"https:\/\/radiozapatista.org\/index.php?rest_route=\/wp\/v2\/types\/post"}],"author":[{"embeddable":true,"href":"https:\/\/radiozapatista.org\/index.php?rest_route=\/wp\/v2\/users\/1"}],"replies":[{"embeddable":true,"href":"https:\/\/radiozapatista.org\/index.php?rest_route=%2Fwp%2Fv2%2Fcomments&post=25675"}],"version-history":[{"count":0,"href":"https:\/\/radiozapatista.org\/index.php?rest_route=\/wp\/v2\/posts\/25675\/revisions"}],"wp:featuredmedia":[{"embeddable":true,"href":"https:\/\/radiozapatista.org\/index.php?rest_route=\/wp\/v2\/media\/24750"}],"wp:attachment":[{"href":"https:\/\/radiozapatista.org\/index.php?rest_route=%2Fwp%2Fv2%2Fmedia&parent=25675"}],"wp:term":[{"taxonomy":"category","embeddable":true,"href":"https:\/\/radiozapatista.org\/index.php?rest_route=%2Fwp%2Fv2%2Fcategories&post=25675"},{"taxonomy":"post_tag","embeddable":true,"href":"https:\/\/radiozapatista.org\/index.php?rest_route=%2Fwp%2Fv2%2Ftags&post=25675"}],"curies":[{"name":"wp","href":"https:\/\/api.w.org\/{rel}","templated":true}]}}