{"id":25588,"date":"2018-02-06T12:24:05","date_gmt":"2018-02-06T18:24:05","guid":{"rendered":"https:\/\/radiozapatista.org\/?p=25588"},"modified":"2018-02-06T12:24:05","modified_gmt":"2018-02-06T18:24:05","slug":"mensaje-del-concejo-indigena-de-gobierno-y-del-cni-para-el-pueblo-kurdo","status":"publish","type":"post","link":"https:\/\/radiozapatista.org\/?p=25588","title":{"rendered":"[:es]Mensaje del Concejo Ind\u00edgena de Gobierno y del CNI para el pueblo kurdo[:]"},"content":{"rendered":"<p>[:es]<\/p>\n<div class=\"post-content-container\">\n<div class=\"post-content entry-content cf\">\n<div>\n<div><b><span lang=\"ES-MX\">Al Pueblo Kurdo<br \/>\n<\/span><\/b><b><span lang=\"ES-MX\">A los pueblos del mundo\u00a0<\/span><\/b><\/div>\n<\/div>\n<div dir=\"ltr\">\n<p class=\"m_-163087829222580386gmail-m643069823716282469xmsonormal\"><span lang=\"ES-MX\">El Congreso Nacional Ind\u00edgena, a trav\u00e9s de nuestro Concejo Ind\u00edgena de Gobierno y de nuestra vocera Mar\u00eda de Jes\u00fas Patricio Mart\u00ednez, condenamos el cobarde ataque militar y los bombardeos del ej\u00e9rcito Turco contra la ciudad kurda de Afrin, contra el campo de refugiad@s siri@s\u00a0\u00a0de Rubar y en contra de los centros de poblaci\u00f3n del Cant\u00f3n de Rojova, en el Norte de Siria.<\/span><\/p>\n<p class=\"m_-163087829222580386gmail-m643069823716282469xmsonormal\"><span lang=\"ES-MX\">Hermanas y hermanos, respetuosamente compartimos el dolor por el sufrimiento ante los miles de muertos y el desplazamiento de\u00a0\u00a0millones de personas, entre ell@s centenares de ni\u00f1os y ni\u00f1as, provocado por esta guerra capitalista que no tiene fronteras ni l\u00edmites.<\/span><\/p>\n<p class=\"m_-163087829222580386gmail-m643069823716282469xmsonormal\"><span lang=\"ES-MX\">Denunciamos la invasi\u00f3n de los grupos armados que defienden los intereses de los poderosos que est\u00e1n en el mal gobierno turco y en los territorios aut\u00f3nomos kurdos, cuyo objetivo es acabar con este digno pueblo y concretar la ocupaci\u00f3n capitalista, que al igual que en todos los rincones del pa\u00eds se viste de odio racial, capitalista y patriarcal. Por lo que rechazamos La violencia y la masacre de los pueblos para concretar sus ambiciones<\/span><\/p>\n<p class=\"m_-163087829222580386gmail-m643069823716282469xmsonormal\"><span lang=\"ES-MX\">Hermanas y hermanos del pueblo kurdo, enviamos desde donde resistimos a la misma guerra nuestro apoyo y solidaridad, no dejen de construir en su territorio la paz, la justicia y la libertad, no dejen de hacerlo con autonom\u00eda, no dejen su lucha anticapitalista y antipatriarcal que inspira la resistencia y rebeld\u00eda en muchos rincones de este mundo dolido, no dejen su amor y su coraje.<\/span><\/p>\n<p class=\"m_-163087829222580386gmail-m643069823716282469xmsonormal\"><span lang=\"ES-MX\">Saludamos su la lucha que se construye con dignidad por\u00a0\u00a0sus j\u00f3venes, mujeres y hombres para liberar su territorio y su pueblo con decisiones tomadas por todas y todos, con la formaci\u00f3n de nuevas formas aut\u00f3nomas y rebeldes.<\/span><\/p>\n<p class=\"m_-163087829222580386gmail-m643069823716282469xmsonormal\"><span lang=\"ES-MX\">Llamamos a los pueblos del mundo para hacer lo que nos toca desde los rincones en los que nos encontramos, y as\u00ed construir desde abajo el fin al odio y al genocidio contra el pueblo kurdo.<\/span><\/p>\n<p class=\"m_-163087829222580386gmail-m643069823716282469xmsonormal\"><span lang=\"ES-MX\">Gritamos con y para ustedes nuestra rebeld\u00eda y nuestra indignaci\u00f3n.<\/span><\/p>\n<p class=\"m_-163087829222580386gmail-m643069823716282469xmsonormal\" style=\"text-align: center;\"><span lang=\"ES-MX\">Enero de\u00a0\u00a02018<br \/>\n<\/span><span lang=\"ES-MX\">Nunca mas un M\u00e9xico sin Nosotros<br \/>\n<\/span><span lang=\"ES-MX\">Congreso Nacional Ind\u00edgena<br \/>\n<\/span><span lang=\"ES-MX\">Concejo Ind\u00edgena de Gobierno<\/span><\/p>\n<\/div>\n<\/div>\n<\/div>\n<p>[:]<\/p>\n","protected":false},"excerpt":{"rendered":"<p>[:es] Al Pueblo Kurdo A los pueblos del mundo\u00a0 El Congreso Nacional Ind\u00edgena, a trav\u00e9s de nuestro Concejo Ind\u00edgena de Gobierno y de nuestra vocera Mar\u00eda de Jes\u00fas Patricio Mart\u00ednez, condenamos el cobarde ataque militar y los bombardeos del ej\u00e9rcito Turco contra la ciudad kurda de Afrin, contra el campo de refugiad@s siri@s\u00a0\u00a0de Rubar y [&hellip;]<\/p>\n","protected":false},"author":1,"featured_media":0,"comment_status":"open","ping_status":"closed","sticky":false,"template":"","format":"standard","meta":{"footnotes":""},"categories":[943,1024,1095,961,953,183],"tags":[1151,63,1046],"class_list":["post-25588","post","type-post","status-publish","format-standard","hentry","category-cni","category-cni-temas","category-concejo-indigena-de-gobierno","category-mujeres","category-mundo","category-blog","tag-cig","tag-cni","tag-kurdistan"],"_links":{"self":[{"href":"https:\/\/radiozapatista.org\/index.php?rest_route=\/wp\/v2\/posts\/25588","targetHints":{"allow":["GET"]}}],"collection":[{"href":"https:\/\/radiozapatista.org\/index.php?rest_route=\/wp\/v2\/posts"}],"about":[{"href":"https:\/\/radiozapatista.org\/index.php?rest_route=\/wp\/v2\/types\/post"}],"author":[{"embeddable":true,"href":"https:\/\/radiozapatista.org\/index.php?rest_route=\/wp\/v2\/users\/1"}],"replies":[{"embeddable":true,"href":"https:\/\/radiozapatista.org\/index.php?rest_route=%2Fwp%2Fv2%2Fcomments&post=25588"}],"version-history":[{"count":0,"href":"https:\/\/radiozapatista.org\/index.php?rest_route=\/wp\/v2\/posts\/25588\/revisions"}],"wp:attachment":[{"href":"https:\/\/radiozapatista.org\/index.php?rest_route=%2Fwp%2Fv2%2Fmedia&parent=25588"}],"wp:term":[{"taxonomy":"category","embeddable":true,"href":"https:\/\/radiozapatista.org\/index.php?rest_route=%2Fwp%2Fv2%2Fcategories&post=25588"},{"taxonomy":"post_tag","embeddable":true,"href":"https:\/\/radiozapatista.org\/index.php?rest_route=%2Fwp%2Fv2%2Ftags&post=25588"}],"curies":[{"name":"wp","href":"https:\/\/api.w.org\/{rel}","templated":true}]}}