{"id":25463,"date":"2018-01-22T17:08:35","date_gmt":"2018-01-22T23:08:35","guid":{"rendered":"https:\/\/radiozapatista.org\/?p=25463"},"modified":"2019-03-26T09:28:52","modified_gmt":"2019-03-26T15:28:52","slug":"noticias-de-abajo-noticiero-de-los-medios-libres-22-enero-2018","status":"publish","type":"post","link":"https:\/\/radiozapatista.org\/?p=25463","title":{"rendered":"Noticias de Abajo &#8211; 22 enero 2018"},"content":{"rendered":"<p><a href=\"https:\/\/noticiasdeabajoml.wordpress.com\/2018\/01\/22\/noticias-de-abajo-22-de-enero-2018\/\" target=\"_blank\" rel=\"noopener\">Noticias de Abajo ML<\/a> es un noticiero mensual producido por los medios libres. Suscr\u00edbete al podcast aqu\u00ed: <a title=\"Suscr\u00edbete con itunes\" href=\"itpc:\/\/radiozapatista.org\/?feed=podcast&amp;cat=1186\"> <img loading=\"lazy\" decoding=\"async\" src=\"https:\/\/radiozapatista.org\/wp-content\/themes\/radio-zapatista\/images\/podcast-itunes.png\" alt=\"Suscr\u00edbete con itunes\" width=\"32\" height=\"32\" border=\"0\" \/><\/a> <a title=\"Suscr\u00edbete al canal de RSS\" href=\"https:\/\/radiozapatista.org\/?feed=podcast&amp;cat=1186\"> <img loading=\"lazy\" decoding=\"async\" src=\"https:\/\/radiozapatista.org\/wp-content\/themes\/radio-zapatista\/images\/podcast-rss.png\" alt=\"RSS Feed\" width=\"32\" height=\"32\" border=\"0\" \/><\/a><\/p>\n<p>[podcast]https:\/\/ia601509.us.archive.org\/10\/items\/noticiasdeabajo_22enero2018\/noticiasdeabajo_22enero2018.mp3[\/podcast]<\/p>\n<h4>INTERNACIONALES<\/h4>\n<p>HONDURAS. La represi\u00f3n militar sobre el pueblo antifascista durante el primer d\u00eda de huelga general. <em>Kaos en la Red<\/em><\/p>\n<p>TURQU\u00cdA: La aviaci\u00f3n turca bombardea Afrin, una ciudad kurda en el norte de Siria, matando e hiriendo a varios civiles. <em>Rojava Madrid<\/em><\/p>\n<p>EEUU: A un a\u00f1o de la entrada de Trump a la presidencia, marchan mujeres contra Trump y su racista pol\u00edtica migratoria como hace un a\u00f1o. <em>M\u00e1s voces<\/em><\/p>\n<p>PALESTINA: 19 de Enero, D\u00eda del Pueblo de Gaza que recuerda la agresi\u00f3n israel\u00ed de 2009 que mat\u00f3 a 1400 palestinos, la mayor\u00eda civiles. <em>M\u00e1s voces<\/em><\/p>\n<p>ARGENTINA: Las mujeres se manifiestan contra Trump, Macri y las pol\u00edticas mis\u00f3ginas de los gobiernos del mundo: la Women\u00b4s March en Argentina. <em>Anred<\/em><\/p>\n<h4>NACIONALES<\/h4>\n<p>MICHOAC\u00c1N: Comunicado del Concejo Ind\u00edgena de Gobierno sobre el feminicidio de Guadalupe Campanur Tapia. <em>KeHuelga<br \/>\n<\/em><\/p>\n<p>MICHOAC\u00c1N: Atentado a la caravana del CIG. <em>KeHuelga<br \/>\n<\/em><\/p>\n<p>CDMX: Cansadas de simulaciones y omisiones madres de desaparecidos cumplen 5 d\u00edas en huelga de hambre. <em>Somos el medio<\/em><\/p>\n<p>MICHOAC\u00c1N: Represion en Michoacan contra bloqueos popuares en todo el estado.<\/p>\n<p>M\u00c9XICO: Jornada de Solidaridad por los 43.<\/p>\n<p>&nbsp;<\/p>","protected":false},"excerpt":{"rendered":"<p>Noticias de Abajo ML es un noticiero mensual producido por los medios libres. Suscr\u00edbete al podcast aqu\u00ed: [podcast]https:\/\/ia601509.us.archive.org\/10\/items\/noticiasdeabajo_22enero2018\/noticiasdeabajo_22enero2018.mp3[\/podcast] INTERNACIONALES HONDURAS. La represi\u00f3n militar sobre el pueblo antifascista durante el primer d\u00eda de huelga general. Kaos en la Red TURQU\u00cdA: La aviaci\u00f3n turca bombardea Afrin, una ciudad kurda en el norte de Siria, matando e hiriendo [&hellip;]<\/p>\n","protected":false},"author":1,"featured_media":25464,"comment_status":"open","ping_status":"closed","sticky":false,"template":"","format":"standard","meta":{"footnotes":""},"categories":[1,1095,826,954,959,961,953],"tags":[327,929,1151,63,73,1046,549,112,1194],"class_list":["post-25463","post","type-post","status-publish","format-standard","has-post-thumbnail","hentry","category-audio","category-concejo-indigena-de-gobierno","category-medios-libres-2","category-mexico","category-migracion","category-mujeres","category-mundo","tag-argentina","tag-ayotzinapa","tag-cig","tag-cni","tag-honduras","tag-kurdistan","tag-michoacan","tag-palestina","tag-turquia"],"_links":{"self":[{"href":"https:\/\/radiozapatista.org\/index.php?rest_route=\/wp\/v2\/posts\/25463","targetHints":{"allow":["GET"]}}],"collection":[{"href":"https:\/\/radiozapatista.org\/index.php?rest_route=\/wp\/v2\/posts"}],"about":[{"href":"https:\/\/radiozapatista.org\/index.php?rest_route=\/wp\/v2\/types\/post"}],"author":[{"embeddable":true,"href":"https:\/\/radiozapatista.org\/index.php?rest_route=\/wp\/v2\/users\/1"}],"replies":[{"embeddable":true,"href":"https:\/\/radiozapatista.org\/index.php?rest_route=%2Fwp%2Fv2%2Fcomments&post=25463"}],"version-history":[{"count":1,"href":"https:\/\/radiozapatista.org\/index.php?rest_route=\/wp\/v2\/posts\/25463\/revisions"}],"predecessor-version":[{"id":31020,"href":"https:\/\/radiozapatista.org\/index.php?rest_route=\/wp\/v2\/posts\/25463\/revisions\/31020"}],"wp:featuredmedia":[{"embeddable":true,"href":"https:\/\/radiozapatista.org\/index.php?rest_route=\/wp\/v2\/media\/25464"}],"wp:attachment":[{"href":"https:\/\/radiozapatista.org\/index.php?rest_route=%2Fwp%2Fv2%2Fmedia&parent=25463"}],"wp:term":[{"taxonomy":"category","embeddable":true,"href":"https:\/\/radiozapatista.org\/index.php?rest_route=%2Fwp%2Fv2%2Fcategories&post=25463"},{"taxonomy":"post_tag","embeddable":true,"href":"https:\/\/radiozapatista.org\/index.php?rest_route=%2Fwp%2Fv2%2Ftags&post=25463"}],"curies":[{"name":"wp","href":"https:\/\/api.w.org\/{rel}","templated":true}]}}