{"id":25460,"date":"2018-01-22T16:46:28","date_gmt":"2018-01-22T22:46:28","guid":{"rendered":"https:\/\/radiozapatista.org\/?p=25460"},"modified":"2018-01-22T16:46:28","modified_gmt":"2018-01-22T22:46:28","slug":"las-abejas-de-acteal-se-pronuncian-sobre-el-asesinato-de-guadalupe-campanur-tapia","status":"publish","type":"post","link":"https:\/\/radiozapatista.org\/?p=25460","title":{"rendered":"Las Abejas de Acteal se pronuncian sobre el asesinato de Guadalupe Campanur Tapia"},"content":{"rendered":"<p><\/p>\n<p style=\"text-align: center;\"><strong>Organizaci\u00f3n Sociedad Civil Las Abejas de Acteal<\/strong><br \/>\n<strong><em>Tierra Sagrada de los M\u00e1rtires de Acteal<\/em><\/strong><\/p>\n<p style=\"text-align: right;\">Municipio de Chenalh\u00f3, Chiapas, M\u00e9xico.<br \/>\n22 de enero del 2018.<\/p>\n<p>Al Congreso Nacional Ind\u00edgena<br \/>\nAl Concejo Ind\u00edgena de Gobierno<br \/>\nA las y los defensores de los derechos humanos<br \/>\nA los medios de comunicaci\u00f3n nacional e internacional<br \/>\nA la Sociedad Civil Nacional e Internacional<\/p>\n<p><strong>Hermanas y hermanos:<\/strong><\/p>\n<p>Desde Acteal repudiamos la ejecuci\u00f3n de la compa\u00f1era <strong>Guadalupe Campanur <\/strong><strong>Tapia<\/strong> comunera de Cher\u00e1n, Michoac\u00e1n, cuyo cuerpo fue encontrado en las afueras de Chilchota, el martes 16 de enero del presente a\u00f1o.<\/p>\n<p style=\"text-align: center;\"><a href=\"https:\/\/radiozapatista.org\/wp-content\/uploads\/2018\/01\/coroActeal.jpg\"><img loading=\"lazy\" decoding=\"async\" class=\"aligncenter size-medium wp-image-25461\" src=\"https:\/\/radiozapatista.org\/wp-content\/uploads\/2018\/01\/coroActeal-350x233.jpg\" alt=\"\" width=\"350\" height=\"233\" srcset=\"https:\/\/radiozapatista.org\/wp-content\/uploads\/2018\/01\/coroActeal-350x233.jpg 350w, https:\/\/radiozapatista.org\/wp-content\/uploads\/2018\/01\/coroActeal.jpg 500w\" sizes=\"auto, (max-width: 350px) 100vw, 350px\" \/><\/a><\/p>\n<p>La compa\u00f1era <strong>Guadalupe Campanur<\/strong><strong>,<\/strong> es fundadora del cuerpo de guardabosques de Cher\u00e1n, activa en la lucha por la seguridad, la justicia y la reconstrucci\u00f3n del territorio comunal desde el 2011 hasta el d\u00eda de su asesinato. Nosotros como pueblo tsotsil sobrevivientes de la Masacre de Acteal y miembros de una organizaci\u00f3n pac\u00edfica nos solidarizamos con la familia de la compa\u00f1era Guadalupe y de la comunidad ind\u00edgena p\u2019urh\u00e9pecha de Cher\u00e1n. Hermanas y hermanos reciban nuestros abrazos.<\/p>\n<p>Queremos que sepan que nos da mucha tristeza e indignaci\u00f3n no s\u00f3lo por el feminicidio de la compa\u00f1era Guadalupe, sino de los incontables feminicidios de mujeres en varias partes de nuestro M\u00e9xico. Hoy hacemos un llamado a organizarnos y defender la vida, nuestra madre tierra.<\/p>\n<p>No nos cansaremos en gritar: matar a las mujeres es destruir la SEMILLA de la VIDA.<\/p>\n<p>En la Masacre de Acteal no s\u00f3lo mataron m\u00e1s mujeres que hombres, sino el hecho de asesinarlas salvajemente y a cuatro de ellas embarazadas a quienes le fueron extra\u00eddos sus beb\u00e9s, es un mensaje de feminicidio y de exterminio hacia nuestros pueblos, hacia los miembros de Las Abejas de Acteal por defender los derechos humanos, la Madre Tierra y la Vida.<\/p>\n<p>Los feminicidios que entran con voracidad a principios de este a\u00f1o es una clara manifestaci\u00f3n de la guerra de contrainsurgencia dise\u00f1ada desde el Estado mexicano en contra de los pueblos que luchan y resisten al exterminio, a la destrucci\u00f3n de nuestros territorios. Con estas pol\u00edticas, el mal gobierno junto a las empresas trasnacionales, tratan de frenar nuestra digna lucha pero no lo lograr\u00e1n.<\/p>\n<p>A las recientes ejecuciones, amenazas y agresiones en contra de hombres y mujeres que defienden su tierra y territorio se suma la incursi\u00f3n militar llevada a cabo el d\u00eda 9 de enero en el Ejido Amador Hern\u00e1ndez en la Zona Selva de Chiapas, en donde aeronaves militares de la \u201cFuerza A\u00e9rea Mexicana y Marina\u201d sobrevolaron e incursionaron a esta comunidad con el pretexto de \u201cbuscar una aeronave privado que se hab\u00eda ca\u00eddo en esta zona\u201d, esto no es m\u00e1s que una gran amenaza a nuestros pueblos ind\u00edgenas.<\/p>\n<p>Es claro que esta rara incursi\u00f3n militar, denunciada por los miembros del Congreso Nacional Ind\u00edgena de la Regi\u00f3n Selva Tseltal, no es m\u00e1s que la puesta en marcha de la llamada \u201cLey de Seguridad Interior\u201d, una ley anticonstitucional que le da poder al Ej\u00e9rcito mexicano para seguir cometiendo \u201clegalmente\u201d graves violaciones a derechos humanos y reprimir a los pueblos cuidadores de la Madre Tierra, en este caso al pueblo tseltal que convive con Montes Azules una tierra codiciada por las empresas trasnacionales saqueadoras y destructoras de la biodiversidad y de la vida en general.<\/p>\n<p>Ante esta ola de violencia alimentada por los tres niveles del mal gobierno y las empresas transnacionales, creemos que para detener esta atrocidad, es que nosotros los pueblos sigamos organiz\u00e1ndonos como ya lo hemos venido haciendo desde el norte, sur, este y oeste de nuestro M\u00e9xico, nos tejemos en la resistencia y en la unidad, que entre todas y todos nos cuidemos, nos protejamos de los feminicidios, de las torturas, de los desplazamientos y de las desapariciones forzadas.<\/p>\n<p>Hermanas y hermanos en verdad nos duele e indigna en el fondo de nuestro coraz\u00f3n todo lo que nos est\u00e1 haciendo el mal gobierno criminal junto con los partidos pol\u00edticos. Ya no permitamos que otra compa\u00f1era de cualquier rinc\u00f3n de M\u00e9xico sea asesinada, ya no m\u00e1s luchadores sociales, estudiantes, maestros asesinados, \u00a1YA BASTA DE TANTO DOLOR Y DESPRECIO! que nos hacen los ricos, poderosos y malos gobiernos. \u00a1YA BASTA!.<\/p>\n<p>Desde esta Tierra Sagrada, te\u00f1ida de sangre inocente de 45 mujeres y hombres m\u00e1s 4 no nacidos el 22 de diciembre de 1997, le pedimos a la Madre Tierra nos abrace y nos ponga en su sombra para que los asesinos, narco-paramilitares y la \u201cLey de Seguridad Interior\u201d no nos asesinen y masacren m\u00e1s.<\/p>\n<p>Recordamos que este 24 de enero cumplen siete a\u00f1os de la partida de nuestro gran hermano Jcanan Lum (Cuidador del Pueblo) Jtotik Samuel Ruiz Garc\u00eda y reconocemos su caminar a lado de nuestra Organizaci\u00f3n Sociedad Civil Las Abejas de Acteal, que gracias a \u00e9l, entendimos que la pobreza, las enfermedades curables no son mandatos de Dios, \u00e9l nos comparti\u00f3 a trav\u00e9s de la reflexi\u00f3n de la Palabra de Dios que en donde existe injusticia y guerra hay que organizarse para transformarlos en paz con justicia y dignidad.<\/p>\n<p>Jtotik Samuel en donde quiera que est\u00e9s, sigue escuch\u00e1ndonos, sigue mir\u00e1ndonos y sigue caminando con nosotros en lo espiritual y moralmente. Pide por favor a Pap\u00e1-Mam\u00e1 Dios junto con las y los 45 m\u00e1rtires de Acteal y m\u00e1s los 4 hermanitos nuestros, que se detenga este infierno que nos est\u00e1 exterminando. Pide junto a todos nosotros que el poder y el dinero de los malos gobiernos criminales, los partidos pol\u00edticos, los ricos y poderosos del mundo se caigan como edificios construidos sobre arena. Exige junto a nosotros que a los responsables intelectuales de la estrategia contrainsurgente reciban su castigo y aunque se vayan gozando de la impunidad como el General Mario Ren\u00e1n Castillo Fern\u00e1ndez, pero, de la justicia divina no se escapar\u00e1n.<\/p>\n<p>Recibe siempre un abrazo de coraz\u00f3n Jtotik Samuel desde <strong>Acteal, Casa de la Memoria y la Esperanza.<\/strong><\/p>\n<p style=\"text-align: center;\"><strong>ATENTAMENTE<\/strong><\/p>\n<p style=\"text-align: center;\"><strong>La Voz de la Organizaci\u00f3n de la Sociedad Civil Las Abejas de Acteal.<\/strong><\/p>\n<p style=\"text-align: center;\">Por la Mesa Directiva:<\/p>\n<p style=\"text-align: center;\">Mart\u00edn P\u00e9rez P\u00e9rez\u00a0\u00a0\u00a0\u00a0\u00a0\u00a0\u00a0\u00a0\u00a0\u00a0\u00a0\u00a0\u00a0\u00a0\u00a0\u00a0\u00a0\u00a0\u00a0\u00a0\u00a0\u00a0\u00a0\u00a0\u00a0\u00a0 Mariano G\u00f3mez Ruiz<\/p>\n<p style=\"text-align: center;\">Pedro P\u00e9rez P\u00e9rez\u00a0\u00a0\u00a0\u00a0\u00a0\u00a0\u00a0\u00a0\u00a0\u00a0\u00a0\u00a0\u00a0\u00a0\u00a0\u00a0\u00a0\u00a0\u00a0\u00a0\u00a0\u00a0\u00a0\u00a0\u00a0\u00a0 Manuel P\u00e9rez K\u2019oxmol<\/p>\n<p style=\"text-align: center;\">Alonso Ruiz L\u00f3pez\u00a0\u00a0\u00a0\u00a0\u00a0\u00a0\u00a0\u00a0\u00a0\u00a0\u00a0\u00a0\u00a0\u00a0\u00a0\u00a0\u00a0\u00a0\u00a0\u00a0\u00a0\u00a0 Manuel Nu\u00f1ez Guti\u00e9rrez<\/p>\n<p><\/p>","protected":false},"excerpt":{"rendered":"<p>Organizaci\u00f3n Sociedad Civil Las Abejas de Acteal Tierra Sagrada de los M\u00e1rtires de Acteal Municipio de Chenalh\u00f3, Chiapas, M\u00e9xico. 22 de enero del 2018. Al Congreso Nacional Ind\u00edgena Al Concejo Ind\u00edgena de Gobierno A las y los defensores de los derechos humanos A los medios de comunicaci\u00f3n nacional e internacional A la Sociedad Civil Nacional [&hellip;]<\/p>\n","protected":false},"author":1,"featured_media":0,"comment_status":"open","ping_status":"closed","sticky":false,"template":"","format":"standard","meta":{"footnotes":""},"categories":[6,1024,826,954,961,183],"tags":[481,106],"class_list":["post-25460","post","type-post","status-publish","format-standard","hentry","category-chiapas","category-cni-temas","category-medios-libres-2","category-mexico","category-mujeres","category-blog","tag-cheran","tag-las-abejas-de-acteal"],"_links":{"self":[{"href":"https:\/\/radiozapatista.org\/index.php?rest_route=\/wp\/v2\/posts\/25460","targetHints":{"allow":["GET"]}}],"collection":[{"href":"https:\/\/radiozapatista.org\/index.php?rest_route=\/wp\/v2\/posts"}],"about":[{"href":"https:\/\/radiozapatista.org\/index.php?rest_route=\/wp\/v2\/types\/post"}],"author":[{"embeddable":true,"href":"https:\/\/radiozapatista.org\/index.php?rest_route=\/wp\/v2\/users\/1"}],"replies":[{"embeddable":true,"href":"https:\/\/radiozapatista.org\/index.php?rest_route=%2Fwp%2Fv2%2Fcomments&post=25460"}],"version-history":[{"count":0,"href":"https:\/\/radiozapatista.org\/index.php?rest_route=\/wp\/v2\/posts\/25460\/revisions"}],"wp:attachment":[{"href":"https:\/\/radiozapatista.org\/index.php?rest_route=%2Fwp%2Fv2%2Fmedia&parent=25460"}],"wp:term":[{"taxonomy":"category","embeddable":true,"href":"https:\/\/radiozapatista.org\/index.php?rest_route=%2Fwp%2Fv2%2Fcategories&post=25460"},{"taxonomy":"post_tag","embeddable":true,"href":"https:\/\/radiozapatista.org\/index.php?rest_route=%2Fwp%2Fv2%2Ftags&post=25460"}],"curies":[{"name":"wp","href":"https:\/\/api.w.org\/{rel}","templated":true}]}}