{"id":25428,"date":"2018-01-19T11:42:54","date_gmt":"2018-01-19T17:42:54","guid":{"rendered":"https:\/\/radiozapatista.org\/?p=25428"},"modified":"2018-01-20T17:55:29","modified_gmt":"2018-01-20T23:55:29","slug":"manifiesto-por-agresiones-a-auxiliares-en-jalapa-y-en-ciudad-de-mexico","status":"publish","type":"post","link":"https:\/\/radiozapatista.org\/?p=25428","title":{"rendered":"Concejo Ind\u00edgena de Gobierno denuncia agresiones a auxiliares en Jalapa y en Ciudad de M\u00e9xico"},"content":{"rendered":"<p>Hermanas y hermanos auxiliares del estado de Veracruz y de la Ciudad de M\u00e9xico,<br \/>\nHermanas y hermanos de las redes de apoyo al Concejo Ind\u00edgena de Gobierno,<br \/>\nHermanas y hermanos de la sexta en todo el pa\u00eds.<\/p>\n<p>Hemos sabido del hostigamiento e intimidaci\u00f3n que han estado realizando supuestos grupos de seguridad p\u00fablica en la ciudad de Jalapa, Veracruz y en la Ciudad de M\u00e9xico a las afueras de Ciudad Universitaria, al momento de estar recabando el apoyo ciudadano para el CIG, amenazando con detenerlos como si estuvieran realizando alg\u00fan delito, vigil\u00e1ndoles y tom\u00e1ndoles fotograf\u00edas de manera amenazante.<\/p>\n<p>Condenamos estos actos cobardes porque nosotras y nosotros reconocemos el importante trabajo que han estado realizando cada uno de ustedes, sabemos del gran esfuerzo que hacen de manera voluntaria y sin ninguna paga para recabar las firmas para que esta propuesta de abajo figure en las boletas electorales, pero tambi\u00e9n sabemos que al pedir la firma de las mexicanas y los mexicanos les invitan a organizarse para reconstruir la destrucci\u00f3n que han dejado los capitalistas sin importar el color de su partido; eso es lo principal y es a lo que le teme el mal gobierno. Por eso, les agradecemos y les invitamos a seguir as\u00ed, redoblando esfuerzos con determinaci\u00f3n y sin miedo pues el camino mira a lo lejos \u00a0el horizonte, ese camino lo estamos construyendo entre todas y entre todos.<\/p>\n<p>La clase pol\u00edtica de este pa\u00eds le teme a la conciencia, le teme a que no estamos comprando firmas y mucho menos voluntades, le teme a cada firma porque lleva consigo la dignidad, a cada palabra honesta, porque sabe que son semillas que estamos sembrando en la tierra madre, le teme a que est\u00e1 quedando desnudo el fraude al que llaman democracia, persiguiendo a quienes ejercen su derecho de recabar el apoyo ciudadano.<\/p>\n<p>El mal gobierno le teme al caminar de los pueblos originarios porque sabe que su lucha no es de hoy sino de siempre, le teme a la justicia porque esa no tiene fecha de caducidad. Ellos, los poderosos tienen miedo del pueblo organizado, porque saben que esto apenas empieza y que a nosotros los pueblos ya se nos acab\u00f3 el miedo.<\/p>\n<p>Hermanas y hermanos de las redes de apoyo, reciban un abrazo del Concejo Ind\u00edgena de Gobierno y tengan siempre presente que falta lo que falta.<\/p>\n<p>17 de enero de 2018, desde el territorio Wix\u00e1rika del estado de Nayarit<\/p>\n<p style=\"text-align: center;\">Nunca Mas un M\u00e9xico sin Nosotros<\/p>\n<p style=\"text-align: center;\">Ma. de Jes\u00fas Patricio Mart\u00ednez<br \/>\nVocera del Concejo Ind\u00edgena de Gobierno\/Congreso Nacional Ind\u00edgena<\/p>\n<p><\/p>","protected":false},"excerpt":{"rendered":"<p>Hermanas y hermanos auxiliares del estado de Veracruz y de la Ciudad de M\u00e9xico, Hermanas y hermanos de las redes de apoyo al Concejo Ind\u00edgena de Gobierno, Hermanas y hermanos de la sexta en todo el pa\u00eds. Hemos sabido del hostigamiento e intimidaci\u00f3n que han estado realizando supuestos grupos de seguridad p\u00fablica en la ciudad [&hellip;]<\/p>\n","protected":false},"author":13,"featured_media":24763,"comment_status":"open","ping_status":"closed","sticky":false,"template":"","format":"standard","meta":{"footnotes":""},"categories":[51,943,1024,1095,935],"tags":[1151,63,1130],"class_list":["post-25428","post","type-post","status-publish","format-standard","has-post-thumbnail","hentry","category-autor","category-cni","category-cni-temas","category-concejo-indigena-de-gobierno","category-temas","tag-cig","tag-cni","tag-marichuy"],"_links":{"self":[{"href":"https:\/\/radiozapatista.org\/index.php?rest_route=\/wp\/v2\/posts\/25428","targetHints":{"allow":["GET"]}}],"collection":[{"href":"https:\/\/radiozapatista.org\/index.php?rest_route=\/wp\/v2\/posts"}],"about":[{"href":"https:\/\/radiozapatista.org\/index.php?rest_route=\/wp\/v2\/types\/post"}],"author":[{"embeddable":true,"href":"https:\/\/radiozapatista.org\/index.php?rest_route=\/wp\/v2\/users\/13"}],"replies":[{"embeddable":true,"href":"https:\/\/radiozapatista.org\/index.php?rest_route=%2Fwp%2Fv2%2Fcomments&post=25428"}],"version-history":[{"count":0,"href":"https:\/\/radiozapatista.org\/index.php?rest_route=\/wp\/v2\/posts\/25428\/revisions"}],"wp:featuredmedia":[{"embeddable":true,"href":"https:\/\/radiozapatista.org\/index.php?rest_route=\/wp\/v2\/media\/24763"}],"wp:attachment":[{"href":"https:\/\/radiozapatista.org\/index.php?rest_route=%2Fwp%2Fv2%2Fmedia&parent=25428"}],"wp:term":[{"taxonomy":"category","embeddable":true,"href":"https:\/\/radiozapatista.org\/index.php?rest_route=%2Fwp%2Fv2%2Fcategories&post=25428"},{"taxonomy":"post_tag","embeddable":true,"href":"https:\/\/radiozapatista.org\/index.php?rest_route=%2Fwp%2Fv2%2Ftags&post=25428"}],"curies":[{"name":"wp","href":"https:\/\/api.w.org\/{rel}","templated":true}]}}