{"id":25373,"date":"2018-01-13T09:21:43","date_gmt":"2018-01-13T15:21:43","guid":{"rendered":"https:\/\/radiozapatista.org\/?p=25373"},"modified":"2018-01-13T09:21:43","modified_gmt":"2018-01-13T15:21:43","slug":"se-moviliza-policia-comunitaria-contra-represion-en-la-concepcion","status":"publish","type":"post","link":"https:\/\/radiozapatista.org\/?p=25373","title":{"rendered":"Se moviliza Polic\u00eda Comunitaria contra represi\u00f3n en La Concepci\u00f3n"},"content":{"rendered":"<p><\/p>\n<p style=\"text-align: center;\"><a href=\"https:\/\/radiozapatista.org\/wp-content\/uploads\/2018\/01\/Movilizaci\u00f3n-CRAC-en-Tlapa-678x381.jpg\"><img loading=\"lazy\" decoding=\"async\" class=\"aligncenter size-medium wp-image-25374\" src=\"https:\/\/radiozapatista.org\/wp-content\/uploads\/2018\/01\/Movilizaci\u00f3n-CRAC-en-Tlapa-678x381-350x197.jpg\" alt=\"\" width=\"350\" height=\"197\" srcset=\"https:\/\/radiozapatista.org\/wp-content\/uploads\/2018\/01\/Movilizaci\u00f3n-CRAC-en-Tlapa-678x381-350x197.jpg 350w, https:\/\/radiozapatista.org\/wp-content\/uploads\/2018\/01\/Movilizaci\u00f3n-CRAC-en-Tlapa-678x381.jpg 678w\" sizes=\"auto, (max-width: 350px) 100vw, 350px\" \/><\/a><\/p>\n<p>Suljaa\u2019, Guerrero, 12 de enero de 2018.- La Coordinadora Regional de Autoridades Comunitarias \u2013 Polic\u00eda Comunitaria se moviliza en San Luis Acatl\u00e1n, Ayutla y Tlapa para exigir justicia para los comunitarios ejecutados por polic\u00edas ministeriales y estatales, as\u00ed como libertad para los comunitarios detenidos el pasado 8 de enero en la comunidad de La Concepci\u00f3n, bienes comunales de Cacahuatepec, municipio de Acapulco.<\/p>\n<p>En entrevista Sabas, vocero de la CRAC \u2013 PC, manifest\u00f3 que las movilizaciones son para \u201crepudiar las acciones del gobierno del estado, respaldado por el gobierno federal en contra de la CRAC \u2013 PC y del CECOP.\u201d As\u00ed mismo exigen respeto al sistema jur\u00eddico de las comunidades ind\u00edgenas en donde los polic\u00edas comunitarios \u201cson nombrados en asamblea, est\u00e1n para defender los pueblos, est\u00e1n para defender los territorios y los recursos naturales, contrario a lo que hacen los polic\u00edas del gobierno estatal y del gobierno federal.\u201d<\/p>\n<p>[podcast]http:\/\/lapalabradelagua.espora.org\/wp-content\/uploads\/2018\/01\/ENTREVISTA-Sabas-CRAC-PC-San-Luis-Acatlan-64kbps.mp3[\/podcast]<\/p>\n<p>Por su parte Abel Barrera, director del Centro de Derechos Humanos de la Monta\u00f1a Tlachinollan asegur\u00f3 que fueron detenidas 38 personas, de los cuales 23 son del Consejo de Ejidos y Comunidades Opositoras a la presa la Parota (CECOP), 11 de la CRAC y otros dos que estaban en reeducaci\u00f3n, todos acusados de homicidio calificado. Durante las detenciones se cometieron violaciones graves de derechos humanos como el uso excesivo de la fuerza, el uso de la fuerza letal, refiriendo las ejecuciones extrajudiciales contra dos polic\u00edas, lo que \u201ces grav\u00edsimo para un gobierno que se dice democr\u00e1tico\u201d, as\u00ed como la tortura, tratos crueles e inhumanos cometidos contra Marco Antonio Su\u00e1stegui, vocero del CECOP.<\/p>\n<p>[podcast]http:\/\/lapalabradelagua.espora.org\/wp-content\/uploads\/2018\/01\/ENTREVISTA-Abel-Barrera-Tlachinollan-64kbps.mp3[\/podcast]<\/p>\n<p>Fuente: <a href=\"http:\/\/lapalabradelagua.espora.org\/2018\/01\/12\/audios-se-moviliza-policia-comunitaria\/\" target=\"_blank\" rel=\"noopener\">Radio \u00d1omndaa<\/a><\/p>","protected":false},"excerpt":{"rendered":"<p>Suljaa\u2019, Guerrero, 12 de enero de 2018.- La Coordinadora Regional de Autoridades Comunitarias \u2013 Polic\u00eda Comunitaria se moviliza en San Luis Acatl\u00e1n, Ayutla y Tlapa para exigir justicia para los comunitarios ejecutados por polic\u00edas ministeriales y estatales, as\u00ed como libertad para los comunitarios detenidos el pasado 8 de enero en la comunidad de La Concepci\u00f3n, [&hellip;]<\/p>\n","protected":false},"author":1,"featured_media":25374,"comment_status":"open","ping_status":"closed","sticky":false,"template":"","format":"standard","meta":{"footnotes":""},"categories":[1,957,826,954,962],"tags":[554,77,78,37,87],"class_list":["post-25373","post","type-post","status-publish","format-standard","has-post-thumbnail","hentry","category-audio","category-autonomia","category-medios-libres-2","category-mexico","category-presos","tag-crac","tag-guerrero","tag-policia-comunitaria","tag-presos-politicos","tag-represion"],"_links":{"self":[{"href":"https:\/\/radiozapatista.org\/index.php?rest_route=\/wp\/v2\/posts\/25373","targetHints":{"allow":["GET"]}}],"collection":[{"href":"https:\/\/radiozapatista.org\/index.php?rest_route=\/wp\/v2\/posts"}],"about":[{"href":"https:\/\/radiozapatista.org\/index.php?rest_route=\/wp\/v2\/types\/post"}],"author":[{"embeddable":true,"href":"https:\/\/radiozapatista.org\/index.php?rest_route=\/wp\/v2\/users\/1"}],"replies":[{"embeddable":true,"href":"https:\/\/radiozapatista.org\/index.php?rest_route=%2Fwp%2Fv2%2Fcomments&post=25373"}],"version-history":[{"count":0,"href":"https:\/\/radiozapatista.org\/index.php?rest_route=\/wp\/v2\/posts\/25373\/revisions"}],"wp:featuredmedia":[{"embeddable":true,"href":"https:\/\/radiozapatista.org\/index.php?rest_route=\/wp\/v2\/media\/25374"}],"wp:attachment":[{"href":"https:\/\/radiozapatista.org\/index.php?rest_route=%2Fwp%2Fv2%2Fmedia&parent=25373"}],"wp:term":[{"taxonomy":"category","embeddable":true,"href":"https:\/\/radiozapatista.org\/index.php?rest_route=%2Fwp%2Fv2%2Fcategories&post=25373"},{"taxonomy":"post_tag","embeddable":true,"href":"https:\/\/radiozapatista.org\/index.php?rest_route=%2Fwp%2Fv2%2Ftags&post=25373"}],"curies":[{"name":"wp","href":"https:\/\/api.w.org\/{rel}","templated":true}]}}