{"id":2536,"date":"2011-04-16T12:37:14","date_gmt":"2011-04-16T17:37:14","guid":{"rendered":"https:\/\/radiozapatista.org\/?p=2536"},"modified":"2011-04-27T19:53:49","modified_gmt":"2011-04-28T00:53:49","slug":"relatos-zapatistas-programa-de-abril","status":"publish","type":"post","link":"https:\/\/radiozapatista.org\/?p=2536","title":{"rendered":"<!--:es-->Relatos Zapatistas Programa de Abril<!--:--><!--:en-->Relatos Zapatistas April Show<!--:-->"},"content":{"rendered":"<p><!--:es-->En este programa examinamos la &#8220;nueva geograf\u00eda&#8221; de la guerra en el contexto de la &#8220;vieja geograf\u00eda&#8221; de Chiapas. Hablamos con nuestro corresponsal especial en Chiapas, Alejandro Reyes, que reporta sobre el estado actual de la represi\u00f3n y la guerra de baja intensidad enfoc\u00e1ndose espec\u00edficamente en las comunidades de Mitzit\u00f3n, Bachaj\u00f3n, y Tila. Utilizamos estos eventos para contextualizar y enmarcar una conversaci\u00f3n sobre el nuevo texto escrito por el Subcomandante Marcos: <a href=\"http:\/\/enlacezapatista.ezln.org.mx\/2011\/03\/09\/apuntes-sobre-las-guerras-carta-primera-completa-del-sci-marcos-a-don-luis-villoro-inicio-del-intercambio-epistolar-sobre-etica-y-politica-enero-febrero-de-2011\/\">&#8220;Apuntes sobre las guerras.&#8221;<\/a><\/p>\n<p>Read the full introduction on <a href=\"http:\/\/www.indybay.org\/newsitems\/2011\/04\/16\/18677304.php\">Indybay<\/a>.<!--:--><!--:en--><\/p>\n<p><p>On today\u2019s show, we examine the new geography of war in the context of the \u201cold\u201d geography of Chiapas. We talk with a compa of ours on the ground in Chiapas, who reports on some of the most recent clashes of the low-intensity war in Mitzit\u00f3n, Bachaj\u00f3n, and Tila. We use these events, and the bigger picture in which they take place, to help us frame the conversation about the new letter from Subcomandante Marcos: <a href=\"http:\/\/www.elkilombo.org\/letter-from-subcomandante-insurgente-marcos-to-luis-villoro-on-war\/\">\u201cNotes on War.\u201d<\/a><\/p>\n<p>Read the full introduction on <a href=\"http:\/\/www.indybay.org\/newsitems\/2011\/04\/16\/18677304.php\">Indybay<\/a>.<\/p>\n<\/p>\n<p><!--:--><\/p>\n","protected":false},"excerpt":{"rendered":"<p>En este programa examinamos la &#8220;nueva geograf\u00eda&#8221; de la guerra en el contexto de la &#8220;vieja geograf\u00eda&#8221; de Chiapas. Hablamos con nuestro corresponsal especial en Chiapas, Alejandro Reyes, que reporta sobre el estado actual de la represi\u00f3n y la guerra de baja intensidad enfoc\u00e1ndose espec\u00edficamente en las comunidades de Mitzit\u00f3n, Bachaj\u00f3n, y Tila. Utilizamos estos [&hellip;]<\/p>\n","protected":false},"author":4,"featured_media":0,"comment_status":"open","ping_status":"open","sticky":false,"template":"","format":"standard","meta":{"footnotes":""},"categories":[1,45],"tags":[60,79,61,917,926,925,204,22,54,23,37,921,148,95,10],"class_list":["post-2536","post","type-post","status-publish","format-standard","hentry","category-audio","category-relatos-zapatistas","tag-agua-azul","tag-autonomia","tag-bachajon","tag-chiapas","tag-ezln","tag-frayba","tag-guerra","tag-mitziton","tag-otra-campana","tag-paramilitares","tag-presos-politicos","tag-relatos-zapatistas","tag-resistencia","tag-tila","tag-zapatismo"],"_links":{"self":[{"href":"https:\/\/radiozapatista.org\/index.php?rest_route=\/wp\/v2\/posts\/2536","targetHints":{"allow":["GET"]}}],"collection":[{"href":"https:\/\/radiozapatista.org\/index.php?rest_route=\/wp\/v2\/posts"}],"about":[{"href":"https:\/\/radiozapatista.org\/index.php?rest_route=\/wp\/v2\/types\/post"}],"author":[{"embeddable":true,"href":"https:\/\/radiozapatista.org\/index.php?rest_route=\/wp\/v2\/users\/4"}],"replies":[{"embeddable":true,"href":"https:\/\/radiozapatista.org\/index.php?rest_route=%2Fwp%2Fv2%2Fcomments&post=2536"}],"version-history":[{"count":0,"href":"https:\/\/radiozapatista.org\/index.php?rest_route=\/wp\/v2\/posts\/2536\/revisions"}],"wp:attachment":[{"href":"https:\/\/radiozapatista.org\/index.php?rest_route=%2Fwp%2Fv2%2Fmedia&parent=2536"}],"wp:term":[{"taxonomy":"category","embeddable":true,"href":"https:\/\/radiozapatista.org\/index.php?rest_route=%2Fwp%2Fv2%2Fcategories&post=2536"},{"taxonomy":"post_tag","embeddable":true,"href":"https:\/\/radiozapatista.org\/index.php?rest_route=%2Fwp%2Fv2%2Ftags&post=2536"}],"curies":[{"name":"wp","href":"https:\/\/api.w.org\/{rel}","templated":true}]}}